{"id":134850,"date":"2025-05-28T17:33:09","date_gmt":"2025-05-28T17:33:09","guid":{"rendered":"https:\/\/www.europesays.com\/fr\/134850\/"},"modified":"2025-05-28T17:33:09","modified_gmt":"2025-05-28T17:33:09","slug":"on-peut-creer-la-surprise-sur-ces-elections-municipales","status":"publish","type":"post","link":"https:\/\/www.europesays.com\/fr\/134850\/","title":{"rendered":"On peut cr\u00e9er la surprise sur ces \u00e9lections municipales"},"content":{"rendered":"<p>            Par<br \/>\n        <strong><br \/>\n            <a href=\"https:\/\/actu.fr\/auteur\/sports33\" title=\"Consulter tous les articles de Nicolas Gosselin\" rel=\"nofollow noopener\" target=\"_blank\">Nicolas Gosselin<\/a><br \/>\n        <\/strong><\/p>\n<p>        Publi\u00e9 le<\/p>\n<p>            28 mai 2025 \u00e0 18h34        <\/p>\n<p>Candidate d\u00e9sign\u00e9e par le <a href=\"https:\/\/actu.fr\/tag\/rassemblement-national-rn\" rel=\"nofollow noopener\" target=\"_blank\">Rassemblement national<\/a> pour les <a href=\"https:\/\/actu.fr\/tag\/municipales-2026\" rel=\"nofollow noopener\" target=\"_blank\">\u00e9lections municipales 2026<\/a> \u00e0 Bordeaux, <strong>Julie Rechagneux<\/strong> porte de grandes ambitions. La d\u00e9put\u00e9e europ\u00e9enne de 29 ans souhaite a minima atteindre le second tour pour que le parti de <a href=\"https:\/\/actu.fr\/tag\/marine-le-pen\" rel=\"nofollow noopener\" target=\"_blank\">Marine Le Pen<\/a> puisse<strong> avoir des \u00e9lus au conseil municipal<\/strong>. Ce qui n\u2019est pas le cas actuellement. Entretien.<\/p>\n<p class=\"ac-article-content__question wall-content\"><strong class=\"color-primary\">Actu : <\/strong>En 2020, le candidat du RN &#8211; Bruno Paluteau &#8211; n&rsquo;avait recueilli que 3 % des suffrages au premier tour. Ne vous envoie-t-on pas au casse-pipe ?<\/p>\n<p class=\" wall-content\"><strong class=\"color-primary\">Julie Rechagneux : <\/strong>En 2020, la campagne municipale avait \u00e9t\u00e9 compliqu\u00e9e avec le Covid qui commen\u00e7ait \u00e0 monter. Les m\u00e9dias en parlaient beaucoup, l&rsquo;ambiance globale a fait que les gens ne se sont pas int\u00e9ress\u00e9s \u00e0 cette \u00e9lection. <\/p>\n<p>Mais depuis, notre nombre de militants a augment\u00e9 \u00e0 Bordeaux. Puis, Bruno Paluteau avait r\u00e9uni 1 794 voix mais ce qui est tr\u00e8s encourageant, c&rsquo;est qu&rsquo;aux l\u00e9gislatives 2024, le RN a obtenu plus de 19 000 voix \u00e0 Bordeaux. On a quand m\u00eame un potentiel \u00e9lectoral int\u00e9ressant quand on sait que Pierre Hurmic a \u00e9t\u00e9 \u00e9lu maire avec 26 506 voix.<\/p>\n<p class=\"ac-article-content__question wall-content\">Si on poursuit le parall\u00e8le avec les derni\u00e8res l\u00e9gislatives, on s&rsquo;aper\u00e7oit que toutes les circonscriptions de la Gironde ont \u00e9t\u00e9 remport\u00e9es par le RN au premier tour&#8230; sauf celles de la m\u00e9tropole de Bordeaux.<\/p>\n<p class=\" wall-content\"><strong class=\"color-primary\">Julie Rechagneux : <\/strong>On sait tr\u00e8s bien que nos points de force sont plus dans la ruralit\u00e9 mais on voit aussi qu&rsquo;\u00e0 Bordeaux, depuis que l&rsquo;ins\u00e9curit\u00e9 a explos\u00e9*, on a de plus en plus d&rsquo;\u00e9lecteurs. Sur la 2e circonscription de la Gironde o\u00f9 j&rsquo;avais \u00e9t\u00e9 candidate en 2017, j&rsquo;avais fait 3,7 %. Et en 2024, la candidate RN a fait 14 %. On a une v\u00e9ritable force \u00e0 Bordeaux et il y a de plus en plus de gens qui se tournent vers nous et sont pr\u00eats \u00e0 s&rsquo;engager sur notre liste. <\/p>\n<p class=\"ac-article-content__question wall-content\">Pour autant, n&rsquo;avez-vous pas peur de souffrir d&rsquo;un d\u00e9ficit d&rsquo;image ? \u00c0 29 ans, vous \u00eates la plus jeune candidate d\u00e9clar\u00e9e et peu de gens vous connaissent encore&#8230;<\/p>\n<p class=\" wall-content\"><strong class=\"color-primary\">Julie Rechagneux : <\/strong>C&rsquo;est pour \u00e7a que je me suis annonc\u00e9e assez t\u00f4t et d\u00e8s le mois de septembre, on va lancer une campagne de terrain. On va commencer avec un questionnaire qu&rsquo;on va distribuer dans toute la ville. On va \u00eatre pr\u00e9sents sur les march\u00e9s et distribuer des tracts pour augmenter cette notori\u00e9t\u00e9 car elle s&rsquo;acquiert avec le temps. <\/p>\n<p>Cela va \u00eatre un des objectifs, de montrer qu&rsquo;on est pr\u00e9sents, qu&rsquo;on propose une alternative et rappeler aux \u00e9lecteurs les enjeux et l&rsquo;importance de ces \u00e9lections municipales. Et je pense que c&rsquo;est une force d&rsquo;avoir une candidate claire, qui est annonc\u00e9e assez t\u00f4t, contrairement \u00e0 la droite et au centre qui se bouffent un peu le nez autour de cinq \u00e0 six candidatures.<\/p>\n<p class=\"ac-article-content__question wall-content\">C&rsquo;est une aubaine pour vous, non ? Vous esp\u00e9rez pouvoir profiter de ce flou pour r\u00e9cup\u00e9rer des voix \u00e0 droite ?<\/p>\n<p class=\" wall-content\"><strong class=\"color-primary\">Julie Rechagneux : <\/strong>On b\u00e9n\u00e9ficiera forc\u00e9ment de voix \u00e0 droite. On a des \u00e9lecteurs, qui ont toujours vot\u00e9 pour Alain Jupp\u00e9 et qui se sentent un peu abandonn\u00e9s. Mais je ne veux pas d\u00e9finir ma campagne sur cet \u00e9chiquier politique qui me semble d\u00e9plac\u00e9. On a aussi un \u00e9lectorat historiquement de gauche, qui est tr\u00e8s populaire, notamment sur la rive droite. <\/p>\n<p>On va essayer de viser cet \u00e9lectorat et les abstentionnistes, toute une partie de Bordelais qui sont d\u00e9go\u00fbt\u00e9s par la politique. On va essayer de leur redonner espoir, de faire en sorte qu&rsquo;ils aient envie de reprendre l&rsquo;avenir de leur commune en main. <\/p>\n<p class=\"ac-article-content__question wall-content\">Quel est l&rsquo;objectif que vous vous \u00eates fix\u00e9s ?<\/p>\n<p class=\" wall-content\"><strong class=\"color-primary\">Julie Rechagneux : <\/strong>L&rsquo;objectif, c&rsquo;est de gagner. On ne part pas \u00e0 une \u00e9lection avec l&rsquo;id\u00e9e de perdre. Apr\u00e8s, on est conscients qu&rsquo;il y a un gros \u00e9lectorat \u00e0 Bordeaux, qui est plut\u00f4t situ\u00e9 \u00e0 gauche voire maintenant totalement \u00e9cologiste, comme on a pu le voir sur les derniers scrutins nationaux. <\/p>\n<p>L&rsquo;objectif est de rentrer au conseil municipal quoi qu&rsquo;il advienne. Que ce soit comme maire ou dans l&rsquo;opposition pour faire changer les choses de l&rsquo;int\u00e9rieur et tenter de faire adopter des mesures qui vont dans l&rsquo;int\u00e9r\u00eat des Bordelais. On peut cr\u00e9er la surprise sur ces \u00e9lections municipales et faire un score qui sera tr\u00e8s int\u00e9ressant. J&rsquo;esp\u00e8re faire au moins 13 % !<\/p>\n<p class=\"ac-article-content__question wall-content\">Qu&rsquo;est-ce qui vous rend confiante sur une qualification au second tour ?<\/p>\n<p class=\" wall-content\"><strong class=\"color-primary\">Julie Rechagneux : <\/strong>J&rsquo;ai fait la brocante des Quinconces, le 10 mai, et le march\u00e9 des Chartrons le lendemain. C&rsquo;est un march\u00e9 qui, historiquement, ne nous \u00e9tait pas favorable. Il y a quelques ann\u00e9es, quand on y allait, on ne distribuait pas un tract et l\u00e0, aujourd&rsquo;hui, l&rsquo;accueil est ph\u00e9nom\u00e9nal. <\/p>\n<p>On discute avec beaucoup de personnes, on sent qu&rsquo;il y a une dynamique. Les gens nous parlent d&rsquo;ins\u00e9curit\u00e9, c&rsquo;est le sujet qui revient beaucoup. Ils ont l&rsquo;impression que leur ville n&rsquo;est plus la m\u00eame. Jusqu&rsquo;alors, Bordeaux \u00e9tait une ville tr\u00e8s \u00e9pargn\u00e9e par l&rsquo;ins\u00e9curit\u00e9. C&rsquo;est un th\u00e8me de campagne assez fort pour nous. On consid\u00e8re que vivre en s\u00e9r\u00e9nit\u00e9, c&rsquo;est quand m\u00eame la premi\u00e8re des libert\u00e9s, c&rsquo;est ce qui rend heureux. <\/p>\n<p>*Si les chiffres du minist\u00e8re de l\u2019Int\u00e9rieur d\u00e9montrent une augmentation de la d\u00e9linquance entre 2016 et 2023, la situation a plut\u00f4t tendance \u00e0 se stabiliser en 2024, voire \u00e0 s\u2019am\u00e9liorer sur certains crit\u00e8res (vols \u00e0 la roulotte, cambriolages, violences sexuelles), nuance <a href=\"https:\/\/actu.fr\/nouvelle-aquitaine\/bordeaux_33063\/les-bordelais-se-sentent-en-insecurite-la-delinquance-explose-t-elle-vraiment-a-bordeaux_62573695.html\" rel=\"nofollow noopener\" target=\"_blank\">cet article d\u2019actu Bordeaux<\/a>.<\/p>\n<p class=\" wall-content\">Suivez toute l\u2019actualit\u00e9 de vos villes et m\u00e9dias favoris en vous inscrivant \u00e0 <a href=\"https:\/\/moncompte.actu.fr\" title=\"D\u00e9couvez Mon Actu\" rel=\"nofollow noopener\" data-trk=\"{&quot;cta&quot;:{&quot;action&quot;:&quot;https:\\\/\\\/moncompte.actu.fr&quot;,&quot;category&quot;:&quot;mon compte&quot;,&quot;from&quot;:&quot;article footer&quot;,&quot;name&quot;:&quot;Mon actu&quot;,&quot;type&quot;:&quot;cta&quot;}}\" target=\"_blank\">Mon Actu<\/a>.<\/p>\n","protected":false},"excerpt":{"rendered":"Par Nicolas Gosselin Publi\u00e9 le 28 mai 2025 \u00e0 18h34 Candidate d\u00e9sign\u00e9e par le Rassemblement national pour les&hellip;\n","protected":false},"author":2,"featured_media":134851,"comment_status":"","ping_status":"","sticky":false,"template":"","format":"standard","meta":{"footnotes":""},"categories":[2817],"tags":[1111,11,1997,4188,1777,674,1011,27,3434,12,2219,4860,316,2556,25],"class_list":{"0":"post-134850","1":"post","2":"type-post","3":"status-publish","4":"format-standard","5":"has-post-thumbnail","7":"category-bordeaux","8":"tag-actu","9":"tag-actualites","10":"tag-bordeaux","11":"tag-elections-municipales","12":"tag-eu","13":"tag-europe","14":"tag-fr","15":"tag-france","16":"tag-municipales-2026","17":"tag-news","18":"tag-nouvelle-aquitaine","19":"tag-pierre-hurmic","20":"tag-politique","21":"tag-rassemblement-national-rn","22":"tag-republique-francaise"},"share_on_mastodon":{"url":"https:\/\/pubeurope.com\/@fr\/114586661971338168","error":""},"_links":{"self":[{"href":"https:\/\/www.europesays.com\/fr\/wp-json\/wp\/v2\/posts\/134850","targetHints":{"allow":["GET"]}}],"collection":[{"href":"https:\/\/www.europesays.com\/fr\/wp-json\/wp\/v2\/posts"}],"about":[{"href":"https:\/\/www.europesays.com\/fr\/wp-json\/wp\/v2\/types\/post"}],"author":[{"embeddable":true,"href":"https:\/\/www.europesays.com\/fr\/wp-json\/wp\/v2\/users\/2"}],"replies":[{"embeddable":true,"href":"https:\/\/www.europesays.com\/fr\/wp-json\/wp\/v2\/comments?post=134850"}],"version-history":[{"count":0,"href":"https:\/\/www.europesays.com\/fr\/wp-json\/wp\/v2\/posts\/134850\/revisions"}],"wp:featuredmedia":[{"embeddable":true,"href":"https:\/\/www.europesays.com\/fr\/wp-json\/wp\/v2\/media\/134851"}],"wp:attachment":[{"href":"https:\/\/www.europesays.com\/fr\/wp-json\/wp\/v2\/media?parent=134850"}],"wp:term":[{"taxonomy":"category","embeddable":true,"href":"https:\/\/www.europesays.com\/fr\/wp-json\/wp\/v2\/categories?post=134850"},{"taxonomy":"post_tag","embeddable":true,"href":"https:\/\/www.europesays.com\/fr\/wp-json\/wp\/v2\/tags?post=134850"}],"curies":[{"name":"wp","href":"https:\/\/api.w.org\/{rel}","templated":true}]}}