{"id":134854,"date":"2025-05-28T17:35:15","date_gmt":"2025-05-28T17:35:15","guid":{"rendered":"https:\/\/www.europesays.com\/fr\/134854\/"},"modified":"2025-05-28T17:35:15","modified_gmt":"2025-05-28T17:35:15","slug":"toulouse-va-perdre-un-pilier-france-toulouse-fc","status":"publish","type":"post","link":"https:\/\/www.europesays.com\/fr\/134854\/","title":{"rendered":"Toulouse va perdre un pilier &#8211; France &#8211; Toulouse FC"},"content":{"rendered":"<p>Premier d\u00e9part de la Ville rose : son pr\u00e9sident.<\/p>\n<p>Le mercato n\u2019a pas encore ouvert ses portes que <strong>Toulouse perd l\u2019un de ses piliers<\/strong> : <strong>Damien Comolli devrait quitter le club tr\u00e8s prochainement,<\/strong> selon les informations de <a target=\"_blank\" href=\"https:\/\/www.lequipe.fr\/Football\/Actualites\/Damien-comolli-quitte-son-poste-de-president-de-toulouse\/1565658\" rel=\"nofollow noopener\">L\u2019\u00c9quipe<\/a>. Apr\u00e8s cinq ann\u00e9es pass\u00e9es au club depuis <a target=\"_blank\" href=\"https:\/\/www.sofoot.com\/breves\/le-tfc-officiellement-cede-a-redbird-capital-partners-france-toulouse\" rel=\"nofollow noopener\">le rachat par le groupe RedBird Capital Partners<\/a>, le natif de B\u00e9ziers aurait annonc\u00e9 ce mercredi aux salari\u00e9s qu\u2019il quittait son poste de pr\u00e9sident.<\/p>\n<p>Un rebond \u00e0 la Juventus ?<\/p>\n<p>Apr\u00e8s avoir \u00e9t\u00e9 manager g\u00e9n\u00e9ral \u00e0 Tottenham dans les ann\u00e9es 2000 puis directeur sportif de Liverpool au d\u00e9but des ann\u00e9es 2010, Comolli <strong>pourrait rebondir\u2026 \u00e0 la Juventus<\/strong> ! <a target=\"_blank\" href=\"https:\/\/www.sportmediaset.mediaset.it\/calcio\/juventus\/chi-e-damien-comolli-il-dirigente-che-piace-alla-juve_98740155-202502k.shtml\" rel=\"nofollow noopener\">La presse italienne<\/a> \u00e9voque depuis plusieurs jours un poste au sein du conseil d\u2019administration du club turinois.<\/p>\n<p>Apr\u00e8s <a target=\"_blank\" href=\"https:\/\/www.sofoot.com\/articles\/on-etait-aux-celebrations-du-titre-de-toulouse-ligue-2-j37-tfc-nimes-1\" rel=\"nofollow noopener\">un titre de champion de Ligue 2 en 2022<\/a>, <a target=\"_blank\" href=\"https:\/\/www.sofoot.com\/sujets\/toulouse-remporte-la-coupe-de-france\" rel=\"nofollow noopener\">une Coupe de France remport\u00e9e en 2023<\/a> et une belle campagne europ\u00e9enne en suivant, <strong>le TFC semblait avoir retrouv\u00e9 une stabilit\u00e9<\/strong> apr\u00e8s <a target=\"_blank\" href=\"https:\/\/www.sofoot.com\/breves\/olivier-sadran-conteste-a-son-tour-le-classement-de-la-ligue-1-france-toulouse\" rel=\"nofollow noopener\">une fin d\u2019\u00e8re Olivier Sadran compliqu\u00e9e<\/a>.<\/p>\n<p>La Ligue 1 va devoir se trouver <a target=\"_blank\" href=\"https:\/\/www.sofoot.com\/breves\/damien-comolli-dans-notre-classement-le-tfc-est-cinquieme-de-ligue-1\" rel=\"nofollow noopener\">un nouveau roi de la data<\/a>.<\/p>\n<p>\t\t\t\t\t\t\t\t\t\t<a class=\"lien-connexe\" href=\"https:\/\/www.sofoot.com\/breves\/toulouse-peste-contre-un-arrete-prefectoral-a-lencontre-de-ses-supporters-a-saint-etienne\" rel=\"nofollow noopener\" target=\"_blank\">Toulouse peste contre un arr\u00eat\u00e9 pr\u00e9fectoral \u00e0 l\u2019encontre de ses supporters \u00e0 Saint-\u00c9tienne<\/a>\t\t\t\t\t<\/p>\n","protected":false},"excerpt":{"rendered":"Premier d\u00e9part de la Ville rose : son pr\u00e9sident. Le mercato n\u2019a pas encore ouvert ses portes que&hellip;\n","protected":false},"author":2,"featured_media":134855,"comment_status":"","ping_status":"","sticky":false,"template":"","format":"standard","meta":{"footnotes":""},"categories":[2816],"tags":[1111,47,11,61,69,65,64,1777,674,63,1011,27,68,66,12,62,2680,70,25,67,2312],"class_list":{"0":"post-134854","1":"post","2":"type-post","3":"status-publish","4":"format-standard","5":"has-post-thumbnail","7":"category-toulouse","8":"tag-actu","9":"tag-actualite","10":"tag-actualites","11":"tag-actus-football","12":"tag-bundesliga","13":"tag-championnats-europeens","14":"tag-equipe-de-france","15":"tag-eu","16":"tag-europe","17":"tag-football","18":"tag-fr","19":"tag-france","20":"tag-ligua","21":"tag-ligue-1","22":"tag-news","23":"tag-news-foot","24":"tag-occitanie","25":"tag-premier-league","26":"tag-republique-francaise","27":"tag-serie-a","28":"tag-toulouse"},"share_on_mastodon":{"url":"https:\/\/pubeurope.com\/@fr\/114586670044112681","error":""},"_links":{"self":[{"href":"https:\/\/www.europesays.com\/fr\/wp-json\/wp\/v2\/posts\/134854","targetHints":{"allow":["GET"]}}],"collection":[{"href":"https:\/\/www.europesays.com\/fr\/wp-json\/wp\/v2\/posts"}],"about":[{"href":"https:\/\/www.europesays.com\/fr\/wp-json\/wp\/v2\/types\/post"}],"author":[{"embeddable":true,"href":"https:\/\/www.europesays.com\/fr\/wp-json\/wp\/v2\/users\/2"}],"replies":[{"embeddable":true,"href":"https:\/\/www.europesays.com\/fr\/wp-json\/wp\/v2\/comments?post=134854"}],"version-history":[{"count":0,"href":"https:\/\/www.europesays.com\/fr\/wp-json\/wp\/v2\/posts\/134854\/revisions"}],"wp:featuredmedia":[{"embeddable":true,"href":"https:\/\/www.europesays.com\/fr\/wp-json\/wp\/v2\/media\/134855"}],"wp:attachment":[{"href":"https:\/\/www.europesays.com\/fr\/wp-json\/wp\/v2\/media?parent=134854"}],"wp:term":[{"taxonomy":"category","embeddable":true,"href":"https:\/\/www.europesays.com\/fr\/wp-json\/wp\/v2\/categories?post=134854"},{"taxonomy":"post_tag","embeddable":true,"href":"https:\/\/www.europesays.com\/fr\/wp-json\/wp\/v2\/tags?post=134854"}],"curies":[{"name":"wp","href":"https:\/\/api.w.org\/{rel}","templated":true}]}}