{"id":134858,"date":"2025-05-28T17:37:09","date_gmt":"2025-05-28T17:37:09","guid":{"rendered":"https:\/\/www.europesays.com\/fr\/134858\/"},"modified":"2025-05-28T17:37:09","modified_gmt":"2025-05-28T17:37:09","slug":"pres-de-lille-un-incroyable-festin-avec-mets-et-bieres-attend-les-gourmets","status":"publish","type":"post","link":"https:\/\/www.europesays.com\/fr\/134858\/","title":{"rendered":"Pr\u00e8s de Lille. Un incroyable festin avec mets et bi\u00e8res attend les gourmets"},"content":{"rendered":"<p>            Par<br \/>\n        <strong><br \/>\n            <a href=\"https:\/\/actu.fr\/auteur\/hervine-mahaud\" title=\"Consulter tous les articles de Hervine Mahaud\" target=\"_blank\" rel=\"noopener\">Hervine Mahaud<\/a><br \/>\n        <\/strong><\/p>\n<p>        Publi\u00e9 le<\/p>\n<p>            28 mai 2025 \u00e0 17h40        <\/p>\n<p>Vous \u00eates gourmand, amateur de bi\u00e8re, ou vous souhaitez juste partager un moment convivial en famille ? Vous \u00eates au bon endroit. L\u2019association des <b>Jeunes Restaurateurs de France<\/b> vous convie \u00e0 son rendez-vous <b>Les chefs sous pression \u2013 d\u00e9gustation mets et bi\u00e8res<\/b>. Il se situera \u00e0 la <b>Cit\u00e9 des \u00c9changes <\/b>\u00e0 <b>Marcq-en-Bar\u0153ul<\/b>, pr\u00e8s de <a href=\"https:\/\/actu.fr\/lille\/\" target=\"_blank\" rel=\"noopener\">Lille<\/a>, le <b>dimanche 15 juin 2025 de 12h \u00e0 17h<\/b>.<\/p>\n<p>Les bi\u00e8res de la r\u00e9gion mises \u00e0 l\u2019honneur<\/p>\n<p class=\" wall-content\"><b>10 chefs<\/b> repr\u00e9sentant l\u2019ensemble de la <b>gastronomie fran\u00e7aise<\/b>, dont un chef venant du Royaume-Uni, r\u00e9aliseront des <b>mets d\u00e9licieux<\/b> en accord avec les <a href=\"https:\/\/actu.fr\/tag\/biere\" target=\"_blank\" rel=\"noopener\">bi\u00e8res<\/a> propos\u00e9es par <b>des brasseurs des Hauts-de-France. <\/b>De quoi faire briller notre patrimoine gastronomique local !<\/p>\n<p class=\" wall-content\"><a href=\"https:\/\/www.instagram.com\/p\/DI3wHeEIv1K\/embed\" title=\"Ouvrir le lien sur Instagram\" target=\"_blank\" rel=\"noopener\">Visualiser le contenu sur Instagram<\/a><\/p>\n<p class=\" wall-content\">\u00c0 l\u2019initiative d\u2019Alexandre Montois et Anne-Sophie Despres, g\u00e9rants du <a href=\"https:\/\/actu.fr\/hauts-de-france\/lille_59350\/lille-lannexe-1er-restaurant-dalexandre-montois-anne-sophie-despres_17375386.html\" target=\"_blank\" rel=\"noopener\">restaurant bistronomique <b>L\u2019Annexe<\/b> \u00e0 Lille<\/a>, l\u2019objectif \u00e9tait de favoriser la rencontre entre chefs et brasseurs tout en offrant une <b>exp\u00e9rience unique au public<\/b>.<\/p>\n<p>Un parcours gourmand et convivial \u00e0 savourer sans mod\u00e9ration<\/p>\n<p class=\" wall-content\"><b>Deux p\u00f4les de d\u00e9gustation <\/b>vous seront propos\u00e9s, chacun permettant de d\u00e9couvrir quatre bouch\u00e9es sal\u00e9es, une sucr\u00e9e ainsi qu\u2019une s\u00e9lection de cinq bi\u00e8res. En famille, en couple ou entre amis, naviguez entre les p\u00f4les afin de go\u00fbter ce qu\u2019il vous fait plaisir. Une carte de d\u00e9gustation vous accompagnera tout au long de votre parcours gourmand et sera tamponn\u00e9e \u00e0 chaque stand.<\/p>\n<p class=\" wall-content\">L\u2019\u00e9v\u00e8nement pourra accueillir jusqu\u2019\u00e0 <b>500 convives<\/b>, dont <b>100 enfants<\/b>. Ne tardez pas \u00e0 prendre <a href=\"https:\/\/www.helloasso.com\/associations\/association-jre-france\/evenements\/les-chefs-sous-pression-degustation-mets-et-bieres\" target=\"_blank\" rel=\"noopener\">votre place sur la billetterie<\/a> ! Comptez 40\u20ac pour une d\u00e9gustation de 5 mets, 10\u20ac pour la d\u00e9gustation de 5 bi\u00e8res (12 cl par verre), et 15\u20ac pour une entr\u00e9e enfant (-15 ans) incluant un plat, un dessert et une boisson.<\/p>\n<p>Vid\u00e9os : en ce moment sur ActuInfos pratiques :<b> <\/b>Les chefs sous pression \u2013 d\u00e9gustation mets et bi\u00e8res, dimanche 15 juin 2025, de 12h \u00e0 17h. Cit\u00e9 des \u00c9changes \u00e0 Marcq-en-Bar\u0153ul. Plus d\u2019infos <a href=\"https:\/\/jre.eu\/fr\/evenement-les-chefs-sous-pression\" target=\"_blank\" rel=\"noopener\">en cliquant ici<\/a>.<\/p>\n<p class=\" wall-content\">Suivez toute l\u2019actualit\u00e9 de vos villes et m\u00e9dias favoris en vous inscrivant \u00e0 <a href=\"https:\/\/moncompte.actu.fr\" title=\"D\u00e9couvez Mon Actu\" rel=\"nofollow noopener\" data-trk=\"{&quot;cta&quot;:{&quot;action&quot;:&quot;https:\\\/\\\/moncompte.actu.fr&quot;,&quot;category&quot;:&quot;mon compte&quot;,&quot;from&quot;:&quot;article footer&quot;,&quot;name&quot;:&quot;Mon actu&quot;,&quot;type&quot;:&quot;cta&quot;}}\" target=\"_blank\">Mon Actu<\/a>.<\/p>\n<p>                    <script async src=\"\/\/www.instagram.com\/embed.js\"><\/script><\/p>\n","protected":false},"excerpt":{"rendered":"Par Hervine Mahaud Publi\u00e9 le 28 mai 2025 \u00e0 17h40 Vous \u00eates gourmand, amateur de bi\u00e8re, ou vous&hellip;\n","protected":false},"author":2,"featured_media":134859,"comment_status":"","ping_status":"","sticky":false,"template":"","format":"standard","meta":{"footnotes":""},"categories":[2815],"tags":[1111,11,7722,1777,674,1011,27,1661,811,1307,1652,12,25,1340],"class_list":{"0":"post-134858","1":"post","2":"type-post","3":"status-publish","4":"format-standard","5":"has-post-thumbnail","7":"category-lille","8":"tag-actu","9":"tag-actualites","10":"tag-biere","11":"tag-eu","12":"tag-europe","13":"tag-fr","14":"tag-france","15":"tag-gastronomie","16":"tag-hauts-de-france","17":"tag-lille","18":"tag-loisirs-culture","19":"tag-news","20":"tag-republique-francaise","21":"tag-restaurant"},"share_on_mastodon":{"url":"https:\/\/pubeurope.com\/@fr\/114586677650474125","error":""},"_links":{"self":[{"href":"https:\/\/www.europesays.com\/fr\/wp-json\/wp\/v2\/posts\/134858","targetHints":{"allow":["GET"]}}],"collection":[{"href":"https:\/\/www.europesays.com\/fr\/wp-json\/wp\/v2\/posts"}],"about":[{"href":"https:\/\/www.europesays.com\/fr\/wp-json\/wp\/v2\/types\/post"}],"author":[{"embeddable":true,"href":"https:\/\/www.europesays.com\/fr\/wp-json\/wp\/v2\/users\/2"}],"replies":[{"embeddable":true,"href":"https:\/\/www.europesays.com\/fr\/wp-json\/wp\/v2\/comments?post=134858"}],"version-history":[{"count":0,"href":"https:\/\/www.europesays.com\/fr\/wp-json\/wp\/v2\/posts\/134858\/revisions"}],"wp:featuredmedia":[{"embeddable":true,"href":"https:\/\/www.europesays.com\/fr\/wp-json\/wp\/v2\/media\/134859"}],"wp:attachment":[{"href":"https:\/\/www.europesays.com\/fr\/wp-json\/wp\/v2\/media?parent=134858"}],"wp:term":[{"taxonomy":"category","embeddable":true,"href":"https:\/\/www.europesays.com\/fr\/wp-json\/wp\/v2\/categories?post=134858"},{"taxonomy":"post_tag","embeddable":true,"href":"https:\/\/www.europesays.com\/fr\/wp-json\/wp\/v2\/tags?post=134858"}],"curies":[{"name":"wp","href":"https:\/\/api.w.org\/{rel}","templated":true}]}}