{"id":134876,"date":"2025-05-28T17:47:09","date_gmt":"2025-05-28T17:47:09","guid":{"rendered":"https:\/\/www.europesays.com\/fr\/134876\/"},"modified":"2025-05-28T17:47:09","modified_gmt":"2025-05-28T17:47:09","slug":"des-ong-colorent-une-fontaine-en-rouge-a-paris-pour-dire-stop-au-bain-de-sang-a-gaza","status":"publish","type":"post","link":"https:\/\/www.europesays.com\/fr\/134876\/","title":{"rendered":"Des ONG colorent une fontaine en rouge \u00e0 Paris pour dire \u00ab\u00a0stop au bain de sang\u00a0\u00bb \u00e0 Gaza"},"content":{"rendered":"<p>\u00ab\u00a0Stop au bain de sang\u00a0\u00bb, \u00ab\u00a0Macron doit enfin agir\u00a0\u00bb: une poign\u00e9e de militants se sont donn\u00e9 rendez-vous en d\u00e9but de matin\u00e9e \u00e0 la fontaine des Innocents, \u00e0 Paris, o\u00f9 ils ont d\u00e9vers\u00e9 plusieurs litres de colorant alimentaire rouge sur les marches du bassin et brandi des pancartes appelant les autorit\u00e9s \u00e0 l&rsquo;action face au d\u00e9sastre humanitaire \u00e0 Gaza.<\/p>\n<p>Cette op\u00e9ration organis\u00e9e par Greenpeace France, Oxfam France, Amnesty International France, M\u00e9decins du Monde et Ek? vise \u00e0 \u00ab\u00a0d\u00e9noncer la lenteur d&rsquo;action de la France face \u00e0 l&rsquo;urgence humanitaire absolue dans laquelle se trouve la population de Gaza\u00a0\u00bb, selon un communiqu\u00e9.<\/p>\n<p>\u00ab\u00a0Les personnes \u00e0 Gaza ont besoin de tout, c&rsquo;est une question de survie\u00a0\u00bb, a rappel\u00e9 Cl\u00e9mence Lagouardat, qui a coordonn\u00e9 la r\u00e9ponse humanitaire d&rsquo;Oxfam \u00e0 Gaza pendant cinq mois, d\u00e9non\u00e7ant la \u00ab\u00a0prolongation du blocage avec rien qui n&rsquo;entre dans la bande de Gaza depuis bient\u00f4t presque trois mois\u00a0\u00bb.<\/p>\n<p>Isra\u00ebl a repris au compte-gouttes la semaine derni\u00e8re la livraison d&rsquo;aide humanitaire dans la bande de Gaza, apr\u00e8s plus de deux mois d&rsquo;un blocus total de l&rsquo;enclave de 2,4 millions d&rsquo;habitants.<\/p>\n<p>\u00ab\u00a0Il y a un g\u00e9nocide en cours et l&rsquo;inaction politique devient une sorte de complicit\u00e9 de ce g\u00e9nocide. On ne peut pas dire qu&rsquo;on ne savait pas, on ne peut pas dire qu&rsquo;on ne voit pas ce qui se passe, on ne peut pas dire qu&rsquo;on n&rsquo;est pas au courant de l&rsquo;ampleur des massacres (&#8230;), des risques engendr\u00e9s par le blocus humanitaire face \u00e0 des centaines de milliers de personnes qui peuvent mourir du jour au lendemain\u00a0\u00bb, a d\u00e9nonc\u00e9 Jean-Fran\u00e7ois Julliard, directeur g\u00e9n\u00e9ral de Greenpeace France.<\/p>\n<p>              <img ci-src=\"https:\/\/www.nicematin.com\/conflits\/afp\/f82359b06da12c4e144fdef79cd5cf0c51411f5f-RwoSnvTj.jpg?vh=1e73b5&amp;ci_seal=2dfeba959f\" alt=\"\"\/><br \/>\n        Jean-Fran\u00e7ois Julliard, directeur g\u00e9n\u00e9ral de Greenpeace France, s&rsquo;adresse aux m\u00e9dias devant la Fontaine des Innocents color\u00e9e en rouge, lors d&rsquo;une manifestation de soutien au peuple palestinien, le 28 mai 2025 \u00e0 Paris <strong>AFP \/ Leo VIGNAL.<\/strong> <\/p>\n<p>Ces ONG r\u00e9clament notamment aux \u00c9tats \u00ab\u00a0ayant de l&rsquo;influence sur Isra\u00ebl\u00a0\u00bb de faire pression pour un \u00ab\u00a0cessez-le-feu imm\u00e9diat et durable\u00a0\u00bb, un \u00ab\u00a0embargo complet sur les armes\u00a0\u00bb, un soutien aux proc\u00e9dures judiciaires en cours devant la Cour p\u00e9nale internationale, la mise en ?uvre des d\u00e9cisions de la Cour internationale de justice, et la \u00ab\u00a0r\u00e9vision de l&rsquo;accord d?association Union europ\u00e9enne-Isra\u00ebl\u00a0\u00bb.<\/p>\n<p>En r\u00e9ponse \u00e0 l&rsquo;attaque sans pr\u00e9c\u00e9dent men\u00e9e en Isra\u00ebl par des commandos du Hamas le 7 octobre 2023, l&rsquo;arm\u00e9e isra\u00e9lienne m\u00e8ne depuis plus de 19 mois une offensive dans la bande de Gaza visant \u00e0 d\u00e9truire le mouvement islamiste.<\/p>\n<p>L&rsquo;attaque du 7 octobre 2023 a entra\u00een\u00e9 la mort de 1.218 personnes c\u00f4t\u00e9 isra\u00e9lien, majoritairement des civils, selon un d\u00e9compte de l&rsquo;AFP bas\u00e9 sur des donn\u00e9es officielles. Sur les 251 personnes alors enlev\u00e9es, 57 restent retenues \u00e0 Gaza, dont 34 d\u00e9clar\u00e9es mortes par l&rsquo;arm\u00e9e.<\/p>\n<p>Plus de 54.056 Palestiniens, majoritairement des civils, ont \u00e9t\u00e9 tu\u00e9s par la campagne de repr\u00e9sailles isra\u00e9liennes, selon des donn\u00e9es du minist\u00e8re de la Sant\u00e9 du Hamas, jug\u00e9es fiables par l&rsquo;ONU.<\/p>\n","protected":false},"excerpt":{"rendered":"\u00ab\u00a0Stop au bain de sang\u00a0\u00bb, \u00ab\u00a0Macron doit enfin agir\u00a0\u00bb: une poign\u00e9e de militants se sont donn\u00e9 rendez-vous en&hellip;\n","protected":false},"author":2,"featured_media":134877,"comment_status":"","ping_status":"","sticky":false,"template":"","format":"standard","meta":{"footnotes":""},"categories":[1888],"tags":[11,10411,1777,674,1011,27,12,626,25],"class_list":{"0":"post-134876","1":"post","2":"type-post","3":"status-publish","4":"format-standard","5":"has-post-thumbnail","7":"category-paris","8":"tag-actualites","9":"tag-conflits","10":"tag-eu","11":"tag-europe","12":"tag-fr","13":"tag-france","14":"tag-news","15":"tag-paris","16":"tag-republique-francaise"},"share_on_mastodon":{"url":"https:\/\/pubeurope.com\/@fr\/114586717434056315","error":""},"_links":{"self":[{"href":"https:\/\/www.europesays.com\/fr\/wp-json\/wp\/v2\/posts\/134876","targetHints":{"allow":["GET"]}}],"collection":[{"href":"https:\/\/www.europesays.com\/fr\/wp-json\/wp\/v2\/posts"}],"about":[{"href":"https:\/\/www.europesays.com\/fr\/wp-json\/wp\/v2\/types\/post"}],"author":[{"embeddable":true,"href":"https:\/\/www.europesays.com\/fr\/wp-json\/wp\/v2\/users\/2"}],"replies":[{"embeddable":true,"href":"https:\/\/www.europesays.com\/fr\/wp-json\/wp\/v2\/comments?post=134876"}],"version-history":[{"count":0,"href":"https:\/\/www.europesays.com\/fr\/wp-json\/wp\/v2\/posts\/134876\/revisions"}],"wp:featuredmedia":[{"embeddable":true,"href":"https:\/\/www.europesays.com\/fr\/wp-json\/wp\/v2\/media\/134877"}],"wp:attachment":[{"href":"https:\/\/www.europesays.com\/fr\/wp-json\/wp\/v2\/media?parent=134876"}],"wp:term":[{"taxonomy":"category","embeddable":true,"href":"https:\/\/www.europesays.com\/fr\/wp-json\/wp\/v2\/categories?post=134876"},{"taxonomy":"post_tag","embeddable":true,"href":"https:\/\/www.europesays.com\/fr\/wp-json\/wp\/v2\/tags?post=134876"}],"curies":[{"name":"wp","href":"https:\/\/api.w.org\/{rel}","templated":true}]}}