{"id":134880,"date":"2025-05-28T17:49:08","date_gmt":"2025-05-28T17:49:08","guid":{"rendered":"https:\/\/www.europesays.com\/fr\/134880\/"},"modified":"2025-05-28T17:49:08","modified_gmt":"2025-05-28T17:49:08","slug":"le-kremlin-envoie-des-invitations-kiev-lache-ses-drones","status":"publish","type":"post","link":"https:\/\/www.europesays.com\/fr\/134880\/","title":{"rendered":"Le Kremlin envoie des invitations, Kiev l\u00e2che ses drones"},"content":{"rendered":"<p><strong>r\u00e9cap &#8211; \u00ab\u00a020 Minutes\u00a0\u00bb fait le point pour vous tous les soirs sur le conflit en Ukraine. Ce mercredi, le Kremlin a invit\u00e9 les Ukrainiens \u00e0 une deuxi\u00e8me r\u00e9union de pourparlers. Une nouvelle fois en Turquie<\/strong><\/p>\n<p>Vous avez rat\u00e9 les derniers \u00e9v\u00e9nements sur la <a href=\"https:\/\/www.20minutes.fr\/monde\/ukraine\/?at_medium=RSS%20feed&amp;at_campaign=ynews&amp;utm_source=yahoo&amp;utm_medium=rss&amp;utm_campaign=news_feed&amp;utm_content=in_article_link\" rel=\"nofollow noopener\" target=\"_blank\" data-ylk=\"slk:guerre en Ukraine;elm:context_link;itc:0;sec:content-canvas\" class=\"link \">guerre en Ukraine<\/a>\u00a0? 20 Minutes fait le point pour vous tous les soirs. Voici l\u2019essentiel de ce mercredi 28\u00a0mai, 1.190e jour du conflit.<\/p>\n<p>Le fait du jour<\/p>\n<p>On prend les m\u00eames et on recommence\u00a0? Ce mercredi, la <a href=\"https:\/\/www.20minutes.fr\/monde\/russie\/?at_medium=RSS%20feed&amp;at_campaign=ynews&amp;utm_source=yahoo&amp;utm_medium=rss&amp;utm_campaign=news_feed&amp;utm_content=in_article_link\" rel=\"nofollow noopener\" target=\"_blank\" data-ylk=\"slk:Russie;elm:context_link;itc:0;sec:content-canvas\" class=\"link \">Russie<\/a> a propos\u00e9 \u00e0 l\u2019Ukraine une deuxi\u00e8me s\u00e9ance de pourparlers directs \u00e0 Istanbul, le lundi 2\u00a0juin, afin de lui transmettre son \u00ab\u00a0m\u00e9morandum\u00a0\u00bb cens\u00e9 exposer les conditions russes pour un accord de paix durable<\/p>\n<p>\u00ab\u00a0Notre d\u00e9l\u00e9gation [\u2026] est pr\u00eate \u00e0 pr\u00e9senter ce m\u00e9morandum \u00e0 la d\u00e9l\u00e9gation ukrainienne et \u00e0 fournir les explications n\u00e9cessaires lors d\u2019un deuxi\u00e8me cycle de n\u00e9gociations directes\u00a0\u00bb, a d\u00e9clar\u00e9 le ministre russe des Affaires \u00e9trang\u00e8res, <a href=\"https:\/\/www.20minutes.fr\/monde\/serguei-lavrov\/?at_medium=RSS%20feed&amp;at_campaign=ynews&amp;utm_source=yahoo&amp;utm_medium=rss&amp;utm_campaign=news_feed&amp;utm_content=in_article_link\" rel=\"nofollow noopener\" target=\"_blank\" data-ylk=\"slk:Sergue\u00ef Lavrov;elm:context_link;itc:0;sec:content-canvas\" class=\"link \">Sergue\u00ef Lavrov<\/a>. Il a aussi indiqu\u00e9 que, comme la derni\u00e8re fois, la d\u00e9l\u00e9gation russe serait conduite par le diplomate Vladimir Medinski, ancien ministre de la Culture et \u00e9crivain nationaliste.<\/p>\n<p>Avant de lancer cette nouvelle \u00ab\u00a0invitation\u00a0\u00bb en Turquie, le Kremlin avait repouss\u00e9 l\u2019id\u00e9e de <a href=\"https:\/\/www.20minutes.fr\/monde\/volodymyr-zelensky\/?at_medium=RSS%20feed&amp;at_campaign=ynews&amp;utm_source=yahoo&amp;utm_medium=rss&amp;utm_campaign=news_feed&amp;utm_content=in_article_link\" rel=\"nofollow noopener\" target=\"_blank\" data-ylk=\"slk:Volodymyr Zelensky;elm:context_link;itc:0;sec:content-canvas\" class=\"link \">Volodymyr Zelensky<\/a> d\u2019organiser une rencontre au sommet \u00ab\u00a0tripartite\u00a0\u00bb avec Vladimir Poutine et <a href=\"https:\/\/www.20minutes.fr\/dossier\/donald_trump?at_medium=RSS%20feed&amp;at_campaign=ynews&amp;utm_source=yahoo&amp;utm_medium=rss&amp;utm_campaign=news_feed&amp;utm_content=in_article_link\" rel=\"nofollow noopener\" target=\"_blank\" data-ylk=\"slk:Donald Trump;elm:context_link;itc:0;sec:content-canvas\" class=\"link \">Donald Trump<\/a>.<\/p>\n<p>Lors du premier round \u00e0 Istanbul, le 16\u00a0mai, le seul r\u00e9sultat tangible a \u00e9t\u00e9 l\u2019accord sur l\u2019\u00e9change de 1.000 prisonniers de guerre de part et d\u2019autre. Il a eu lieu entre vendredi et dimanche derniers.<\/p>\n<p>La d\u00e9claration du jour<\/p>\n<blockquote class=\"caas-blockquote\">\n<p>\u00ab\u00a0Actuellement, [les Russes] massent des soldats dans la direction de Soumy. Plus de 50.000\u00a0\u00bb<\/p>\n<\/blockquote>\n<p>Selon Volodymyr Zelensky, Moscou regroupe des troupes la r\u00e9gion de Soumy (nord-est), en(&#8230;)<\/p>\n<p><a href=\"https:\/\/www.20minutes.fr\/monde\/ukraine\/4155947-20250528-guerre-ukraine-kremlin-envoie-invitations-kiev-lache-drones?at_medium=RSS%20feed&amp;at_campaign=ynews&amp;utm_source=yahoo&amp;utm_medium=rss&amp;utm_campaign=news_feed&amp;utm_content=read_more_link&quot;\" rel=\"nofollow noopener\" target=\"_blank\" data-ylk=\"slk:Lire la suite sur 20minutes;elm:context_link;itc:0;sec:content-canvas\" class=\"link \">Lire la suite sur 20minutes<\/a><\/p>\n<p>\u00c0 lire aussi :<br \/><a href=\"https:\/\/www.20minutes.fr\/sport\/tennis\/roland-garros\/4155314-20250528-roland-garros-2025-gens-font-plus-amalgame-athletes-russes-sentent-encore-stigmatises?at_medium=RSS%20feed&amp;at_campaign=ynews&amp;utm_source=yahoo&amp;utm_medium=rss&amp;utm_campaign=news_feed&amp;utm_content=related_content_link\" rel=\"nofollow noopener\" target=\"_blank\" data-ylk=\"slk:Roland-Garros 2025\u00a0: \u00ab\u00a0Les gens ne font plus l\u2019amalgame\u00a0\u00bb\u2026 Les athl\u00e8tes russes se sentent-ils encore stigmatis\u00e9s\u00a0?;elm:context_link;itc:0;sec:content-canvas\" class=\"link \">Roland-Garros 2025\u00a0: \u00ab\u00a0Les gens ne font plus l\u2019amalgame\u00a0\u00bb\u2026 Les athl\u00e8tes russes se sentent-ils encore stigmatis\u00e9s\u00a0?<\/a><br \/><a href=\"https:\/\/www.20minutes.fr\/monde\/ukraine\/4155656-20250527-guerre-ukraine-moscou-sites-petroliers-usines-jusqu-armee-ukrainienne-peut-frapper-russie?at_medium=RSS%20feed&amp;at_campaign=ynews&amp;utm_source=yahoo&amp;utm_medium=rss&amp;utm_campaign=news_feed&amp;utm_content=related_content_link\" rel=\"nofollow noopener\" target=\"_blank\" data-ylk=\"slk:Guerre en Ukraine\u00a0: Moscou, sites p\u00e9troliers, usines\u2026 Jusqu\u2019o\u00f9 l\u2019arm\u00e9e ukrainienne peut-elle frapper en Russie\u00a0?;elm:context_link;itc:0;sec:content-canvas\" class=\"link \">Guerre en Ukraine\u00a0: Moscou, sites p\u00e9troliers, usines\u2026 Jusqu\u2019o\u00f9 l\u2019arm\u00e9e ukrainienne peut-elle frapper en Russie\u00a0?<\/a><\/p>\n","protected":false},"excerpt":{"rendered":"r\u00e9cap &#8211; \u00ab\u00a020 Minutes\u00a0\u00bb fait le point pour vous tous les soirs sur le conflit en Ukraine. Ce&hellip;\n","protected":false},"author":2,"featured_media":134881,"comment_status":"","ping_status":"","sticky":false,"template":"","format":"standard","meta":{"footnotes":""},"categories":[1590],"tags":[642,11,1777,674,131,4998,2616,12,220,135,134],"class_list":{"0":"post-134880","1":"post","2":"type-post","3":"status-publish","4":"format-standard","5":"has-post-thumbnail","7":"category-ukraine","8":"tag-20-minutes","9":"tag-actualites","10":"tag-eu","11":"tag-europe","12":"tag-guerre-en-ukraine","13":"tag-kremlin","14":"tag-ministre-de-la-culture","15":"tag-news","16":"tag-ukraine","17":"tag-vladimir-poutine","18":"tag-volodymyr-zelensky"},"share_on_mastodon":{"url":"","error":""},"_links":{"self":[{"href":"https:\/\/www.europesays.com\/fr\/wp-json\/wp\/v2\/posts\/134880","targetHints":{"allow":["GET"]}}],"collection":[{"href":"https:\/\/www.europesays.com\/fr\/wp-json\/wp\/v2\/posts"}],"about":[{"href":"https:\/\/www.europesays.com\/fr\/wp-json\/wp\/v2\/types\/post"}],"author":[{"embeddable":true,"href":"https:\/\/www.europesays.com\/fr\/wp-json\/wp\/v2\/users\/2"}],"replies":[{"embeddable":true,"href":"https:\/\/www.europesays.com\/fr\/wp-json\/wp\/v2\/comments?post=134880"}],"version-history":[{"count":0,"href":"https:\/\/www.europesays.com\/fr\/wp-json\/wp\/v2\/posts\/134880\/revisions"}],"wp:featuredmedia":[{"embeddable":true,"href":"https:\/\/www.europesays.com\/fr\/wp-json\/wp\/v2\/media\/134881"}],"wp:attachment":[{"href":"https:\/\/www.europesays.com\/fr\/wp-json\/wp\/v2\/media?parent=134880"}],"wp:term":[{"taxonomy":"category","embeddable":true,"href":"https:\/\/www.europesays.com\/fr\/wp-json\/wp\/v2\/categories?post=134880"},{"taxonomy":"post_tag","embeddable":true,"href":"https:\/\/www.europesays.com\/fr\/wp-json\/wp\/v2\/tags?post=134880"}],"curies":[{"name":"wp","href":"https:\/\/api.w.org\/{rel}","templated":true}]}}