{"id":134884,"date":"2025-05-28T17:51:08","date_gmt":"2025-05-28T17:51:08","guid":{"rendered":"https:\/\/www.europesays.com\/fr\/134884\/"},"modified":"2025-05-28T17:51:08","modified_gmt":"2025-05-28T17:51:08","slug":"linfluenceur-masculiniste-andrew-tate-inculpe-pour-viol-et-trafic-detres-humains","status":"publish","type":"post","link":"https:\/\/www.europesays.com\/fr\/134884\/","title":{"rendered":"l\u2019influenceur masculiniste Andrew Tate inculp\u00e9 pour \u00abviol\u00bb et \u00abtrafic d\u2019\u00eatres humains\u00bb"},"content":{"rendered":"<p>Onze chefs d\u2019inculpation ont \u00e9galement \u00e9t\u00e9 retenus contre Tristan Tate, le fr\u00e8re de l\u2019influenceur britannico-am\u00e9ricain.<\/p>\n<p class=\"fig-paragraph\">L\u2019<a href=\"http:\/\/www.lefigaro.fr\/flash-actu\/roumanie-l-influenceur-masculiniste-andrew-tate-place-en-residence-surveillee-20240822\" data-fig-type=\"NewsFlash\" data-gtm-custom-categorie=\"navigation\" data-gtm-custom-action=\"crossclick\" data-gtm-custom-label=\"Contextuel\" data-gtm-event=\"customEventSPE\" data-fig-domain=\"LEFIGARO\" rel=\"nofollow noopener\" target=\"_blank\">influenceur masculiniste<\/a>\u00a0britannico-am\u00e9ricain Andrew Tate et son fr\u00e8re Tristan ont \u00e9t\u00e9 inculp\u00e9s en janvier 2024 pour viol, trafic d\u2019\u00eatre humains et coups et blessures au Royaume-Uni, a annonc\u00e9 mercredi le bureau du procureur (CPS).<\/p>\n<p class=\"fig-paragraph\">Dix chefs d\u2019inculpation ont \u00e9t\u00e9 retenus \u00e0 l\u2019encontre d\u2019Andrew Tate, y compris celui de \u00abprox\u00e9n\u00e9tisme\u00bb, pour des faits concernant trois victimes pr\u00e9sum\u00e9es. Tristan Tate fait face \u00e0 onze chefs d\u2019inculpation pour des faits concernant une victime pr\u00e9sum\u00e9e.<\/p>\n","protected":false},"excerpt":{"rendered":"Onze chefs d\u2019inculpation ont \u00e9galement \u00e9t\u00e9 retenus contre Tristan Tate, le fr\u00e8re de l\u2019influenceur britannico-am\u00e9ricain. L\u2019influenceur masculiniste\u00a0britannico-am\u00e9ricain Andrew&hellip;\n","protected":false},"author":2,"featured_media":134885,"comment_status":"","ping_status":"","sticky":false,"template":"","format":"standard","meta":{"footnotes":""},"categories":[1588],"tags":[1111,47,11,1109,1112,1777,674,118,1108,107,1106,1107,27,2480,1110,1114,14,12,1113,316,473,1853,1851,1850,1852,1265],"class_list":{"0":"post-134884","1":"post","2":"type-post","3":"status-publish","4":"format-standard","5":"has-post-thumbnail","7":"category-royaume-uni","8":"tag-actu","9":"tag-actualite","10":"tag-actualites","11":"tag-breves","12":"tag-depeches","13":"tag-eu","14":"tag-europe","15":"tag-faits-divers","16":"tag-fil","17":"tag-fil-info","18":"tag-flash","19":"tag-flash-actu","20":"tag-france","21":"tag-influenceurs","22":"tag-informations","23":"tag-infos","24":"tag-international","25":"tag-news","26":"tag-nouvelles","27":"tag-politique","28":"tag-royaume-uni","29":"tag-royaume-uni-de-grande-bretagne-et-dirlande-du-nord","30":"tag-uk","31":"tag-united-kingdom","32":"tag-united-kingdom-of-great-britain-and-northern-ireland","33":"tag-viol"},"share_on_mastodon":{"url":"https:\/\/pubeurope.com\/@fr\/114586732643336271","error":""},"_links":{"self":[{"href":"https:\/\/www.europesays.com\/fr\/wp-json\/wp\/v2\/posts\/134884","targetHints":{"allow":["GET"]}}],"collection":[{"href":"https:\/\/www.europesays.com\/fr\/wp-json\/wp\/v2\/posts"}],"about":[{"href":"https:\/\/www.europesays.com\/fr\/wp-json\/wp\/v2\/types\/post"}],"author":[{"embeddable":true,"href":"https:\/\/www.europesays.com\/fr\/wp-json\/wp\/v2\/users\/2"}],"replies":[{"embeddable":true,"href":"https:\/\/www.europesays.com\/fr\/wp-json\/wp\/v2\/comments?post=134884"}],"version-history":[{"count":0,"href":"https:\/\/www.europesays.com\/fr\/wp-json\/wp\/v2\/posts\/134884\/revisions"}],"wp:featuredmedia":[{"embeddable":true,"href":"https:\/\/www.europesays.com\/fr\/wp-json\/wp\/v2\/media\/134885"}],"wp:attachment":[{"href":"https:\/\/www.europesays.com\/fr\/wp-json\/wp\/v2\/media?parent=134884"}],"wp:term":[{"taxonomy":"category","embeddable":true,"href":"https:\/\/www.europesays.com\/fr\/wp-json\/wp\/v2\/categories?post=134884"},{"taxonomy":"post_tag","embeddable":true,"href":"https:\/\/www.europesays.com\/fr\/wp-json\/wp\/v2\/tags?post=134884"}],"curies":[{"name":"wp","href":"https:\/\/api.w.org\/{rel}","templated":true}]}}