{"id":134888,"date":"2025-05-28T17:53:09","date_gmt":"2025-05-28T17:53:09","guid":{"rendered":"https:\/\/www.europesays.com\/fr\/134888\/"},"modified":"2025-05-28T17:53:09","modified_gmt":"2025-05-28T17:53:09","slug":"leurope-donne-le-coup-denvoi-au-28e-regime-pour-aider-ses-start-up","status":"publish","type":"post","link":"https:\/\/www.europesays.com\/fr\/134888\/","title":{"rendered":"L\u2019Europe donne le coup d\u2019envoi au \u00ab28e r\u00e9gime\u00bb pour aider ses start-up"},"content":{"rendered":"<p><strong>D\u00c9CRYPTAGE &#8211; <\/strong>La Commission europ\u00e9enne lance une strat\u00e9gie visant \u00e0 faire cro\u00eetre les jeunes pousses technologiques du continent.<\/p>\n<p class=\"fig-paragraph\">Ce sont plus d\u2019une vingtaine de mesures, qui doivent permettre \u00e0 l\u2019Europe de se hisser \u00e0 la hauteur des \u00c9tats-Unis et de\u00a0<a href=\"http:\/\/www.lefigaro.fr\/conjoncture\/comment-la-chine-fait-desormais-la-course-en-tete-sur-les-technologies-d-avenir-20240703\" target=\"_blank\" data-fig-type=\"Article\" rel=\"noopener\" data-gtm-custom-categorie=\"navigation\" data-gtm-custom-action=\"crossclick\" data-gtm-custom-label=\"Contextuel\" data-gtm-event=\"customEventSPE\" data-fig-domain=\"LEFIGARO\">la Chine<\/a>\u00a0en mati\u00e8re d\u2019\u00e9cosyst\u00e8me d\u2019innovation. Malgr\u00e9 un terreau fertile avec des talents, de bonnes universit\u00e9s et un march\u00e9 de 450\u00a0millions de consommateurs, l\u2019UE peine \u00e0 suivre le rythme des deux superpuissances technologique\u00a0<a href=\"http:\/\/www.lefigaro.fr\/secteur\/high-tech\/courir-un-110-metres-a-27-haies-malgre-un-terreau-fertile-les-start-up-peinent-a-grossir-en-europe-20240918\" target=\"_blank\" data-fig-type=\"Article\" rel=\"noopener\" data-gtm-custom-categorie=\"navigation\" data-gtm-custom-action=\"crossclick\" data-gtm-custom-label=\"Contextuel\" data-gtm-event=\"customEventSPE\" data-fig-domain=\"LEFIGARO\">lorsqu\u2019il s\u2019agit de cr\u00e9er des nouveaux champions.<\/a>\u00a0\u00ab\u00a0Nous cr\u00e9ons autant de start-up en Europe qu\u2019aux \u00c9tats-Unis. Il n\u2019y a aucun d\u00e9ficit de talent, de connaissance ou d\u2019esprit d\u2019entreprise. Le probl\u00e8me, c\u2019est que d\u00e8s que cela commence \u00e0 cro\u00eetre, on n\u2019arrive plus \u00e0 suivre\u00a0\u00bb, indique Pascal Canfin, d\u00e9put\u00e9 Renew.<\/p>\n<p class=\"fig-paragraph\">Ce constat est le point de base au vaste plan strat\u00e9gique d\u00e9voil\u00e9 mercredi par Bruxelles, qui \u00ab\u00a0vise \u00e0 faire de l\u2019Europe le meilleur endroit au monde pour lancer et d\u00e9velopper des entreprises mondiales ax\u00e9es sur la technologie, y compris des entreprises de deeptech\u00a0\u00bb. R\u00e9gulation, financement, initiatives de march\u00e9, acc\u00e8s aux infrastructures\u2026<\/p>\n<p class=\"fig-premium-paywall__infos\">\n        Cet article est r\u00e9serv\u00e9 aux abonn\u00e9s.        Il vous reste 82% \u00e0 d\u00e9couvrir.\n    <\/p>\n<p>                <img  data- alt=\"Le Figaro\" class=\"fig-img--complete fig-img\"\/><\/p>\n<p class=\"fig-premium-paywall__title\">Vente Flash<\/p>\n<p class=\"fig-premium-paywall__subtitle\">4,99\u20ac par mois pendant 12 mois. Sans engagement.<\/p>\n<p class=\"fig-premium-paywall__connect\">\n                D\u00e9j\u00e0 abonn\u00e9\u00a0?                <a class=\"fig-premium-paywall__connect-link\" href=\"https:\/\/connect.lefigaro.fr\/login?client=horizon_web&amp;type=main&amp;redirect_uri=https%3A%2F%2Fwww.lefigaro.fr%2Fsecteur%2Fhigh-tech%2Fl-europe-donne-le-coup-d-envoi-au-28e-regime-pour-aider-ses-start-up-20250528\" data-js-gtm=\"{&quot;customCategorie&quot;: &quot;conversion&quot;, &quot;customAction&quot;: &quot;before_Landing_Connexion_paywall_auto&quot;, &quot;customLabel&quot;: &quot;bGVmaWdhcm8uZnJfXzFmMDNiYmRmLTFhZjktNmMyMi1hN2JjLWNmNjZlNTU1ZDFkMl9fQXJ0aWNsZQ==_L\u2019Europe donne le coup d\u2019envoi au \u00ab28&lt;sup&gt;e&lt;\/sup&gt; r\u00e9gime\u00bb pour aider ses start-up_336&quot;, &quot;customIDSPE&quot;: &quot;bGVmaWdhcm8uZnJfXzFmMDNiYmRmLTFhZjktNmMyMi1hN2JjLWNmNjZlNTU1ZDFkMl9fQXJ0aWNsZQ==&quot;, &quot;event&quot;: &quot;customEventSPE&quot;}\" target=\"_blank\" rel=\"noopener\"><br \/>\n                    Connectez-vous<br \/>\n                <\/a>\n            <\/p>\n","protected":false},"excerpt":{"rendered":"D\u00c9CRYPTAGE &#8211; La Commission europ\u00e9enne lance une strat\u00e9gie visant \u00e0 faire cro\u00eetre les jeunes pousses technologiques du continent.&hellip;\n","protected":false},"author":2,"featured_media":134889,"comment_status":"","ping_status":"","sticky":false,"template":"","format":"standard","meta":{"footnotes":""},"categories":[1586],"tags":[47,11,722,723,1777,674,1011,27,727,726,142,310,655,720,12,719,25,724,675,725,717,718,721,728],"class_list":{"0":"post-134888","1":"post","2":"type-post","3":"status-publish","4":"format-standard","5":"has-post-thumbnail","7":"category-europe","8":"tag-actualite","9":"tag-actualites","10":"tag-blog","11":"tag-blogs","12":"tag-eu","13":"tag-europe","14":"tag-fr","15":"tag-france","16":"tag-gadget","17":"tag-gadgets","18":"tag-high-tech","19":"tag-internet","20":"tag-iphone","21":"tag-multimedia","22":"tag-news","23":"tag-nouvelles-technolgies","24":"tag-republique-francaise","25":"tag-smartphone","26":"tag-start-up","27":"tag-tablette","28":"tag-technologie","29":"tag-tic","30":"tag-web","31":"tag-widgets"},"share_on_mastodon":{"url":"https:\/\/pubeurope.com\/@fr\/114586740571736599","error":""},"_links":{"self":[{"href":"https:\/\/www.europesays.com\/fr\/wp-json\/wp\/v2\/posts\/134888","targetHints":{"allow":["GET"]}}],"collection":[{"href":"https:\/\/www.europesays.com\/fr\/wp-json\/wp\/v2\/posts"}],"about":[{"href":"https:\/\/www.europesays.com\/fr\/wp-json\/wp\/v2\/types\/post"}],"author":[{"embeddable":true,"href":"https:\/\/www.europesays.com\/fr\/wp-json\/wp\/v2\/users\/2"}],"replies":[{"embeddable":true,"href":"https:\/\/www.europesays.com\/fr\/wp-json\/wp\/v2\/comments?post=134888"}],"version-history":[{"count":0,"href":"https:\/\/www.europesays.com\/fr\/wp-json\/wp\/v2\/posts\/134888\/revisions"}],"wp:featuredmedia":[{"embeddable":true,"href":"https:\/\/www.europesays.com\/fr\/wp-json\/wp\/v2\/media\/134889"}],"wp:attachment":[{"href":"https:\/\/www.europesays.com\/fr\/wp-json\/wp\/v2\/media?parent=134888"}],"wp:term":[{"taxonomy":"category","embeddable":true,"href":"https:\/\/www.europesays.com\/fr\/wp-json\/wp\/v2\/categories?post=134888"},{"taxonomy":"post_tag","embeddable":true,"href":"https:\/\/www.europesays.com\/fr\/wp-json\/wp\/v2\/tags?post=134888"}],"curies":[{"name":"wp","href":"https:\/\/api.w.org\/{rel}","templated":true}]}}