{"id":134890,"date":"2025-05-28T17:54:15","date_gmt":"2025-05-28T17:54:15","guid":{"rendered":"https:\/\/www.europesays.com\/fr\/134890\/"},"modified":"2025-05-28T17:54:15","modified_gmt":"2025-05-28T17:54:15","slug":"lue-en-passe-de-reussir-ses-objectifs-de-decarbonation-pour-2030","status":"publish","type":"post","link":"https:\/\/www.europesays.com\/fr\/134890\/","title":{"rendered":"L\u2019UE, en passe de r\u00e9ussir ses objectifs de d\u00e9carbonation pour 2030 ?"},"content":{"rendered":"<p><strong>D\u00c9CRYPTAGE <\/strong>&#8211; Les pays membres de l\u2019Union europ\u00e9enne sont \u00ab\u00a0en bonne voie\u00a0\u00bb d\u2019atteindre les ambitions de d\u00e9carbonation pour la fin de la d\u00e9cennie, estime un rapport de la Commission europ\u00e9enne.<\/p>\n<p class=\"fig-paragraph\">L\u2019UE va-t-elle r\u00e9ussir, en fin de compte, \u00e0 atteindre ses ambitions de\u00a0<a href=\"http:\/\/www.lefigaro.fr\/conjoncture\/choose-france-quatre-projets-d-investissements-etrangers-a-plus-de-800-millions-d-euros-pour-decarboner-20250516\" data-fig-type=\"Article\" data-gtm-custom-categorie=\"navigation\" data-gtm-custom-action=\"crossclick\" data-gtm-custom-label=\"Contextuel\" data-gtm-event=\"customEventSPE\" data-fig-domain=\"LEFIGARO\" rel=\"nofollow noopener\" target=\"_blank\">d\u00e9carbonation\u00a0<\/a>pour 2030\u00a0? C\u2019est ce que laisser penser l\u2019\u00e9valuation d\u00e9voil\u00e9e mercredi 28\u00a0mai par la Commission europ\u00e9enne, qui s\u2019est pench\u00e9e sur les \u00ab\u00a0plans nationaux pour l\u2019\u00e9nergie et le climat (PNEC)\u00a0\u00bb que chaque \u00c9tat membre \u00e9tait tenu de soumettre \u00e0 Bruxelles avant le 30\u00a0juin 2024.<\/p>\n<p class=\"fig-paragraph\">Ces plans \u00e9tatiques servent \u00e0 ajuster les strat\u00e9gies nationales pour refl\u00e9ter les \u00e9volutions de la l\u00e9gislation de l\u2019UE sur le climat et l\u2019\u00e9nergie, notamment le paquet l\u00e9gislatif dit \u00ab\u00a0Fit for 55\u00a0\u00bb, et combler l\u2019\u00e9cart entre les politiques en place et les objectifs europ\u00e9ens \u00e0 l\u2019horizon 2030. Chaque PNEC d\u00e9taille les objectifs nationaux de\u00a0<a href=\"http:\/\/www.lefigaro.fr\/sciences\/reduction-des-emissions-de-gaz-a-effet-de-serre-semaine-cle-a-venir-pour-le-secteur-maritime-20250404\" data-fig-type=\"NewsFlash\" data-gtm-custom-categorie=\"navigation\" data-gtm-custom-action=\"crossclick\" data-gtm-custom-label=\"Contextuel\" data-gtm-event=\"customEventSPE\" data-fig-domain=\"LEFIGARO\" rel=\"nofollow noopener\" target=\"_blank\">r\u00e9duction des \u00e9missions<\/a>, le d\u00e9ploiement des \u00e9nergies renouvelables, les mesures d\u2019efficacit\u00e9 \u00e9nerg\u00e9tique ainsi que leurs financements.<\/p>\n<p class=\"fig-body-link\">\n            \u00c0 lire aussi<br \/>\n        <a class=\"fig-body-link__link fig-premium-mark\" href=\"http:\/\/sante.lefigaro.fr\/social\/sante-publique\/pieges-a-co2-sterilisation-des-males-controles-des-eaux-la-lutte-contre-les-moustiques-passe-par-une-combinaison-de-dispositifs-20250512\" data-fig-type=\"Article\" data-gtm-custom-categorie=\"navigation\" data-gtm-custom-action=\"crossclick\" data-gtm-custom-label=\"Contextuel\" data-gtm-event=\"customEventSPE\" data-fig-domain=\"SANTE\" rel=\"nofollow noopener\" target=\"_blank\">Pi\u00e8ges \u00e0 CO2, st\u00e9rilisation des m\u00e2les, contr\u00f4les des eaux\u00a0: la lutte contre les moustiques passe par une combinaison de dispositifs<br \/>\n    <\/a>\n<\/p>\n<p>Retard \u00e0 l\u2019allumage<\/p>\n<p class=\"fig-paragraph\">Apr\u00e8s un long retard \u00e0 l\u2019allumage \u2013 seuls cinq pays ont rendu leur copie en temps et en heure, et trois, la Pologne, l\u2019Estonie et la Belgique, manquent toujours\u2026<\/p>\n<p class=\"fig-premium-paywall__infos\">\n        Cet article est r\u00e9serv\u00e9 aux abonn\u00e9s.        Il vous reste 80% \u00e0 d\u00e9couvrir.\n    <\/p>\n<p>                <img  data- alt=\"Le Figaro\" class=\"fig-img--complete fig-img\"\/><\/p>\n<p class=\"fig-premium-paywall__title\">Vente Flash<\/p>\n<p class=\"fig-premium-paywall__subtitle\">4,99\u20ac par mois pendant 12 mois. Sans engagement.<\/p>\n<p class=\"fig-premium-paywall__connect\">\n                D\u00e9j\u00e0 abonn\u00e9\u00a0?                <a class=\"fig-premium-paywall__connect-link\" href=\"https:\/\/connect.lefigaro.fr\/login?client=horizon_web&amp;type=main&amp;redirect_uri=https%3A%2F%2Fwww.lefigaro.fr%2Fsciences%2Fl-ue-en-passe-de-reussir-ses-objectifs-de-decarbonation-pour-2030-20250528\" data-js-gtm=\"{&quot;customCategorie&quot;: &quot;conversion&quot;, &quot;customAction&quot;: &quot;before_Landing_Connexion_paywall_auto&quot;, &quot;customLabel&quot;: &quot;bGVmaWdhcm8uZnJfXzFmMDNiZDM5LWViZTgtNjBhOC1iODE5LWY5MmU2ZWEyMWI4N19fQXJ0aWNsZQ==_L\u2019UE, en passe de r\u00e9ussir ses objectifs de d\u00e9carbonation pour 2030\u00a0?_156&quot;, &quot;customIDSPE&quot;: &quot;bGVmaWdhcm8uZnJfXzFmMDNiZDM5LWViZTgtNjBhOC1iODE5LWY5MmU2ZWEyMWI4N19fQXJ0aWNsZQ==&quot;, &quot;event&quot;: &quot;customEventSPE&quot;}\" rel=\"nofollow noopener\" target=\"_blank\"><br \/>\n                    Connectez-vous<br \/>\n                <\/a>\n            <\/p>\n","protected":false},"excerpt":{"rendered":"D\u00c9CRYPTAGE &#8211; Les pays membres de l\u2019Union europ\u00e9enne sont \u00ab\u00a0en bonne voie\u00a0\u00bb d\u2019atteindre les ambitions de d\u00e9carbonation pour&hellip;\n","protected":false},"author":2,"featured_media":134891,"comment_status":"","ping_status":"","sticky":false,"template":"","format":"standard","meta":{"footnotes":""},"categories":[1586],"tags":[47,49,11,48,21947,51,1777,674,1779,54,1011,27,12,52,25,41,50,1778,364,53],"class_list":{"0":"post-134890","1":"post","2":"type-post","3":"status-publish","4":"format-standard","5":"has-post-thumbnail","7":"category-europe","8":"tag-actualite","9":"tag-actualite-scientifique","10":"tag-actualites","11":"tag-astronomie","12":"tag-co2","13":"tag-ecologie","14":"tag-eu","15":"tag-europe","16":"tag-european-union","17":"tag-faune-et-flore","18":"tag-fr","19":"tag-france","20":"tag-news","21":"tag-planete","22":"tag-republique-francaise","23":"tag-sciences","24":"tag-sciences-humaines","25":"tag-ue","26":"tag-union-europeenne","27":"tag-zoologie"},"share_on_mastodon":{"url":"https:\/\/pubeurope.com\/@fr\/114586744657092654","error":""},"_links":{"self":[{"href":"https:\/\/www.europesays.com\/fr\/wp-json\/wp\/v2\/posts\/134890","targetHints":{"allow":["GET"]}}],"collection":[{"href":"https:\/\/www.europesays.com\/fr\/wp-json\/wp\/v2\/posts"}],"about":[{"href":"https:\/\/www.europesays.com\/fr\/wp-json\/wp\/v2\/types\/post"}],"author":[{"embeddable":true,"href":"https:\/\/www.europesays.com\/fr\/wp-json\/wp\/v2\/users\/2"}],"replies":[{"embeddable":true,"href":"https:\/\/www.europesays.com\/fr\/wp-json\/wp\/v2\/comments?post=134890"}],"version-history":[{"count":0,"href":"https:\/\/www.europesays.com\/fr\/wp-json\/wp\/v2\/posts\/134890\/revisions"}],"wp:featuredmedia":[{"embeddable":true,"href":"https:\/\/www.europesays.com\/fr\/wp-json\/wp\/v2\/media\/134891"}],"wp:attachment":[{"href":"https:\/\/www.europesays.com\/fr\/wp-json\/wp\/v2\/media?parent=134890"}],"wp:term":[{"taxonomy":"category","embeddable":true,"href":"https:\/\/www.europesays.com\/fr\/wp-json\/wp\/v2\/categories?post=134890"},{"taxonomy":"post_tag","embeddable":true,"href":"https:\/\/www.europesays.com\/fr\/wp-json\/wp\/v2\/tags?post=134890"}],"curies":[{"name":"wp","href":"https:\/\/api.w.org\/{rel}","templated":true}]}}