{"id":134892,"date":"2025-05-28T17:55:09","date_gmt":"2025-05-28T17:55:09","guid":{"rendered":"https:\/\/www.europesays.com\/fr\/134892\/"},"modified":"2025-05-28T17:55:09","modified_gmt":"2025-05-28T17:55:09","slug":"au-proces-du-petit-bar-jusqua-13-ans-de-prison-et-plusieurs-mandats-darret-delivres","status":"publish","type":"post","link":"https:\/\/www.europesays.com\/fr\/134892\/","title":{"rendered":"au proc\u00e8s du Petit Bar, jusqu&rsquo;\u00e0 13 ans de prison et plusieurs mandats d&rsquo;arr\u00eat d\u00e9livr\u00e9s"},"content":{"rendered":"<p>\u00ab\u00a0Allons nous sonner le glas du Petit Bar\u00a0?\u00a0\u00bb, interrogeait Isabelle Candau, procureure de la juridiction interr\u00e9gionale sp\u00e9cialis\u00e9e (Jirs) de Marseille, en pr\u00e9ambule de son r\u00e9quisitoire, le 28 avril.<\/p>\n<p>Un mois plus tard, le tribunal correctionnel de Marseille, au terme de neuf semaines de d\u00e9bats, \u00e9tal\u00e9es sur trois mois, a rendu sa v\u00e9rit\u00e9 judiciaire, ce mercredi 28 mai 2025 pendant 1 h 15. Des peines allant d\u2019un an de prison avec sursis \u00e0 13 ans de prison ferme ont \u00e9t\u00e9 prononc\u00e9es contre 22 des 24 personnes soup\u00e7onn\u00e9es d&rsquo;avoir particip\u00e9, de pr\u00e8s ou de loin, \u00e0 un blanchiment massif des finances attribu\u00e9es par la justice \u00e0 la bande criminelle du Petit Bar. Deux d&rsquo;entre elles ont \u00e9t\u00e9 int\u00e9gralement relax\u00e9es. Environ 10 millions d&rsquo;euros d&rsquo;amende ont \u00e9t\u00e9 inflig\u00e9s \u00e0 l&rsquo;ensemble des condamn\u00e9s.<\/p>\n<p>Dix minutes avant que l&rsquo;audience ne d\u00e9marre, dix policiers, les escortes, p\u00e9n\u00e8trent dans la salle. Cependant, les pr\u00e9venus n&rsquo;\u00e9taient pas nombreux \u00e0 avoir regagn\u00e9 leur place dans la salle d&rsquo;audience pour entendre le d\u00e9lib\u00e9r\u00e9 prononc\u00e9 par Patricia Krummenacker. Une situation qui a conduit le tribunal \u00e0 prononcer plusieurs mandats d&rsquo;arr\u00eat \u00e0 l&rsquo;encontre de certains pr\u00e9venus condamn\u00e9s \u00e0 des peines de prison ferme.\u00a0<\/p>\n<p>La pr\u00e9sidente a pris le temps d&rsquo;expliquer aux sept pr\u00e9venus pr\u00e9sents ainsi qu&rsquo;aux nombreux avocats, les \u00e9l\u00e9ments retenus pour asseoir la culpabilit\u00e9 des pr\u00e9venus. En t\u00eate des infractions : la pr\u00e9somption de blanchiment.\u00a0<\/p>\n<p>Pour faire simple,\u00a0la pr\u00e9somption de blanchiment permet aux autorit\u00e9s judiciaires fran\u00e7aises de consid\u00e9rer qu&rsquo;une somme d&rsquo;argent d\u00e9tenue ou utilis\u00e9e de mani\u00e8re occulte est d&rsquo;origine illicite. Il s&rsquo;agit d&rsquo;une inversion de la charge de la preuve\u00a0: c&rsquo;est \u00e0 la personne qui prend des mesures de camouflage de d\u00e9montrer que l&rsquo;argent a \u00e9t\u00e9 obtenu de mani\u00e8re l\u00e9gitime.<\/p>\n<p>Plusieurs mandats de d\u00e9p\u00f4t \u00e0 la barre<\/p>\n<p>Les principaux membres de \u00ab\u00a0ce clan\u00a0\u00bb, selon les termes du parquet, ont \u00e9t\u00e9 condamn\u00e9s aux peines les plus s\u00e9v\u00e8res. Les deux grands absents de ce proc\u00e8s, Jacques Santoni (pour raisons m\u00e9dicales) et Micka\u00ebl Ettori (en fuite depuis septembre 2020), ont \u00e9cop\u00e9 de 13 et de 12 ans de prison et un mandat d&rsquo;arr\u00eat a \u00e9t\u00e9 d\u00e9cern\u00e9 pour les deux hommes.<\/p>\n<p>\u00c0 l\u2019encontre de Pascal Porri, qui comparaissait d\u00e9tenu dans cette affaire, le tribunal a prononc\u00e9 une peine de 10 ans de prison ferme. Il a par ailleurs \u00e9t\u00e9 relax\u00e9 pour les faits d&rsquo;extorsion \u00e0 l&rsquo;encontre de Jean-Marc Peretti.<\/p>\n<p>Andr\u00e9 Bacchiolelli, pr\u00e9venu libre qui a assist\u00e9 \u00e0 chaque journ\u00e9e d&rsquo;audience, se voit infliger une peine de 5 ans de prison, un mandat de d\u00e9p\u00f4t \u00e0 effet diff\u00e9r\u00e9 a \u00e9t\u00e9 prononc\u00e9 \u00e0 la barre alors que la pr\u00e9sidente, face \u00e0 sa venue au d\u00e9lib\u00e9r\u00e9, a salu\u00e9 son \u00ab\u00a0courage\u00a0\u00bb. \u00ab\u00a0Parce que je suis innocent\u00a0\u00bb, a r\u00e9pondu Andr\u00e9 Bacchiolelli.<\/p>\n<p>\u00ab\u00a0\u00catre ami avec Micka\u00ebl Ettori n&rsquo;est pas un d\u00e9lit\u00a0\u00bb<\/p>\n<p>Le minist\u00e8re public, repr\u00e9sentant l&rsquo;accusation, avait par ailleurs sollicit\u00e9 de lourdes peines \u00e0 l&rsquo;encontre de certaines de leurs compagnes au moment de l&rsquo;enqu\u00eate, notamment 9 ans et 6 ans de prison, avec mandat de d\u00e9p\u00f4t \u00e0 la barre, contre Sonia Susini, ex-femme de Jacques Santoni, et Saveria Lucchini, compagne de Micka\u00ebl Ettori. Le tribunal a revu \u00e0 la baisse le quantum des peines en pronon\u00e7ant 3 ans de prison ferme contre la premi\u00e8re et 30 mois ferme \u00e0 l&rsquo;encontre de la seconde, ces deux peines \u00e9tant n\u00e9anmoins assorties d&rsquo;un mandat d&rsquo;arr\u00eat.<\/p>\n<p>Un autre acteur cl\u00e9 de ce dossier, toujours selon l&rsquo;accusation, \u00e9tait sous la menace d&rsquo;une peine de prison ferme \u00e0 hauteur de 9 ann\u00e9es : Antony Perrino, un promoteur bien connu dans l&rsquo;\u00eele. \u00ab\u00a0Antony Perrino n&rsquo;est pas un oblig\u00e9, il agit dans l&rsquo;int\u00e9r\u00eat du Petit Bar. Certaines de ses soci\u00e9t\u00e9s sont mises \u00e0 sa disposition. Il y a une confusion de patrimoine\u00a0\u00bb, avait fustig\u00e9 Isabelle Candau dans son r\u00e9quisitoire.<\/p>\n<p>Cette mise en commun de ses biens ou de son carnet d&rsquo;adresses a toujours \u00e9t\u00e9 farouchement contest\u00e9e par l&rsquo;homme d&rsquo;affaires. Lors de sa plaidoirie, qui a cl\u00f4tur\u00e9 le tour de piste de la d\u00e9fense avant que le tribunal ne se retire pour d\u00e9lib\u00e9rer, Me Julien Pinelli a d&rsquo;ailleurs plaid\u00e9 qu\u2019\u00eatre \u00ab\u00a0ami avec Micka\u00ebl Ettori n&rsquo;est pas un d\u00e9lit\u00a0\u00bb. Le tribunal, qui s&rsquo;est forg\u00e9 sa v\u00e9rit\u00e9 judiciaire sur la base du dossier, a visiblement partiellement entendu ces arguments. Une peine de 30 mois de prison ferme, \u00e0 effectuer sous forme de bracelet \u00e9lectronique, a finalement \u00e9t\u00e9 prononc\u00e9e \u00e0 l&rsquo;encontre d&rsquo;Antony Perrino, ainsi qu&rsquo;une interdiction de g\u00e9rer durant 3 ans et une peine d&rsquo;amende de 750 000 euros.<\/p>\n<p>Ruissellement des esp\u00e8ces, Courchevel, Aubervilliers\u2026<\/p>\n<p>Ce dernier est notamment pr\u00e9sent\u00e9 comme un interm\u00e9diaire dans l&rsquo;affaire embl\u00e9matique de ce proc\u00e8s, celle dite de \u00ab\u00a0Courchevel\u00a0\u00bb, pour laquelle un riche homme d&rsquo;affaires, Jean-Pierre Valentini, \u00e9tait soup\u00e7onn\u00e9 d&rsquo;avoir investi dans des biens immobiliers, aux c\u00f4t\u00e9s de Fran\u00e7ois-Xavier Susini, pour le compte du Petit Bar dans la c\u00e9l\u00e8bre station de ski de Savoie. Mais selon le tribunal, la proc\u00e9dure n&rsquo;a pas permis d&rsquo;\u00e9tablir ces \u00e9l\u00e9ments.<\/p>\n<p>Aussi, Fran\u00e7ois-Xavier Susini, porteur du projet selon l&rsquo;accusation, a \u00e9t\u00e9 totalement relax\u00e9 \u00e0 ce proc\u00e8s.<\/p>\n<p>Jean-Pierre Valentini, \u00e9galement relax\u00e9 sur cet aspect, a en revanche \u00e9t\u00e9 condamn\u00e9 \u00e0 4 ans de prison avec sursis et une amende de 750 000 euros pour le r\u00e8glement de fausses factures \u00e9mises par les Chinois d&rsquo;Aubervilliers.<\/p>\n<p>L&rsquo;accusation a aussi longuement point\u00e9 la circulation, ou plut\u00f4t \u00ab\u00a0le ruissellement\u00a0\u00bb des esp\u00e8ces mis au jour durant le temps de l&rsquo;enqu\u00eate gr\u00e2ce aux sonorisations des appartements parisiens de Micka\u00ebl Ettori et de Jacques Santoni. \u00ab\u00a0On ne parle pas de dizaines ou de centaines d&rsquo;euros, mais plut\u00f4t de dizaines ou de centaines de milliers d&rsquo;euros lors d&rsquo;une op\u00e9ration de comptage qui aura dur\u00e9 45 minutes\u00a0\u00bb, avait mis en \u00e9vidence la procureure Candau. Un aspect largement retenu par le tribunal.<\/p>\n<p>\u00ab\u00a0Un discours de politique p\u00e9nale, une com \u00e0 destination de la population\u00a0\u00bb<\/p>\n<p>Au terme de son r\u00e9quisitoire, le minist\u00e8re public avait surtout fait le portrait de \u00ab\u00a0cette association de malfaiteurs\u00a0\u00bb qui \u00ab\u00a0cherche \u00e0 infiltrer toutes les strates, toutes les institutions, de mani\u00e8re insidieuse, par la violence, la menace, la contrainte\u00a0\u00bb.<\/p>\n<p>La procureure avait termin\u00e9 sur une note plus sombre encore, apr\u00e8s trois jours de r\u00e9quisitoire\u00a0: \u00ab\u00a0Aucune d\u00e9mocratie n&rsquo;est condamn\u00e9e \u00e0 cohabiter avec la mafia qui la gangr\u00e8ne. Pour la combattre, il faut prendre conscience de sa visibilit\u00e9, de son existence. Rendre visible ce qui est invisible. Il nous appartient de nommer le mal. Le Petit Bar a mis une chape de plomb sur la Corse-du-Sud, m\u00eame si ce n&rsquo;est pas la seule bande.\u00a0\u00bb<\/p>\n<p>Une estocade, au diapason du r\u00e9quisitoire, qui avait provoqu\u00e9 l&rsquo;ire de la d\u00e9fense, jugeant cette prise de parole davantage comme \u00ab\u00a0un discours de politique p\u00e9nale, une communication \u00e0 destination de la population\u00a0\u00bb plut\u00f4t qu&rsquo;un v\u00e9ritable r\u00e9quisitoire \u00ab\u00a0sur la base du droit\u00a0\u00bb.<\/p>\n<p>Si le tribunal a revu \u00e0 la baisse de nombreuses peines et prononc\u00e9, pour quasiment tous les pr\u00e9venus, des relaxes partielles, la s\u00e9v\u00e9rit\u00e9 est rest\u00e9e de mise pour les trois principaux membres du Petit Bar, les quantums inflig\u00e9s \u00e9tant \u00e0 peine en de\u00e7\u00e0 de ce qui avait \u00e9t\u00e9 requis les 28, 29 et 30 avril dernier.<\/p>\n<p>Les peines prononc\u00e9es\u00a0:<\/p>\n<p><a href=\"https:\/\/www.corsematin.com\/article\/faits-diversjustice\/1184043893688715\/proces-financier-du-petit-bar-jacques-santoni-demande-a-etre-juge-ulterieurement-le-tribunal-ecarte-cette-hypothese\" target=\"_blank\" rel=\"noopener\">Jacques Santoni\u00a0<\/a>:<\/p>\n<p>13 ans de prison ferme, mandat d&rsquo;arr\u00eat, 1 500 000 euros d&rsquo;amende.<\/p>\n<p>Requis\u00a0: 14 ans d&#8217;emprisonnement avec mandat d&rsquo;arr\u00eat. 2 millions d&rsquo;euros d&rsquo;amende.<\/p>\n<p><a href=\"https:\/\/www.corsematin.com\/article\/faits-diversjustice\/33111903598642\/quand-la-bande-criminelle-du-petit-bar-roulait-en-porsche-aux-frais-dantony-perrino-promoteur-immobilier-a-ajaccio\" target=\"_blank\" rel=\"noopener\">Micka\u00ebl Ettori\u00a0<\/a>:<\/p>\n<p>12 ans de prison ferme, mandat d&rsquo;arr\u00eat, 1 500 000 euros d&rsquo;amende.<\/p>\n<p>Requis\u00a0: 14 ans de prison assortis d&rsquo;un mandat d&rsquo;arr\u00eat. 2\u00a0millions d&rsquo;euros d&rsquo;amende.<\/p>\n<p>Il est en fuite depuis septembre\u00a02020.<\/p>\n<p><a href=\"https:\/\/www.corsematin.com\/article\/faits-diversjustice\/1493372100949114\/proces-du-petit-bar-pascal-porri-confronte-aux-sonorisations-use-de-son-droit-au-silence\" target=\"_blank\" rel=\"noopener\">Pascal Porri\u00a0<\/a>:<\/p>\n<p>10 ans de prison ferme, maintien en d\u00e9tention. 1 million d&rsquo;euros d&rsquo;amende.\u00a0<\/p>\n<p>Requis\u00a0: 12 ans de prison avec maintien en d\u00e9tention. 2\u00a0millions d&rsquo;euros d&rsquo;amende.<\/p>\n<p><a href=\"https:\/\/www.corsematin.com\/article\/faits-diversjustice\/50375062503337\/le-petit-bar-na-jamais-existe-plaide-andre-bacchiolelli-au-proces-pour-blanchiment-devant-le-tribunal-correctionnel-de-marseille\" target=\"_blank\" rel=\"noopener\">Andr\u00e9 Bacchiolelli<\/a>\u00a0:<\/p>\n<p>5 ans de prison, mandat de d\u00e9p\u00f4t \u00e0 effet diff\u00e9r\u00e9 (pr\u00e9sent \u00e0 la barre). 300 000 euros d&rsquo;amende.<\/p>\n<p>Requis\u00a0: 7 ans d&#8217;emprisonnement assortis d&rsquo;un mandat de d\u00e9p\u00f4t. 500\u00a0000\u00a0euros d&rsquo;amende.<\/p>\n<p><a href=\"https:\/\/www.corsematin.com\/article\/faits-diversjustice\/6624637245232414\/en-proces-a-marseille-antony-perrino-conteste-etre-la-porte-dentree-du-petit-bar-dans-les-projets-de-courchevel\" target=\"_blank\" rel=\"noopener\">Antony Perrino<\/a>\u00a0:<\/p>\n<p>5 ans dont 30 mois avec sursis, interdiction de g\u00e9rer une entreprise durant 3 ans, 750 000 euros.\u00a0<\/p>\n<p>Requis\u00a0: 9 ans d&#8217;emprisonnement avec mandat de d\u00e9p\u00f4t. Amende de 250\u00a0000\u00a0euros.<\/p>\n<p><a href=\"https:\/\/www.corsematin.com\/article\/faits-diversjustice\/837642464351414\/proces-du-petit-bar-desaccords-a-la-barre-sur-la-destination-dun-decaissement-en-especes-de-700-000-euros\" target=\"_blank\" rel=\"noopener\">Jean-Pierre Valentini\u00a0<\/a>:<\/p>\n<p>4 ans de prison avec sursis pour le r\u00e8glement de fausses factures. 750 000 euros d&rsquo;amende. Relax\u00e9 pour le volet Courchevel.<\/p>\n<p>Requis\u00a0: 5 ans de prison dont 2 ans avec sursis simple. Amende de 2\u00a0millions d&rsquo;euros.<\/p>\n<p><a href=\"https:\/\/www.corsematin.com\/article\/faits-diversjustice\/5739541072146414\/proces-du-petit-bar-trois-hommes-daffaires-corses-et-des-projets-immobiliers-a-courchevel-a-la-barre\" target=\"_blank\" rel=\"noopener\">Fran\u00e7ois-Xavier Susini\u00a0<\/a>:<\/p>\n<p>Relax\u00e9<\/p>\n<p>Requis\u00a0: 5 ans de prison dont 2 ans avec sursis probatoire. Amende de 2\u00a0millions d&rsquo;euros.<\/p>\n<p><a href=\"https:\/\/www.corsematin.com\/article\/faits-diversjustice\/7532789416529214\/au-proces-financier-du-petit-bar-la-justice-veut-lever-le-voile-sur-une-possible-tentative-dextorsion-de-1-8-million-deuros\" target=\"_blank\" rel=\"noopener\">Jean-Marc Peretti<\/a>\u00a0:<\/p>\n<p>5 ans de prison, mandat d&rsquo;arr\u00eat, 1 million d\u2019euros d&rsquo;amende.<\/p>\n<p>Requis : 8 ans avec mandat d&rsquo;arr\u00eat. Amende d&rsquo;1 million d&rsquo;euros.<\/p>\n<p><a href=\"https:\/\/www.corsematin.com\/article\/faits-diversjustice\/2297054586397214\/au-proces-de-la-bande-criminelle-corse-du-petit-bar-le-tribunal-suit-les-especes-a-la-trace\" target=\"_blank\" rel=\"noopener\">St\u00e9phane Francisci\u00a0<\/a>:<\/p>\n<p>6 ans de prison, mandat d&rsquo;arr\u00eat, 750 000 euros d&rsquo;amende.<\/p>\n<p>Requis : 8 ans de prison avec mandat de d\u00e9p\u00f4t. Amende d&rsquo;1 million d&rsquo;euros.<\/p>\n<p><a href=\"https:\/\/www.corsematin.com\/article\/faits-diversjustice\/62397806497062\/au-proces-de-la-bande-criminelle-corse-du-petit-bar-les-blanchisseurs-chinois-sur-le-gril\" target=\"_blank\" rel=\"noopener\">Alain Mourot<\/a>\u00a0:<\/p>\n<p>4 ans de prison dont 2 ans avec sursis, 125 000 euros.<\/p>\n<p>Requis : 4 ans de prison assortis de 2 ans d&rsquo;un sursis probatoire. Amende de 500 000 euros.<\/p>\n<p><a href=\"https:\/\/www.corsematin.com\/article\/faits-diversjustice\/2297054586397214\/au-proces-de-la-bande-criminelle-corse-du-petit-bar-le-tribunal-suit-les-especes-a-la-trace\" target=\"_blank\" rel=\"noopener\">Arnaud Fahl\u00a0<\/a>:<\/p>\n<p>4 ans dont deux ans de sursis. 200 000 euros d&rsquo;amende.<\/p>\n<p>Requis\u00a0: 5 ans de prison dont 2 avec sursis probatoire. Amende d&rsquo;un million d&rsquo;euros.<\/p>\n<p><a href=\"https:\/\/www.corsematin.com\/article\/faits-diversjustice\/62397806497062\/au-proces-de-la-bande-criminelle-corse-du-petit-bar-les-blanchisseurs-chinois-sur-le-gril\" target=\"_blank\" rel=\"noopener\">Olivier Muller\u00a0<\/a>:<\/p>\n<p>6 ans de prison, mandat d&rsquo;arr\u00eat, 750 000 euros d&rsquo;amende.<\/p>\n<p>Requis\u00a0: 6 ans d&#8217;emprisonnement avec mandat d&rsquo;arr\u00eat. Amende de 500\u00a0000\u00a0euros.<\/p>\n<p><a href=\"https:\/\/www.corsematin.com\/article\/faits-diversjustice\/61588871910853\/voyous-millionnaires-blanchisseurs-le-cocktail-detonant-du-proces-de-la-bande-corse-du-petit-bar\" target=\"_blank\" rel=\"noopener\">Franck Fellous<\/a>\u00a0:<\/p>\n<p>5 ans, maintien en d\u00e9tention. 100 000 euros d&rsquo;amende.<\/p>\n<p>Requis : 6 ans d&#8217;emprisonnement. 500 000 euros d&rsquo;amende.<\/p>\n<p><a href=\"https:\/\/www.corsematin.com\/article\/faits-diversjustice\/62397806497062\/au-proces-de-la-bande-criminelle-corse-du-petit-bar-les-blanchisseurs-chinois-sur-le-gril\" target=\"_blank\" rel=\"noopener\">Wei Chen\u00a0<\/a>:<\/p>\n<p>3 ans de prison avec mandat de d\u00e9p\u00f4t \u00e0 la barre, 100 000 euros d&rsquo;amende.<\/p>\n<p>Requis\u00a0: 3 ans d&#8217;emprisonnement avec mandat de d\u00e9p\u00f4t. Amende de 200 000 euros.<\/p>\n<p><a href=\"https:\/\/www.corsematin.com\/article\/faits-diversjustice\/62397806497062\/au-proces-de-la-bande-criminelle-corse-du-petit-bar-les-blanchisseurs-chinois-sur-le-gril\" target=\"_blank\" rel=\"noopener\">Jingwu Huang<\/a>\u00a0:<\/p>\n<p>2 ans de prison avec sursis, 50 000 euros.<\/p>\n<p>Requis\u00a0: 3 ans de prison dont 2 assortis d&rsquo;un sursis probatoire. Amende de 200 000 euros.<\/p>\n<p><a href=\"https:\/\/www.corsematin.com\/article\/faits-diversjustice\/5856101114842914\/sonia-susini-ex-femme-de-jacques-santoni-chef-presume-de-la-bande-du-petit-bar-ne-veut-pas-etre-jugee-a-sa-place\" target=\"_blank\" rel=\"noopener\">Sonia Susini\u00a0<\/a>:<\/p>\n<p>5 ans dont 2 ans avec sursis, mandat d&rsquo;arr\u00eat.<\/p>\n<p>Requis\u00a0: 9 ans d&#8217;emprisonnement avec mandat de d\u00e9p\u00f4t. Amende de 150 000 euros.<\/p>\n<p><a href=\"https:\/\/www.corsematin.com\/article\/faits-diversjustice\/1493372100949114\/proces-du-petit-bar-pascal-porri-confronte-aux-sonorisations-use-de-son-droit-au-silence\" target=\"_blank\" rel=\"noopener\">Val\u00e9rie Mouren<\/a>\u00a0:<\/p>\n<p>3 ans dont 2 ans avec sursis, 100 000 euros.<\/p>\n<p>Requis : 3 ans d&#8217;emprisonnement dont 1 an de sursis probatoire pendant 2 ans. 250 000 euros d&rsquo;amende.<\/p>\n<p><a href=\"https:\/\/www.corsematin.com\/article\/faits-diversjustice\/32611552211494\/au-proces-de-la-bande-criminelle-du-petit-bar-lombre-ecrasante-de-mickael-ettori-en-cavale-depuis-quatre-ans\" target=\"_blank\" rel=\"noopener\">Saveria Lucchini\u00a0:<\/a><\/p>\n<p>4 ans de prison dont 18 mois avec sursis, mandat d&rsquo;arr\u00eat. 200 000 euros d&rsquo;amende.<\/p>\n<p>Requis\u00a0: 6 ans d&#8217;emprisonnement assortis d&rsquo;un mandat de d\u00e9p\u00f4t. 500\u00a0000\u00a0euros d&rsquo;amende.<\/p>\n<p><a href=\"https:\/\/www.corsematin.com\/article\/faits-diversjustice\/61588871910853\/voyous-millionnaires-blanchisseurs-le-cocktail-detonant-du-proces-de-la-bande-corse-du-petit-bar\" target=\"_blank\" rel=\"noopener\">Hugo Azoulay\u00a0<\/a>:<\/p>\n<p>4 ans dont 30 mois avec sursis, 250 000 euros d&rsquo;amende.<\/p>\n<p>Requis\u00a0: 5 ans d&#8217;emprisonnement avec mandat de d\u00e9p\u00f4t. Amende de 500\u00a0000\u00a0euros.<\/p>\n<p><a href=\"https:\/\/www.corsematin.com\/article\/faits-diversjustice\/35648839900514\/proces-du-petit-bar-le-ruissellement-des-especes-au-coeur-du-requisitoire\" target=\"_blank\" rel=\"noopener\">Philippe Porri\u00a0<\/a>:<\/p>\n<p>1 an de prison avec sursis, 16 000 euros d&rsquo;amende.<\/p>\n<p>Requis\u00a0: 3 ans d&#8217;emprisonnement. 50 000 euros d&rsquo;amende.<\/p>\n<p><a href=\"https:\/\/www.corsematin.com\/article\/faits-diversjustice\/1184043893688715\/proces-financier-du-petit-bar-jacques-santoni-demande-a-etre-juge-ulterieurement-le-tribunal-ecarte-cette-hypothese\" target=\"_blank\" rel=\"noopener\">Jacques Pastini\u00a0<\/a>:<\/p>\n<p>2 ans de prison dont 6 mois avec sursis, 16 000 euros d&rsquo;amende.<\/p>\n<p>Requis : 2 ans d&#8217;emprisonnement dont 6 mois de sursis probatoire pendant 2 ans. 50 000 euros d&rsquo;amende.<\/p>\n<p><a href=\"https:\/\/www.corsematin.com\/article\/faits-diversjustice\/1151447764360415\/petit-bar-le-proces-de-24-personnes-pour-blanchiment-international-souvre-avec-une-heure-de-retard-ce-lundi-24-fevrier-a-marseille\" target=\"_blank\" rel=\"noopener\">Ahmed El Bojarfaoui<\/a>\u00a0:<\/p>\n<p>18 mois de prison avec sursis, 10 000 euros d&rsquo;amende.<\/p>\n<p>Requis\u00a0: 3 ans de prison avec sursis. Amende de 50 000 euros.<\/p>\n<p><a href=\"https:\/\/www.corsematin.com\/article\/faits-diversjustice\/1141215126856315\/le-clan-corse-du-petit-bar-juge-a-marseille-pour-blanchiment-international\" target=\"_blank\" rel=\"noopener\">Ang\u00e9lique Peretti<\/a>\u00a0:<\/p>\n<p>Relax\u00e9<\/p>\n<p>Requis\u00a0: 18 mois d&#8217;emprisonnement avec sursis, 50 000 euros d&rsquo;amende et interdiction d&rsquo;exercer la profession d&rsquo;avocat pendant un an.<\/p>\n<p><a href=\"https:\/\/www.corsematin.com\/article\/faits-diversjustice\/16823735399748\/au-proces-financier-du-petit-bar-un-gain-de-4-millions-deuros-au-loto-au-centre-des-debats\" target=\"_blank\" rel=\"noopener\">Jean-Laurent Susini\u00a0<\/a>:<\/p>\n<p>3 ans de prison dont 1\u00a0an avec sursis, 250 000 euros<\/p>\n<p>Requis : 3 ans de prison dont 1 an avec sursis. 250 000 euros d&rsquo;amende.<\/p>\n<p>Les r\u00e9actions de la d\u00e9fense<\/p>\n<p>Au sortir de l&rsquo;audience, qui a dur\u00e9 plus d&rsquo;une heure, et qui a \u00e9galement d\u00e9marr\u00e9 avec une bonne heure de retard pour des raisons d&rsquo;extraction, les r\u00e9actions \u00e9taient pour le moins mitig\u00e9es dans les rangs de la d\u00e9fense.<\/p>\n<p>\u00ab\u00a0Constern\u00e9e\u00a0\u00bb par la condamnation et le mandat d&rsquo;arr\u00eat d\u00e9cern\u00e9 \u00e0 l&rsquo;encontre de Saveria Lucchini, Me Charlotte Cesari, conseil de cette derni\u00e8re aux c\u00f4t\u00e9s de Me Bruno Rebstock, a partag\u00e9 son sentiment\u00a0: \u00ab\u00a0Le tribunal, en pr\u00e9ambule, avait indiqu\u00e9 qu&rsquo;il prendrait en compte les situations personnelles de chacun des pr\u00e9venus. Force est de constater que la situation personnelle de notre cliente n&rsquo;a nullement \u00e9t\u00e9 prise en compte, puisqu&rsquo;elle \u00e9l\u00e8ve seule un petit gar\u00e7on de 4 ans. Et aujourd&rsquo;hui, on d\u00e9cerne un mandat d&rsquo;arr\u00eat \u00e0 son encontre alors qu&rsquo;elle aurait pu \u00eatre am\u00e9nag\u00e9e par une lib\u00e9ration conditionnelle parentale. Sur la culpabilit\u00e9, nous n&rsquo;avons pas encore la motivation, qui reste floue; par cons\u00e9quent, nous sommes constern\u00e9s par cette d\u00e9cision.\u00a0\u00bb<\/p>\n<p>Me Emmanuel Molina estime \u00ab\u00a0satisfaisante et juste\u00a0\u00bb la double relaxe \u00ab\u00a0obtenue de l&rsquo;ensemble des chefs d&rsquo;extorsion\u00a0\u00bb. Selon lui, elle \u00ab\u00a0d\u00e9montre l&rsquo;innocence enfin reconnue de Pascal Porri, que nous n&rsquo;avons cess\u00e9 de marteler\u00a0\u00bb. En revanche, il estime que \u00ab\u00a0le surplus de la condamnation interroge en droit comme en fait, le tribunal n&rsquo;ayant pas \u00e9t\u00e9 jusqu&rsquo;au bout de la logique pourtant engag\u00e9e de d\u00e9construction de la proc\u00e9dure qui, selon nous, s&rsquo;imposait\u00a0\u00bb.<\/p>\n<p>Me Julien Pinelli accueille plut\u00f4t favorablement la d\u00e9cision prononc\u00e9e \u00e0 l&rsquo;encontre de son client, Antony Perrino\u00a0: \u00ab\u00a0Le tribunal a rendu une d\u00e9cision que l&rsquo;on peut qualifier de satisfaisante et, surtout, de parfaitement accept\u00e9e. Il s&rsquo;est fond\u00e9 sur ces trois mois d&rsquo;audience, sur le contenu d&rsquo;un dossier, pour en tirer les cons\u00e9quences qui lui semblaient les plus fond\u00e9es. Le tribunal r\u00e9pond surtout \u00e0 la question qui avait \u00e9t\u00e9 pos\u00e9e par le minist\u00e8re public et qui, depuis 4 ans, p\u00e8se tr\u00e8s lourdement sur Antony Perrino, sur son honneur et sa r\u00e9putation. La question \u00e9tait de savoir s&rsquo;il \u00e9tait ou non membre d&rsquo;une organisation criminelle, je crois qu&rsquo;\u00e0 travers cette d\u00e9cision qui n&#8217;emporte pas, et c&rsquo;\u00e9tait notre principale demande, une nouvelle incarc\u00e9ration, eh bien le tribunal nous r\u00e9pond que non.\u00a0\u00bb<\/p>\n<p>Me Jean-Charles Vincensini rappelle volontiers que le tribunal a relax\u00e9 \u00ab\u00a0Jean-Pierre Valentini de l&rsquo;infraction de blanchiment, non qualifi\u00e9, qui \u00e9tait cens\u00e9e \u00e9tablir sa complicit\u00e9 et sa proximit\u00e9 avec le Petit Bar. Le tribunal vient de juger, en relaxant notre client de ce chef, qu&rsquo;il n&rsquo;\u00e9tait pas complice du Petit Bar\u00a0\u00bb.<\/p>\n<p>L&rsquo;avocat, qui intervenait aux c\u00f4t\u00e9s de Me St\u00e9phane Ceccaldi a par ailleurs not\u00e9 que son client a \u00e9t\u00e9 condamn\u00e9 \u00ab\u00a0pour avoir pay\u00e9 des fausses factures\u00a0\u00bb. \u00ab\u00a0Le tribunal n&rsquo;a pas voulu se prononcer sur les motifs de ce paiement et l&rsquo;a condamn\u00e9 \u00e0 une peine int\u00e9gralement avec sursis et \u00e0 une amende qui est d&rsquo;ores et d\u00e9j\u00e0 r\u00e9gl\u00e9e\u00a0\u00bb, a-t-il \u00e9galement pr\u00e9cis\u00e9.<\/p>\n","protected":false},"excerpt":{"rendered":"\u00ab\u00a0Allons nous sonner le glas du Petit Bar\u00a0?\u00a0\u00bb, interrogeait Isabelle Candau, procureure de la juridiction interr\u00e9gionale sp\u00e9cialis\u00e9e (Jirs)&hellip;\n","protected":false},"author":2,"featured_media":134893,"comment_status":"","ping_status":"","sticky":false,"template":"","format":"standard","meta":{"footnotes":""},"categories":[2],"tags":[17,11,1764,9732,274,1011,27,12333,884,12,15864,806,2694,25],"class_list":{"0":"post-134892","1":"post","2":"type-post","3":"status-publish","4":"format-standard","5":"has-post-thumbnail","7":"category-actualites","8":"tag-17","9":"tag-actualites","10":"tag-ans","11":"tag-bar","12":"tag-faits-divers-justice","13":"tag-fr","14":"tag-france","15":"tag-jusqua","16":"tag-marseille","17":"tag-news","18":"tag-petit","19":"tag-prison","20":"tag-proces","21":"tag-republique-francaise"},"share_on_mastodon":{"url":"https:\/\/pubeurope.com\/@fr\/114586748460206681","error":""},"_links":{"self":[{"href":"https:\/\/www.europesays.com\/fr\/wp-json\/wp\/v2\/posts\/134892","targetHints":{"allow":["GET"]}}],"collection":[{"href":"https:\/\/www.europesays.com\/fr\/wp-json\/wp\/v2\/posts"}],"about":[{"href":"https:\/\/www.europesays.com\/fr\/wp-json\/wp\/v2\/types\/post"}],"author":[{"embeddable":true,"href":"https:\/\/www.europesays.com\/fr\/wp-json\/wp\/v2\/users\/2"}],"replies":[{"embeddable":true,"href":"https:\/\/www.europesays.com\/fr\/wp-json\/wp\/v2\/comments?post=134892"}],"version-history":[{"count":0,"href":"https:\/\/www.europesays.com\/fr\/wp-json\/wp\/v2\/posts\/134892\/revisions"}],"wp:featuredmedia":[{"embeddable":true,"href":"https:\/\/www.europesays.com\/fr\/wp-json\/wp\/v2\/media\/134893"}],"wp:attachment":[{"href":"https:\/\/www.europesays.com\/fr\/wp-json\/wp\/v2\/media?parent=134892"}],"wp:term":[{"taxonomy":"category","embeddable":true,"href":"https:\/\/www.europesays.com\/fr\/wp-json\/wp\/v2\/categories?post=134892"},{"taxonomy":"post_tag","embeddable":true,"href":"https:\/\/www.europesays.com\/fr\/wp-json\/wp\/v2\/tags?post=134892"}],"curies":[{"name":"wp","href":"https:\/\/api.w.org\/{rel}","templated":true}]}}