{"id":134904,"date":"2025-05-28T18:03:09","date_gmt":"2025-05-28T18:03:09","guid":{"rendered":"https:\/\/www.europesays.com\/fr\/134904\/"},"modified":"2025-05-28T18:03:09","modified_gmt":"2025-05-28T18:03:09","slug":"luca-marini-victime-dun-pneumothorax-et-de-multiples-fractures-a-suzuka","status":"publish","type":"post","link":"https:\/\/www.europesays.com\/fr\/134904\/","title":{"rendered":"Luca Marini victime d&rsquo;un pneumothorax et de multiples fractures \u00e0 Suzuka"},"content":{"rendered":"<p>Le pilote italien \u00e9tait en piste pour sa deuxi\u00e8me journ\u00e9e d\u2019essais sur le circuit qui accueille le Grand Prix du Japon de <a href=\"https:\/\/www.autohebdo.fr\/actualites\/f1\" data-internallinksmanager029f6b8e52c=\"1\" title=\"F1\" rel=\"nofollow noopener\" target=\"_blank\">Formule 1<\/a>. Si le <a href=\"https:\/\/www.autohebdo.fr\/actualites\/motogp\" data-internallinksmanager029f6b8e52c=\"4\" title=\"MotoGP\" rel=\"nofollow noopener\" target=\"_blank\">MotoGP<\/a> ne fait plus escale \u00e0 Suzuka depuis l\u2019\u00e9preuve disput\u00e9e en 2003, les 8 Heures de Suzuka constituent l\u2019un des moments forts de la saison du championnat du monde d\u2019<a href=\"https:\/\/www.autohebdo.fr\/actualites\/endurance\" data-internallinksmanager029f6b8e52c=\"55\" title=\"Endurance\" rel=\"nofollow noopener\" target=\"_blank\">Endurance<\/a> moto. Marini \u00e9tait en essais en pr\u00e9paration de cette course, qui verra notamment Johann Zarco en piste du 1er au 3 ao\u00fbt.<\/p>\n<p>Le demi-fr\u00e8re de <a href=\"https:\/\/www.autohebdo.fr\/actualites\/tag\/valentino-rossi\" data-internallinksmanager029f6b8e52c=\"35\" title=\"Valentino Rossi\" rel=\"nofollow noopener\" target=\"_blank\">Valentino Rossi<\/a> a \u00e9t\u00e9 victime d\u2019une lourde chute, il souffre d\u2019un pneumothorax au poumon droit, d\u2019une luxation de la hanche gauche, de dommages aux ligaments du genou gauche, de fractures du sternum et de la clavicule gauche. L\u2019\u00e9curie officielle Honda MotoGP indique qu\u2019il se trouve actuellement dans un \u00e9tat stable \u00e0 l\u2019h\u00f4pital au Japon.<\/p>\n<p>Le pilote italien devra donc faire l\u2019impasse sur plusieurs manches de la saison 2025, et il devra rester en observation au pays du Soleil Levant jusqu\u2019\u00e0 ce que son \u00e9tat s\u2019am\u00e9liore suffisamment pour lui permettre d\u2019\u00eatre rapatri\u00e9. Il s\u2019agissait, pour Luca Marini, d\u2019un premier galop d\u2019essai au guidon de la CBR1000RR-R SP. L\u2019an dernier, au guidon de la m\u00eame machine, Johann Zarco s\u2019est impos\u00e9 aux c\u00f4t\u00e9s de Teppei Nagoe et Takuma Takahashi. Ce dernier est le recordman de victoires sur l\u2019\u00e9preuve, avec six succ\u00e8s. L\u2019\u00e9preuve, comme les autres manches du championnat du monde d\u2019Endurance moto, se dispute au guidon de machines d\u00e9riv\u00e9es de la s\u00e9rie, contrairement au championnat MotoGP, o\u00f9 les diff\u00e9rents constructeurs engagent des prototypes.<\/p>\n<p>Apr\u00e8s une saison 2024 particuli\u00e8rement difficile, Luca Marini pointe actuellement en treizi\u00e8me position du classement g\u00e9n\u00e9ral en MotoGP, avec 38 unit\u00e9s marqu\u00e9es.<\/p>\n<p><strong>\u00c0 LIRE AUSSI &gt; <a href=\"https:\/\/www.autohebdo.fr\/actualites\/motogp\/autres-motogp\/moto-jack-miller-participera-aux-8h-de-suzuka-avec-yamaha.html\" target=\"_blank\" rel=\"noopener nofollow\">Jack Miller participera aux 8 Heures de Suzuka avec l\u2019\u00e9quipe d\u2019usine Yamaha<\/a><\/strong><\/p>\n","protected":false},"excerpt":{"rendered":"Le pilote italien \u00e9tait en piste pour sa deuxi\u00e8me journ\u00e9e d\u2019essais sur le circuit qui accueille le Grand&hellip;\n","protected":false},"author":2,"featured_media":134905,"comment_status":"","ping_status":"","sticky":false,"template":"","format":"standard","meta":{"footnotes":""},"categories":[1413],"tags":[1431,837,1011,27,4922,15966,1457,1456,1458,60,1582],"class_list":{"0":"post-134904","1":"post","2":"type-post","3":"status-publish","4":"format-standard","5":"has-post-thumbnail","7":"category-moto","8":"tag-blessure","9":"tag-chute","10":"tag-fr","11":"tag-france","12":"tag-honda","13":"tag-luca-marini","14":"tag-moto","15":"tag-motocycle","16":"tag-motogp","17":"tag-sports","18":"tag-suzuka"},"share_on_mastodon":{"url":"https:\/\/pubeurope.com\/@fr\/114586779906063789","error":""},"_links":{"self":[{"href":"https:\/\/www.europesays.com\/fr\/wp-json\/wp\/v2\/posts\/134904","targetHints":{"allow":["GET"]}}],"collection":[{"href":"https:\/\/www.europesays.com\/fr\/wp-json\/wp\/v2\/posts"}],"about":[{"href":"https:\/\/www.europesays.com\/fr\/wp-json\/wp\/v2\/types\/post"}],"author":[{"embeddable":true,"href":"https:\/\/www.europesays.com\/fr\/wp-json\/wp\/v2\/users\/2"}],"replies":[{"embeddable":true,"href":"https:\/\/www.europesays.com\/fr\/wp-json\/wp\/v2\/comments?post=134904"}],"version-history":[{"count":0,"href":"https:\/\/www.europesays.com\/fr\/wp-json\/wp\/v2\/posts\/134904\/revisions"}],"wp:featuredmedia":[{"embeddable":true,"href":"https:\/\/www.europesays.com\/fr\/wp-json\/wp\/v2\/media\/134905"}],"wp:attachment":[{"href":"https:\/\/www.europesays.com\/fr\/wp-json\/wp\/v2\/media?parent=134904"}],"wp:term":[{"taxonomy":"category","embeddable":true,"href":"https:\/\/www.europesays.com\/fr\/wp-json\/wp\/v2\/categories?post=134904"},{"taxonomy":"post_tag","embeddable":true,"href":"https:\/\/www.europesays.com\/fr\/wp-json\/wp\/v2\/tags?post=134904"}],"curies":[{"name":"wp","href":"https:\/\/api.w.org\/{rel}","templated":true}]}}