{"id":134908,"date":"2025-05-28T18:05:09","date_gmt":"2025-05-28T18:05:09","guid":{"rendered":"https:\/\/www.europesays.com\/fr\/134908\/"},"modified":"2025-05-28T18:05:09","modified_gmt":"2025-05-28T18:05:09","slug":"giro-tour-ditalie-egan-bernal-bien-sur-on-veut-tous-gagner-mais","status":"publish","type":"post","link":"https:\/\/www.europesays.com\/fr\/134908\/","title":{"rendered":"Giro. Tour d&rsquo;Italie &#8211; Egan Bernal : \u00abBien s\u00fbr, on veut tous gagner, mais&#8230;\u00bb"},"content":{"rendered":"<p><strong>Egan Bernal<\/strong> (INEOS Grenadiers) a, une nouvelle fois, montr\u00e9 ses limites ce mercredi sur les routes du <strong><a href=\"https:\/\/www.cyclismactu.net\/..\/news-giro-route-tour-d-italie-isaac-del-toro-17e-etape-en-patron-romain-bardet-crucifie-88096.html\" target=\"_blank\" rel=\"nofollow noopener\">Tour d&rsquo;Italie<\/a><\/strong>. Le champion de Colombie a \u00e9t\u00e9 distanc\u00e9 du groupe des favoris dans le <strong>Mortirolo<\/strong>, avant de r\u00e9ussir \u00e0 revenir au sein du groupe des leaders. Mais dans la derni\u00e8re bosse, courte mais exigeante, il a \u00e9t\u00e9 rapidement l\u00e2ch\u00e9. \u00c0 l&rsquo;arriv\u00e9e, <strong>Bernal<\/strong> conc\u00e8de pr\u00e8s d\u2019une minute et dix secondes sur <strong>Isaac Del Toro<\/strong> (UAE Team Emirates XRG). Il n\u2019a n\u00e9anmoins pas perdu son sourire au moment de livrer ses premi\u00e8res impressions sur la ligne d\u2019arriv\u00e9e.<\/p>\n<p>Vid\u00e9o &#8211; Egan Bernal, distanc\u00e9 \u00e0 plusieurs reprises mercredi Lire la suite de l&rsquo;article&#13;<\/p>\n<p>\u00a0<\/p>\n<p>&#13;<br \/>\n\u00ab\u00a0Issac Del Toro, il le m\u00e9rite&#8230;\u00a0\u00bb&#13;<\/p>\n<p>\u00ab\u00a0Bien s\u00fbr, on veut tous gagner, je suis un comp\u00e9titeur et j\u2019aimerais \u00eatre devant, mais j\u2019adore ce m\u00e9tier. J\u2019aime faire du v\u00e9lo, j\u2019aime la comp\u00e9tition, j\u2019aime \u00eatre \u00e0 l\u2019avant, me battre \u00e0 fond\u2026 et je pense que c\u2019est ce que j\u2019ai fait aujourd\u2019hui. Je suis content de la mani\u00e8re dont j\u2019ai tent\u00e9 les choses et de la fa\u00e7on dont on va continuer \u00e0 essayer\u00a0\u00bb, a expliqu\u00e9 <strong>Bernal<\/strong>, toujours tr\u00e8s souriant.<\/p>\n<p>&#13;<\/p>\n<p><strong>Egan Bernal <\/strong>n&rsquo;a pas h\u00e9sit\u00e9 \u00e0 f\u00e9liciter le jeune Mexicain, <strong>Isaac Del Toro<\/strong>, pour sa victoire, : \u00ab\u00a0Je crois que Del Toro a gagn\u00e9, c\u2019est super pour lui. Je suis tr\u00e8s heureux, c\u2019est un bon gars et il m\u00e9rite tout ce qui lui arrive. Je crois que ce qu\u2019il est en train de vivre doit \u00eatre incroyable pour lui. Et comme je le dis, il le m\u00e9rite.\u00a0\u00bb<\/p>\n<p>Tour d&rsquo;Italie &#8211; Classement de la 17\u00e8 \u00e9tape Tour d&rsquo;Italie &#8211; Classement g\u00e9n\u00e9ral provisoire apr\u00e8s la 17\u00e8 \u00e9tape<\/p>\n","protected":false},"excerpt":{"rendered":"Egan Bernal (INEOS Grenadiers) a, une nouvelle fois, montr\u00e9 ses limites ce mercredi sur les routes du Tour&hellip;\n","protected":false},"author":2,"featured_media":134909,"comment_status":"","ping_status":"","sticky":false,"template":"","format":"standard","meta":{"footnotes":""},"categories":[1411],"tags":[1154,207,1011,27,209,60,3318,208],"class_list":{"0":"post-134908","1":"post","2":"type-post","3":"status-publish","4":"format-standard","5":"has-post-thumbnail","7":"category-cyclisme","8":"tag-cycling","9":"tag-cyclisme","10":"tag-fr","11":"tag-france","12":"tag-route","13":"tag-sports","14":"tag-tour-d","15":"tag-velo"},"share_on_mastodon":{"url":"https:\/\/pubeurope.com\/@fr\/114586787726933655","error":""},"_links":{"self":[{"href":"https:\/\/www.europesays.com\/fr\/wp-json\/wp\/v2\/posts\/134908","targetHints":{"allow":["GET"]}}],"collection":[{"href":"https:\/\/www.europesays.com\/fr\/wp-json\/wp\/v2\/posts"}],"about":[{"href":"https:\/\/www.europesays.com\/fr\/wp-json\/wp\/v2\/types\/post"}],"author":[{"embeddable":true,"href":"https:\/\/www.europesays.com\/fr\/wp-json\/wp\/v2\/users\/2"}],"replies":[{"embeddable":true,"href":"https:\/\/www.europesays.com\/fr\/wp-json\/wp\/v2\/comments?post=134908"}],"version-history":[{"count":0,"href":"https:\/\/www.europesays.com\/fr\/wp-json\/wp\/v2\/posts\/134908\/revisions"}],"wp:featuredmedia":[{"embeddable":true,"href":"https:\/\/www.europesays.com\/fr\/wp-json\/wp\/v2\/media\/134909"}],"wp:attachment":[{"href":"https:\/\/www.europesays.com\/fr\/wp-json\/wp\/v2\/media?parent=134908"}],"wp:term":[{"taxonomy":"category","embeddable":true,"href":"https:\/\/www.europesays.com\/fr\/wp-json\/wp\/v2\/categories?post=134908"},{"taxonomy":"post_tag","embeddable":true,"href":"https:\/\/www.europesays.com\/fr\/wp-json\/wp\/v2\/tags?post=134908"}],"curies":[{"name":"wp","href":"https:\/\/api.w.org\/{rel}","templated":true}]}}