{"id":134916,"date":"2025-05-28T18:09:14","date_gmt":"2025-05-28T18:09:14","guid":{"rendered":"https:\/\/www.europesays.com\/fr\/134916\/"},"modified":"2025-05-28T18:09:14","modified_gmt":"2025-05-28T18:09:14","slug":"privas-le-parvis-du-livre-debute-ce-samedi-31-mai","status":"publish","type":"post","link":"https:\/\/www.europesays.com\/fr\/134916\/","title":{"rendered":"Privas. Le Parvis du livre d\u00e9bute ce samedi 31\u00a0mai"},"content":{"rendered":"<p>Le Parvis du livre, initi\u00e9 par la librairie privadoise Lafontaine, s\u2019\u00e9tirera du 31\u00a0mai au 26\u00a0juin, et attirera une douzaine d\u2019auteurs. Les premi\u00e8res rencontres seront plac\u00e9es sous le signe de la nature et de notre rapport au vivant. Ainsi, ce samedi, B\u00e9atrice et Gilbert Cochet viendront parler du \u00ab\u00a0r\u00e9-ensauvagement\u00a0\u00bb de la France et de l\u2019Europe, Yves Elie de l\u2019abeille noire, tandis que Yann Liotard dissertera \u00e0 propos d\u2019une \u00ab\u00a0petite b\u00eate mythique\u00a0\u00bb\u00a0: la genette.<\/p>\n<p class=\"note\">\u00c0 la salle culturelle de L\u2019Atelier (3 rue Sainte Anne). Gratuit.<\/p>\n","protected":false},"excerpt":{"rendered":"Le Parvis du livre, initi\u00e9 par la librairie privadoise Lafontaine, s\u2019\u00e9tirera du 31\u00a0mai au 26\u00a0juin, et attirera une&hellip;\n","protected":false},"author":2,"featured_media":134917,"comment_status":"","ping_status":"","sticky":false,"template":"","format":"standard","meta":{"footnotes":""},"categories":[1357],"tags":[4646,1379,1687,58,4645,59,1011,27,1380,17020,25679],"class_list":{"0":"post-134916","1":"post","2":"type-post","3":"status-publish","4":"format-standard","5":"has-post-thumbnail","7":"category-livres","8":"tag-ardeche","9":"tag-books","10":"tag-culture-loisirs","11":"tag-divertissement","12":"tag-edition-aubenas-privas-vallee-du-rhone","13":"tag-entertainment","14":"tag-fr","15":"tag-france","16":"tag-livres","17":"tag-privas","18":"tag-privas-bassin"},"share_on_mastodon":{"url":"https:\/\/pubeurope.com\/@fr\/114586803507201772","error":""},"_links":{"self":[{"href":"https:\/\/www.europesays.com\/fr\/wp-json\/wp\/v2\/posts\/134916","targetHints":{"allow":["GET"]}}],"collection":[{"href":"https:\/\/www.europesays.com\/fr\/wp-json\/wp\/v2\/posts"}],"about":[{"href":"https:\/\/www.europesays.com\/fr\/wp-json\/wp\/v2\/types\/post"}],"author":[{"embeddable":true,"href":"https:\/\/www.europesays.com\/fr\/wp-json\/wp\/v2\/users\/2"}],"replies":[{"embeddable":true,"href":"https:\/\/www.europesays.com\/fr\/wp-json\/wp\/v2\/comments?post=134916"}],"version-history":[{"count":0,"href":"https:\/\/www.europesays.com\/fr\/wp-json\/wp\/v2\/posts\/134916\/revisions"}],"wp:featuredmedia":[{"embeddable":true,"href":"https:\/\/www.europesays.com\/fr\/wp-json\/wp\/v2\/media\/134917"}],"wp:attachment":[{"href":"https:\/\/www.europesays.com\/fr\/wp-json\/wp\/v2\/media?parent=134916"}],"wp:term":[{"taxonomy":"category","embeddable":true,"href":"https:\/\/www.europesays.com\/fr\/wp-json\/wp\/v2\/categories?post=134916"},{"taxonomy":"post_tag","embeddable":true,"href":"https:\/\/www.europesays.com\/fr\/wp-json\/wp\/v2\/tags?post=134916"}],"curies":[{"name":"wp","href":"https:\/\/api.w.org\/{rel}","templated":true}]}}