{"id":134918,"date":"2025-05-28T18:10:10","date_gmt":"2025-05-28T18:10:10","guid":{"rendered":"https:\/\/www.europesays.com\/fr\/134918\/"},"modified":"2025-05-28T18:10:10","modified_gmt":"2025-05-28T18:10:10","slug":"avant-premiere-plus-belle-la-vie-encore-plus-belle-du-vendredi-30-mai-2025-episode-344-tf1","status":"publish","type":"post","link":"https:\/\/www.europesays.com\/fr\/134918\/","title":{"rendered":"Avant-premi\u00e8re &#8211; Plus belle la vie, encore plus belle du vendredi 30 mai 2025 &#8211; Episode 344 &#8211; TF1+"},"content":{"rendered":"<ol>\n<li><a href=\"https:\/\/news.google.com\/rss\/articles\/CBMi4gFBVV95cUxNLVVxWE15ZEx4QWVia2l5bVhqanRWYzdJT3FJOV9yZ2xWWXVFbzlIY0NHcDB3SnBEOVpLLVRtRjl5VlRuWU5QSG9jVUNUeUREV3NfWVc1a0N4bTNCME9EZ053aTRmMFVuMHdGc05LbnJqWUsweUhaVmRZSDBDT2t3aFptMG1BSVV6NkMtNFI4Vl8tenBxQzF3VkREZmxZcEY0d2hhQktBVE1CMFNCSzhtbFhpNk4wVHFZM3dKcll1MTJCRzRjcXZsYlJ6a1ppb2dWMG9CUExuWkxNSnpGbXNDVWRn?oc=5\" target=\"_blank\" rel=\"noopener\">Avant-premi\u00e8re &#8211; Plus belle la vie, encore plus belle du vendredi 30 mai 2025 &#8211; Episode 344<\/a>&nbsp;&nbsp;TF1+<\/li>\n<li><a href=\"https:\/\/news.google.com\/rss\/articles\/CBMifkFVX3lxTE9oMXdoLVFFUTR4eERNTzMyanNRa3BOc0RkZW9JWWo5aTBnVnFybE5QLXVzQUlDT0dWMTVqdlliUjFYM3hDdHhSV1VxSWU1N3VfNHplSGZjYU01NnE0aXdzMUQ3ZDJzM3lMak1fcHhNMUFCMHZIdXJNVElsRk1QUQ?oc=5\" target=\"_blank\" rel=\"noopener\">Plus belle la vie en avance : ce qui vous attend dans l&rsquo;\u00e9pisode 343 du jeudi 29 mai 2025 [SPOILERS]<\/a>&nbsp;&nbsp;AlloCin\u00e9<\/li>\n<li><a href=\"https:\/\/news.google.com\/rss\/articles\/CBMilgJBVV95cUxPNkVJVXZJaHNUY25NN1ZUR3BGNXEwZnpBY0k1ODlHNXNzbVFNNTlEaHAzZ1ZZbjlJeHdJYlh3c29sMklMcFdRQUxBQzRyUWtHZTJtUEUyaGZtUDBzUkRvLThBN2xxTFNDQmFLV2J0N0cyckFPUEZGT0FiUmwtUVVwdFdGZDhOSlNCd0cwaHV2TTlDQzdtb3dVMW5SazJXcV82QjItN0RSTjlvNkhOMTNDVjB4TV96QXU1QzRSTjFZRTRJaDJYdUx3blhzLTM3ZUlZS0hDcFF6bV9IZE01ZUlUR0h4N1pNRHNmUV94VkxOalQwNk5iRXdWSlV0VXhhUko1cDRyQnkxSDhsbVd6bnhtSWxrS082Zw?oc=5\" target=\"_blank\" rel=\"noopener\">Plus belle la vie en avance : Barbara revient au Mistral, Ariane demande un service \u00e0 Louis&#8230; Le r\u00e9sum\u00e9 de l\u2019\u00e9pisode 343 du jeudi 29 mai 2025<\/a>&nbsp;&nbsp;programme-tv.net<\/li>\n<li><a href=\"https:\/\/news.google.com\/rss\/articles\/CBMi_AFBVV95cUxOemVKNk85QndyaV9ibDhOYW8xdzQ5aXFHcUdzTTZaQmZocmtLY0RTR1lkSzhrTkZuQlhLUy1HT0dsVGRrN05GcEx0VmdCYkpramFiSWkwSnYwUU5TVnI1eVphSUwyUzFIZ3BSaUZaOTlOX0w4MTAyTkJUNWc5bHhEZXViQk1xeUFWZGVya1IwMmt5eUY4Z21hX1dsWHRvYjRrVUd4UTFxNnlTQWpXckxHT19jSXZtMmFreHBib2dvSFlaSDRTNmViT09NOWZTRVlyRzJZMks5dS1INmpFSDU0M0hLY1Nlb2YtYldyV0ZTSklSMmhwaVpzeElYRkE?oc=5\" target=\"_blank\" rel=\"noopener\">Ariane arr\u00eat\u00e9e sous les yeux de Boher : elle hurle son innocence &#8211; Plus belle la vie 30 mai 2025 (\u00e9pisode 344, r\u00e9sum\u00e9 complet PBLV)<\/a>&nbsp;&nbsp;Nouveaut\u00e9s-T\u00e9l\u00e9.com<\/li>\n<li><a href=\"https:\/\/news.google.com\/rss\/articles\/CBMikgJBVV95cUxNMDByUzlkWmszS2xjZmR1cGotTTFqV0dVc0puQzA0dVJlT3cyMWp4ZVBJN3dNN3piVWFJbFlSZXViRHFZMktsdjJUWmU4a3U5MUs3ajV6OHVhZW1VQm5BN1BvZWRkdHZzZWNHcHdnalJjcEVHNU5GTVRXNDFMWHNfR2dwTXlWMzdjWWN3U3FkRFQ3OG0zUFB2YUJoQ1A3c2JhS0RFa0laZFdqMzdJQkJoV05JY1NydGNuSE9IdDF6b21nekdMbnlEWFRROTFfd3FoaThMdWZqNFdWVkM2Umg1NjFIX05XYlJyUFVIbnplYUFkdFJvaVppczlkTVVBLWh0Mkx3aGN6Nmg1NC1NWDZaMzJ3?oc=5\" target=\"_blank\" rel=\"noopener\">Plus Belle La Vie, Encore Plus Belle : \u00ab\u00a0J\u2019ai besoin que vous me rendiez un service\u2026\u00a0\u00bb Le r\u00e9sum\u00e9 du 29 mai (SPOILERS)<\/a>&nbsp;&nbsp;T\u00e9l\u00e9 7 Jours<\/li>\n<\/ol>\n","protected":false},"excerpt":{"rendered":"Avant-premi\u00e8re &#8211; Plus belle la vie, encore plus belle du vendredi 30 mai 2025 &#8211; Episode 344&nbsp;&nbsp;TF1+ Plus&hellip;\n","protected":false},"author":2,"featured_media":134919,"comment_status":"","ping_status":"","sticky":false,"template":"","format":"standard","meta":{"footnotes":""},"categories":[1356],"tags":[58,1367,1369,59,1365,1366,1011,27,1368,1371,252,1364,1372,1370],"class_list":{"0":"post-134918","1":"post","2":"type-post","3":"status-publish","4":"format-standard","5":"has-post-thumbnail","7":"category-television","8":"tag-divertissement","9":"tag-encore-plus-belle","10":"tag-encore-plus-belle-episode","11":"tag-entertainment","12":"tag-episode","13":"tag-episode-plus-belle-la-vie","14":"tag-fr","15":"tag-france","16":"tag-plus-belle-la-vie","17":"tag-streaming-plus-belle-la-vie","18":"tag-television","19":"tag-tv","20":"tag-video-en-streaming-plus-belle-la-vie","21":"tag-video-plus-belle-la-vie"},"share_on_mastodon":{"url":"https:\/\/pubeurope.com\/@fr\/114586807490856786","error":""},"_links":{"self":[{"href":"https:\/\/www.europesays.com\/fr\/wp-json\/wp\/v2\/posts\/134918","targetHints":{"allow":["GET"]}}],"collection":[{"href":"https:\/\/www.europesays.com\/fr\/wp-json\/wp\/v2\/posts"}],"about":[{"href":"https:\/\/www.europesays.com\/fr\/wp-json\/wp\/v2\/types\/post"}],"author":[{"embeddable":true,"href":"https:\/\/www.europesays.com\/fr\/wp-json\/wp\/v2\/users\/2"}],"replies":[{"embeddable":true,"href":"https:\/\/www.europesays.com\/fr\/wp-json\/wp\/v2\/comments?post=134918"}],"version-history":[{"count":0,"href":"https:\/\/www.europesays.com\/fr\/wp-json\/wp\/v2\/posts\/134918\/revisions"}],"wp:featuredmedia":[{"embeddable":true,"href":"https:\/\/www.europesays.com\/fr\/wp-json\/wp\/v2\/media\/134919"}],"wp:attachment":[{"href":"https:\/\/www.europesays.com\/fr\/wp-json\/wp\/v2\/media?parent=134918"}],"wp:term":[{"taxonomy":"category","embeddable":true,"href":"https:\/\/www.europesays.com\/fr\/wp-json\/wp\/v2\/categories?post=134918"},{"taxonomy":"post_tag","embeddable":true,"href":"https:\/\/www.europesays.com\/fr\/wp-json\/wp\/v2\/tags?post=134918"}],"curies":[{"name":"wp","href":"https:\/\/api.w.org\/{rel}","templated":true}]}}