{"id":134922,"date":"2025-05-28T18:12:08","date_gmt":"2025-05-28T18:12:08","guid":{"rendered":"https:\/\/www.europesays.com\/fr\/134922\/"},"modified":"2025-05-28T18:12:08","modified_gmt":"2025-05-28T18:12:08","slug":"harry-potter-le-terrible-cri-du-coeur-dune-star-de-la-saga-il-ne-me-reste-que-5-ans-a-vivre","status":"publish","type":"post","link":"https:\/\/www.europesays.com\/fr\/134922\/","title":{"rendered":"Harry Potter : le terrible cri du c\u0153ur d&rsquo;une star de la saga, \u00ab\u00a0il ne me reste que 5 ans \u00e0 vivre\u00a0\u00bb"},"content":{"rendered":"<p>      R\u00e9sum\u00e9<\/p>\n<p>Miriam Margolyes, actrice d&rsquo;Harry Potter, \u00e9voque son r\u00e9cent probl\u00e8me cardiaque et la fin probable de sa carri\u00e8re tout en exprimant son attachement au m\u00e9tier de com\u00e9dienne.<\/p>\n<p>        Sommaire<\/p>\n<p>Michael Gambon, Alan Rickman, <a href=\"https:\/\/www.public.fr\/diaporamas\/maggie-smith-alias-professeur-minerva-mcgonagall-dans-la-saga-harry-potter-est-morte-a-lage-de-89-ans\" target=\"_blank\" rel=\"noopener\">Maggie Smith<\/a>, Robbie Coltrane, Helen McCrory\u2026 <strong>La saga <a href=\"https:\/\/www.public.fr\/harry-potter-la-serie-hbo-devoile-enfin-son-casting\" target=\"_blank\" rel=\"noopener\">Harry Potter<\/a> a vu dispara\u00eetre bon nombre de ses figures embl\u00e9matiques. <\/strong><\/p>\n<p>Et une nouvelle actrice, malheureusement, pourrait bel et bien rejoindre cette liste tragique dans les ann\u00e9es \u00e0 venir.<\/p>\n<p>Miriam Margolyes (Harry Potter) au plus mal<\/p>\n<p><a href=\"https:\/\/www.public.fr\/entierement-nue-la-star-de-harry-potter-miriam-margolyes-alias-professeur-pomona-chourave-surprend-pour-le-mois-des-fiertes\" target=\"_blank\" rel=\"noopener\"><strong>Miriam Margolyes<\/strong><\/a>, qui s&rsquo;est longtemps gliss\u00e9e dans la peau du <strong>professeur Chourave<\/strong>, n&rsquo;a visiblement plus que quelques ann\u00e9es \u00e0 vivre. C&rsquo;est en tout cas ce que l&rsquo;actrice a r\u00e9cemment confi\u00e9 dans les colonnes du <a href=\"https:\/\/www.thetimes.com\/\" target=\"_blank\" rel=\"noreferrer noopener\">Times<\/a>.<\/p>\n<p>En 2023, l&rsquo;octog\u00e9naire a subi une lourde op\u00e9ration cardiaque : un remplacement valvulaire aortique par cath\u00e9ter.<\/p>\n<p>\u00ab\u00a0<strong>Quand on sait qu\u2019on n\u2019en a plus pour longtemps \u2013 et je mourrai probablement dans les cinq ou six prochaines ann\u00e9es, peut-\u00eatre m\u00eame plus t\u00f4t \u2013 je pr\u00e9f\u00e8re ne pas arr\u00eater de jouer<\/strong>\u00ab\u00a0, a-t-elle expliqu\u00e9 lors d&rsquo;une r\u00e9cente interview accord\u00e9e \u00e0 nos confr\u00e8res anglophones. \u00ab\u00a0<strong>Cela m\u2019apporte tellement de joie<\/strong>.\u00a0\u00bb<\/p>\n<p>Si Miriam Margolyes ne compte pas tirer un trait sur sa carri\u00e8re d&rsquo;actrice, elle semble tout de m\u00eame savoir que ses prochains projets seront bien diff\u00e9rents de ce qu&rsquo;elle a pu faire par le pass\u00e9 : \u00ab\u00a0Au fond de moi, je r\u00eave encore de r\u00f4les o\u00f9 je ne suis pas clou\u00e9e dans un fauteuil roulant, mais je ne suis tout simplement plus assez forte\u00a0\u00bb.<\/p>\n<p>\u00ab\u00a0J\u2019ai maintenant le c\u0153ur d\u2019une vache\u00a0\u00bb<\/p>\n<p>Ce n&rsquo;est pas la premi\u00e8re fois que l&rsquo;interpr\u00e8te du professeur Chourave dans Harry Potter \u00e9voque ainsi son \u00e9tat de sant\u00e9. Elle s&rsquo;\u00e9tait d\u00e9j\u00e0 confi\u00e9e dans le podcast Table Manners. <\/p>\n<p>\u00ab\u00a0<strong>J\u2019ai maintenant le c\u0153ur d\u2019une vache<\/strong>\u00ab\u00a0, avait-elle r\u00e9v\u00e9l\u00e9. \u00ab\u00a0<strong>Enfin, pas tout le c\u0153ur, seulement ma valve aortique a \u00e9t\u00e9 remplac\u00e9e par celle d\u2019une vache. Mais cela permet d\u2019\u00e9viter une op\u00e9ration \u00e0 c\u0153ur ouvert, qui est bien plus lourde<\/strong>.\u00a0\u00bb<\/p>\n<p>En mai 2023, c&rsquo;est sur les r\u00e9seaux sociaux que Miriam Margolyes avait inform\u00e9 ses fans\u00a0en partageant une photo d&rsquo;elle en direct de son lit d&rsquo;h\u00f4pital. <\/p>\n<p>\u00ab\u00a0Je reprends doucement des forces, mais je ne suis toujours pas compl\u00e8tement r\u00e9tablie\u00a0\u00bb, avait-elle \u00e9crit en l\u00e9gende.<\/p>\n<p>Et d&rsquo;ajouter dans les pages du magazine Vogue apr\u00e8s cet \u00e9pisode : \u00ab\u00a0<strong>Quand on est jeune, on ne pense jamais \u00e0 la mort. Mais maintenant, j\u2019y pense vraiment beaucoup<\/strong>.\u00a0\u00bb<\/p>\n<p>      Mentionn\u00e9s dans cet article<\/p>\n<p>\u00c0 lire aussi<\/p>\n","protected":false},"excerpt":{"rendered":"R\u00e9sum\u00e9 Miriam Margolyes, actrice d&rsquo;Harry Potter, \u00e9voque son r\u00e9cent probl\u00e8me cardiaque et la fin probable de sa carri\u00e8re&hellip;\n","protected":false},"author":2,"featured_media":134923,"comment_status":"","ping_status":"","sticky":false,"template":"","format":"standard","meta":{"footnotes":""},"categories":[1354],"tags":[58,59,1346,1011,27,6610,1360,71],"class_list":{"0":"post-134922","1":"post","2":"type-post","3":"status-publish","4":"format-standard","5":"has-post-thumbnail","7":"category-films","8":"tag-divertissement","9":"tag-entertainment","10":"tag-films","11":"tag-fr","12":"tag-france","13":"tag-harry-potter","14":"tag-movies","15":"tag-sante"},"share_on_mastodon":{"url":"https:\/\/pubeurope.com\/@fr\/114586815301204036","error":""},"_links":{"self":[{"href":"https:\/\/www.europesays.com\/fr\/wp-json\/wp\/v2\/posts\/134922","targetHints":{"allow":["GET"]}}],"collection":[{"href":"https:\/\/www.europesays.com\/fr\/wp-json\/wp\/v2\/posts"}],"about":[{"href":"https:\/\/www.europesays.com\/fr\/wp-json\/wp\/v2\/types\/post"}],"author":[{"embeddable":true,"href":"https:\/\/www.europesays.com\/fr\/wp-json\/wp\/v2\/users\/2"}],"replies":[{"embeddable":true,"href":"https:\/\/www.europesays.com\/fr\/wp-json\/wp\/v2\/comments?post=134922"}],"version-history":[{"count":0,"href":"https:\/\/www.europesays.com\/fr\/wp-json\/wp\/v2\/posts\/134922\/revisions"}],"wp:featuredmedia":[{"embeddable":true,"href":"https:\/\/www.europesays.com\/fr\/wp-json\/wp\/v2\/media\/134923"}],"wp:attachment":[{"href":"https:\/\/www.europesays.com\/fr\/wp-json\/wp\/v2\/media?parent=134922"}],"wp:term":[{"taxonomy":"category","embeddable":true,"href":"https:\/\/www.europesays.com\/fr\/wp-json\/wp\/v2\/categories?post=134922"},{"taxonomy":"post_tag","embeddable":true,"href":"https:\/\/www.europesays.com\/fr\/wp-json\/wp\/v2\/tags?post=134922"}],"curies":[{"name":"wp","href":"https:\/\/api.w.org\/{rel}","templated":true}]}}