{"id":134926,"date":"2025-05-28T18:14:08","date_gmt":"2025-05-28T18:14:08","guid":{"rendered":"https:\/\/www.europesays.com\/fr\/134926\/"},"modified":"2025-05-28T18:14:08","modified_gmt":"2025-05-28T18:14:08","slug":"des-rixes-eclatent-en-pologne-entre-supporters-de-chelsea-et-seville-avant-la-finale","status":"publish","type":"post","link":"https:\/\/www.europesays.com\/fr\/134926\/","title":{"rendered":"des rixes \u00e9clatent en Pologne entre supporters de Chelsea et S\u00e9ville avant la finale"},"content":{"rendered":"<p>Quatre citoyens espagnols ont \u00e9t\u00e9 interpell\u00e9s ce mercredi \u00e0 Wroclaw, a indiqu\u00e9 le porte-parole de la police locale.<\/p>\n<p class=\"fig-paragraph\">Des rixes entre supporters de Chelsea et du B\u00e9tis S\u00e9ville,\u00a0<a href=\"http:\/\/www.lefigaro.fr\/sports\/football\/ligue-europa\/ligue-europa-conference-chelsea-et-son-armada-vraiment-favoris-face-au-betis-seville-20250528\" target=\"_blank\" data-fig-type=\"NewsFlash\" rel=\"noopener nofollow\" data-gtm-custom-categorie=\"navigation\" data-gtm-custom-action=\"crossclick\" data-gtm-custom-label=\"Contextuel\" data-gtm-event=\"customEventSPE\" data-fig-domain=\"LEFIGARO\">les finalistes de la Ligue Conf\u00e9rence<\/a>, ont \u00e9clat\u00e9 mercredi \u00e0 Wroclaw en Pologne o\u00f9 la police a interpell\u00e9 28 personnes, avant m\u00eame le d\u00e9but de la rencontre, ont annonc\u00e9 les responsables polonais. Chelsea et le Betis S\u00e9ville se disputent mercredi (21h00) \u00e0 Wroclaw le troph\u00e9e de la modeste Ligue Conf\u00e9rence, avec un premier titre europ\u00e9en en ligne de mire pour les Espagnols.<\/p>\n<p class=\"fig-paragraph\">Chelsea, de son c\u00f4t\u00e9, esp\u00e8re devenir la premi\u00e8re \u00e9quipe victorieuse des trois comp\u00e9titions continentales de club, apr\u00e8s avoir d\u00e9j\u00e0 gagn\u00e9 la Ligue des champions (2012 et 2021) et la Ligue Europa (2013 et 2019). \u00abJusqu\u2019\u00e0 pr\u00e9sent, d\u00e9j\u00e0 28 hooligans \u00e9trangers arr\u00eat\u00e9s suite \u00e0 des bagarres sur la place du march\u00e9 de Wroclaw\u00bb, a indiqu\u00e9 le ministre polonais de l\u2019Int\u00e9rieur Tomasz Siemoniak sur le r\u00e9seau X. La police a utilis\u00e9 un canon \u00e0 eau et des grenades assourdissantes.<\/p>\n<p class=\"fig-paragraph\">Selon le commissaire Wojciech Jablonski, porte-parole de la police de Wroclaw, \u00abplusieurs centaines de policiers sont intervenus (&#8230;) pour r\u00e9tablir l\u2019ordre public et identifier les personnes qui ont enfreint la loi\u00bb. \u00abLes policiers en tenue anti-\u00e9meute ont encercl\u00e9 un bar occup\u00e9 par des supporters de Chelsea\u00bb, a constat\u00e9 un journaliste de l\u2019AFP sur place.<\/p>\n<p class=\"fig-paragraph\">Le Premier ministre polonais Donald Tusk a promis mercredi \u00abz\u00e9ro tol\u00e9rance pour la violence dans nos rues\u00bb. Il a remerci\u00e9 la police pour ses \u00abactions fermes contre les hooligans en maillots de Chelsea et du Betis \u00e0 Wroclaw. Nous avertissons: si n\u00e9cessaire, la police sera encore plus ferme aujourd\u2019hui!\u00bb, a pr\u00e9venu M. Tusk sur X.<\/p>\n","protected":false},"excerpt":{"rendered":"Quatre citoyens espagnols ont \u00e9t\u00e9 interpell\u00e9s ce mercredi \u00e0 Wroclaw, a indiqu\u00e9 le porte-parole de la police locale.&hellip;\n","protected":false},"author":2,"featured_media":134927,"comment_status":"","ping_status":"","sticky":false,"template":"","format":"standard","meta":{"footnotes":""},"categories":[9],"tags":[6815,525,11871,1981,1089,814,449,2257,63,1011,27,2705,5843,955,4589,4789,1980,60,455,133],"class_list":{"0":"post-134926","1":"post","2":"type-post","3":"status-publish","4":"format-standard","5":"has-post-thumbnail","7":"category-sports","8":"tag-c3","9":"tag-calendrier","10":"tag-chelsea","11":"tag-classement","12":"tag-coupe-deurope","13":"tag-direct","14":"tag-europa-league","15":"tag-foot","16":"tag-football","17":"tag-fr","18":"tag-france","19":"tag-groupe","20":"tag-ligue-europa","21":"tag-match","22":"tag-phase-finale","23":"tag-poule","24":"tag-resultats","25":"tag-sports","26":"tag-uefa","27":"tag-video"},"share_on_mastodon":{"url":"https:\/\/pubeurope.com\/@fr\/114586823450450845","error":""},"_links":{"self":[{"href":"https:\/\/www.europesays.com\/fr\/wp-json\/wp\/v2\/posts\/134926","targetHints":{"allow":["GET"]}}],"collection":[{"href":"https:\/\/www.europesays.com\/fr\/wp-json\/wp\/v2\/posts"}],"about":[{"href":"https:\/\/www.europesays.com\/fr\/wp-json\/wp\/v2\/types\/post"}],"author":[{"embeddable":true,"href":"https:\/\/www.europesays.com\/fr\/wp-json\/wp\/v2\/users\/2"}],"replies":[{"embeddable":true,"href":"https:\/\/www.europesays.com\/fr\/wp-json\/wp\/v2\/comments?post=134926"}],"version-history":[{"count":0,"href":"https:\/\/www.europesays.com\/fr\/wp-json\/wp\/v2\/posts\/134926\/revisions"}],"wp:featuredmedia":[{"embeddable":true,"href":"https:\/\/www.europesays.com\/fr\/wp-json\/wp\/v2\/media\/134927"}],"wp:attachment":[{"href":"https:\/\/www.europesays.com\/fr\/wp-json\/wp\/v2\/media?parent=134926"}],"wp:term":[{"taxonomy":"category","embeddable":true,"href":"https:\/\/www.europesays.com\/fr\/wp-json\/wp\/v2\/categories?post=134926"},{"taxonomy":"post_tag","embeddable":true,"href":"https:\/\/www.europesays.com\/fr\/wp-json\/wp\/v2\/tags?post=134926"}],"curies":[{"name":"wp","href":"https:\/\/api.w.org\/{rel}","templated":true}]}}