{"id":134930,"date":"2025-05-28T18:16:16","date_gmt":"2025-05-28T18:16:16","guid":{"rendered":"https:\/\/www.europesays.com\/fr\/134930\/"},"modified":"2025-05-28T18:16:16","modified_gmt":"2025-05-28T18:16:16","slug":"one-ui-8-arrive-deja-sur-les-smartphones-samsung-voici-les-nouveautes","status":"publish","type":"post","link":"https:\/\/www.europesays.com\/fr\/134930\/","title":{"rendered":"One UI 8 arrive d\u00e9j\u00e0 sur les smartphones Samsung, voici les nouveaut\u00e9s"},"content":{"rendered":"<p>Samsung a annonc\u00e9 ce jeudi le lancement de son programme b\u00eata pour One UI 8. Cette mise \u00e0 jour met en avant l\u2019intelligence artificielle et de nouvelles fonctionnalit\u00e9s. <\/p>\n<p><a href=\"https:\/\/images.frandroid.com\/wp-content\/uploads\/2025\/01\/samsung-galaxy-s25-ultra-pa-st-scaled.jpg\" target=\"_blank\" class=\"article-content__figure\" rel=\"nofollow noopener\"><img fetchpriority=\"high\" decoding=\"async\" loading=\"eager\" width=\"1200\" height=\"800\" src=\"https:\/\/www.europesays.com\/fr\/wp-content\/uploads\/2025\/05\/samsung-galaxy-s25-ultra-pa-st-1200x800-1.jpg\" alt=\"\" class=\"wp-image-2479662 wp-image wp-image\"  \/><\/a>Le Samsung Galaxy S25 Ultra \/\/ Source : Frandroid<\/p>\n<p>On s\u2019en doutait <a href=\"https:\/\/www.frandroid.com\/marques\/samsung\/2609015_samsung-one-ui-8-ca-sent-bon-pour-une-sortie-rapide-sur-le-galaxy-s25-ultra\" rel=\"nofollow noopener\" target=\"_blank\">\u00e0 l\u2019aune de rumeurs insistantes<\/a> depuis quelques semaines, c\u2019est d\u00e9j\u00e0 confirm\u00e9 : Samsung compte bel et bien lancer <a href=\"https:\/\/www.frandroid.com\/marques\/samsung\/2604837_vite-vite-one-ui-8-samsung-serait-vraiment-en-avance-pour-la-mise-a-jour-android-16\" rel=\"nofollow noopener\" target=\"_blank\">One UI 8<\/a> sur ses smartphones dans les prochains mois. Ce mercredi, la marque cor\u00e9enne a annonc\u00e9 l\u2019arriv\u00e9e du programme b\u00eata pour ses smartphones, avant un d\u00e9ploiement plus global plus tard dans l\u2019ann\u00e9e. <\/p>\n<p class=\"shortcode-container see-more\">\n    Pour aller plus loin<br \/><a href=\"https:\/\/www.frandroid.com\/guide-dachat\/386688_quels-smartphone-samsung-choisir-parmi-les-differentes-gammes-galaxy\" rel=\"nofollow noopener\" target=\"_blank\">Quels sont les meilleurs smartphones Samsung Galaxy \u00e0 acheter en 2025\u2009?<\/a>\n            <\/p>\n<p>Surtout, cette annonce de One UI 8, bas\u00e9 sur <a href=\"https:\/\/www.frandroid.com\/android\/mises-a-jour-android\/2424108_mise-a-jour-android-16-smartphones-compatibles-nouveautes-dates-tout-ce-quil-faut-savoir\" rel=\"nofollow noopener\" target=\"_blank\">Android 16<\/a>, est l\u2019occasion pour Samsung de d\u00e9voiler les nouveaut\u00e9s int\u00e9gr\u00e9es \u00e0 la nouvelle interface de ses <a href=\"https:\/\/www.frandroid.com\/guide-dachat\/386688_quels-smartphone-samsung-choisir-parmi-les-differentes-gammes-galaxy\" rel=\"nofollow noopener\" target=\"_blank\">smartphones Galaxy<\/a>. Comme c\u2019est d\u00e9j\u00e0 le cas depuis deux ans, l\u2019interface mettra essentiellement en avant les fonctionnalit\u00e9s autour de l\u2019IA du g\u00e9ant cor\u00e9en. <\/p>\n<p>Une mise \u00e0 jour centr\u00e9e en grande partie sur l\u2019IA<\/p>\n<p>            <img decoding=\"async\" width=\"1200\" height=\"446\" loading=\"lazy\" alt=\"Honor 400 box\" title=\"Honor 400 box\" class=\"is-radiusless placeholder-default wp-image\" src=\"https:\/\/www.europesays.com\/fr\/wp-content\/uploads\/2025\/05\/honor-400-box-1200x446.jpg\" \/>        <\/p>\n<p>\n                Le HONOR 400 512 Go est au prix du 256 Go            <\/p>\n<p class=\"has-text-weight-medium is-size-6 is-line-height-normal\">\n                Avec son capteur photo de 200 m\u00e9gapixels et son mode exclusif AI Image to Video, le HONOR 400 est le t\u00e9l\u00e9phone id\u00e9al pour vos prochaines vacances.            <\/p>\n<p>Dans un <a href=\"https:\/\/news.samsung.com\/global\/samsung-launches-one-ui-8-beta-program-the-first-generation-upgrade-starting-with-the-new-galaxy-foldables\" target=\"_blank\" rel=\"nofollow noopener\">long article de blog<\/a>, Samsung indique ainsi que One UI 8 va proposer une \u00ab exp\u00e9rience IA \u00bb cens\u00e9e simplifier la vie des utilisateurs au quotidien gr\u00e2ce aux fonctions multimodales, \u00e0 une interface unifi\u00e9e et des suggestions personnalis\u00e9es.<\/p>\n<p>Concr\u00e8tement, l\u2019IA pourra aussi bien interagir avec l\u2019utilisateur via le texte \u00e9crit que la voix ou l\u2019appareil photo pour analyser ce qu\u2019il a en face de lui. Samsung compte \u00e9galement pousser davantage les fonctions li\u00e9es \u00e0 <a href=\"https:\/\/www.frandroid.com\/marques\/samsung\/2475222_toutes-les-nouvelles-fonctions-de-galaxy-ai-sur-les-galaxy-s25-de-samsung\" rel=\"nofollow noopener\" target=\"_blank\">\u00ab\u00a0Now Bar\u00a0\u00bb et \u00ab\u00a0Now Brief\u00a0\u00bb<\/a>, d\u00e9j\u00e0 lanc\u00e9es en d\u00e9but d\u2019ann\u00e9e. Pour rassurer les utilisateurs au sujet des donn\u00e9es trait\u00e9es par l\u2019IA, Samsung indique qu\u2019il sera possible de s\u00e9lectionner diff\u00e9rents param\u00e8tres afin d\u2019affiner les fonctions propos\u00e9es. <\/p>\n<p><a href=\"https:\/\/www.europesays.com\/fr\/wp-content\/uploads\/2025\/05\/samsung-mobile-one-ui-8-beta-upgrade-starting-with-the-new-galaxy-foldables-main2.jpg\" target=\"_blank\" class=\"article-content__figure\"><img loading=\"lazy\" decoding=\"async\" width=\"1000\" height=\"667\" src=\"https:\/\/www.europesays.com\/fr\/wp-content\/uploads\/2025\/05\/samsung-mobile-one-ui-8-beta-upgrade-starting-with-the-new-galaxy-foldables-main2.jpg\" alt=\"L'interface One UI 8 de Samsung\" class=\"wp-image-2631129 wp-image\"  \/><\/a>L\u2019interface One UI 8 de Samsung \/\/ Source : Samsung<\/p>\n<p>En plus des nouveaut\u00e9s li\u00e9es \u00e0 l\u2019IA, One UI 8 va aussi int\u00e9grer plusieurs nouveaut\u00e9s d\u2019Android 16. C\u2019est notamment le cas de la fonction <a href=\"https:\/\/www.frandroid.com\/produits-android\/audio\/1361383_le-bluetooth-auracast-arrive-quest-ce-que-ca-va-changer-pour-nos-ecouteurs-et-casques\" rel=\"nofollow noopener\" target=\"_blank\">Bluetooth Auracast<\/a> pour diffuser de la musique vers plusieurs casques ou paires d\u2019\u00e9couteurs en m\u00eame temps \u00e0 l\u2019aide d\u2019un simple <a href=\"https:\/\/www.frandroid.com\/comment-faire\/tutoriaux\/527985_guide-tutoriel-comment-scanner-flasher-qr-code-barre\" rel=\"nofollow noopener\" target=\"_blank\">QR Code<\/a>. <\/p>\n<p class=\"shortcode-container see-more\">\n    Pour aller plus loin<br \/><a href=\"https:\/\/www.frandroid.com\/produits-android\/audio\/1361383_le-bluetooth-auracast-arrive-quest-ce-que-ca-va-changer-pour-nos-ecouteurs-et-casques\" rel=\"nofollow noopener\" target=\"_blank\">Le Bluetooth Auracast arrive : qu\u2019est ce que \u00e7a va changer pour nos \u00e9couteurs et casques<\/a>\n            <\/p>\n<p>L\u2019application Reminder, pour les rappels, va aussi \u00eatre am\u00e9lior\u00e9, particuli\u00e8rement dans le cadre d\u2019un voyage. Enfin, Samsung indique avoir renforc\u00e9 son syst\u00e8me de partage de fichiers Quick Share pour envoyer ou recevoir des fichiers de la part d\u2019un autre appareil. <\/p>\n<p>Le programme b\u00eata d\u00e9j\u00e0 lanc\u00e9\u2026 mais pas en France<\/p>\n<p>One UI 8 est d\u2019ores et d\u00e9j\u00e0 disponible en version b\u00eata. Pour l\u2019instant, le programme b\u00eata de Samsung n\u2019est cependant propos\u00e9 que pour les <a href=\"https:\/\/www.frandroid.com\/marques\/samsung\/2492280_test-du-samsung-galaxy-s25-sans-surprise-mais-pas-sans-saveur\" rel=\"nofollow noopener\" target=\"_blank\">S25<\/a>, <a href=\"https:\/\/www.frandroid.com\/marques\/samsung\/2492460_test-du-samsung-galaxy-s25-plus-un-bon-smartphone-sans-prise-de-risque\" rel=\"nofollow noopener\" target=\"_blank\">S25 Plus<\/a> et <a href=\"https:\/\/www.frandroid.com\/marques\/samsung\/2482652_test-samsung-galaxy-s25-ultra\" rel=\"nofollow noopener\" target=\"_blank\">S25 Ultra<\/a> en Allemagne, en Cor\u00e9e du Sud, au Royaume-Uni et aux \u00c9tats-Unis. <\/p>\n<p>Par la suite, Samsung a annonc\u00e9 vouloir lancer la version finale de One UI 8 avec \u00ab les nouveaux pliants de Samsung cet \u00e9t\u00e9 \u00bb. On peut donc s\u2019attendre \u00e0 ce que les futurs Galaxy Z Fold 7 et Galaxy Z Flip 7 en juillet en soient nativement \u00e9quip\u00e9s. Les autres appareils de Samsung devraient peu \u00e0 peu \u00eatre mise \u00e0 jour plus tard dans l\u2019ann\u00e9e. <\/p>\n","protected":false},"excerpt":{"rendered":"Samsung a annonc\u00e9 ce jeudi le lancement de son programme b\u00eata pour One UI 8. Cette mise \u00e0&hellip;\n","protected":false},"author":2,"featured_media":134931,"comment_status":"","ping_status":"","sticky":false,"template":"","format":"standard","meta":{"footnotes":""},"categories":[7],"tags":[653,1011,27,16931,16932,16933,26084,43,40,41,39,42,44],"class_list":{"0":"post-134930","1":"post","2":"type-post","3":"status-publish","4":"format-standard","5":"has-post-thumbnail","7":"category-sciences-et-technologies","8":"tag-android-16","9":"tag-fr","10":"tag-france","11":"tag-samsung-galaxy-s25","12":"tag-samsung-galaxy-s25-plus","13":"tag-samsung-galaxy-s25-ultra","14":"tag-samsung-one-ui-8","15":"tag-science","16":"tag-science-and-technology","17":"tag-sciences","18":"tag-sciences-et-technologies","19":"tag-technologies","20":"tag-technology"},"share_on_mastodon":{"url":"https:\/\/pubeurope.com\/@fr\/114586831108306784","error":""},"_links":{"self":[{"href":"https:\/\/www.europesays.com\/fr\/wp-json\/wp\/v2\/posts\/134930","targetHints":{"allow":["GET"]}}],"collection":[{"href":"https:\/\/www.europesays.com\/fr\/wp-json\/wp\/v2\/posts"}],"about":[{"href":"https:\/\/www.europesays.com\/fr\/wp-json\/wp\/v2\/types\/post"}],"author":[{"embeddable":true,"href":"https:\/\/www.europesays.com\/fr\/wp-json\/wp\/v2\/users\/2"}],"replies":[{"embeddable":true,"href":"https:\/\/www.europesays.com\/fr\/wp-json\/wp\/v2\/comments?post=134930"}],"version-history":[{"count":0,"href":"https:\/\/www.europesays.com\/fr\/wp-json\/wp\/v2\/posts\/134930\/revisions"}],"wp:featuredmedia":[{"embeddable":true,"href":"https:\/\/www.europesays.com\/fr\/wp-json\/wp\/v2\/media\/134931"}],"wp:attachment":[{"href":"https:\/\/www.europesays.com\/fr\/wp-json\/wp\/v2\/media?parent=134930"}],"wp:term":[{"taxonomy":"category","embeddable":true,"href":"https:\/\/www.europesays.com\/fr\/wp-json\/wp\/v2\/categories?post=134930"},{"taxonomy":"post_tag","embeddable":true,"href":"https:\/\/www.europesays.com\/fr\/wp-json\/wp\/v2\/tags?post=134930"}],"curies":[{"name":"wp","href":"https:\/\/api.w.org\/{rel}","templated":true}]}}