{"id":134936,"date":"2025-05-28T18:19:08","date_gmt":"2025-05-28T18:19:08","guid":{"rendered":"https:\/\/www.europesays.com\/fr\/134936\/"},"modified":"2025-05-28T18:19:08","modified_gmt":"2025-05-28T18:19:08","slug":"un-mineur-afghan-condamne-a-8-ans-de-prison-ferme","status":"publish","type":"post","link":"https:\/\/www.europesays.com\/fr\/134936\/","title":{"rendered":"un mineur afghan condamn\u00e9 \u00e0 8 ans de prison ferme"},"content":{"rendered":"<p>Matisse, 15 ans, a \u00e9t\u00e9 poignard\u00e9 \u00e0 mort au pied d\u2019une barre d\u2019immeuble de Ch\u00e2teauroux le 27 avril 2024. Son agresseur avait mis une lame sous la gorge d\u2019un autre jeune homme le week-end pr\u00e9c\u00e9dent.<\/p>\n<p class=\"fig-paragraph\">Un mineur afghan \u00e2g\u00e9 de 16 ans a \u00e9t\u00e9 condamn\u00e9 ce mercredi par le tribunal pour enfants de Ch\u00e2teauroux \u00e0 8 ans de prison ferme pour le meurtre de Matisse en avril 2024. Le proc\u00e8s avait d\u00e9but\u00e9 \u00e0 huis clos lundi.<\/p>\n<p class=\"fig-paragraph\">Le 27 avril 2024, Matisse, 15 ans, \u00e9tait\u00a0<a href=\"http:\/\/www.lefigaro.fr\/actualite-france\/a-chateauroux-l-emotion-et-l-incomprehension-apres-la-mort-de-matisse-poignarde-a-15-ans-20240429\" target=\"_blank\" data-fig-type=\"Article\" rel=\"noopener\" data-gtm-custom-categorie=\"navigation\" data-gtm-custom-action=\"crossclick\" data-gtm-custom-label=\"Contextuel\" data-gtm-event=\"customEventSPE\" data-fig-domain=\"LEFIGARO\">poignard\u00e9 \u00e0 mort au pied d\u2019une barre d\u2019immeuble de Ch\u00e2teauroux<\/a>\u00a0par ce mineur afghan, du m\u00eame \u00e2ge, qu\u2019il connaissait depuis quelques semaines. Le motif de cette agression sauvage est futile et d\u00e9risoire. Matisse aurait critiqu\u00e9 un morceau de rap \u00e9crit par l\u2019autre adolescent. Vex\u00e9, ce dernier aurait alors propos\u00e9 \u00e0 Matisse d\u2019en d\u00e9coudre en \u00abun contre un\u00bb dans un hall d\u2019immeuble. Furieux d\u2019avoir perdu la bagarre, il serait ensuite all\u00e9 chercher un couteau chez lui avant de poignarder Matisse \u00e0 plusieurs reprises au thorax et dans la r\u00e9gion du c\u0153ur.<\/p>\n<p class=\"fig-paragraph\">Le week-end pr\u00e9c\u00e9dant le meurtre de Matisse, le condamn\u00e9 avait \u00e9t\u00e9 interpell\u00e9 apr\u00e8s avoir mis une lame sous la gorge d\u2019un jeune homme dans un parc de Ch\u00e2teauroux pour lui voler son t\u00e9l\u00e9phone portable. L\u2019adolescent,\u00a0<a href=\"http:\/\/www.lefigaro.fr\/faits-divers\/wallah-j-ai-trop-la-haine-le-profil-inquietant-du-mineur-afghan-suspecte-du-meurtre-de-matisse-a-chateauroux-20240430\" target=\"_blank\" data-fig-type=\"NewsFlash\" rel=\"noopener\" data-gtm-custom-categorie=\"navigation\" data-gtm-custom-action=\"crossclick\" data-gtm-custom-label=\"Contextuel\" data-gtm-event=\"customEventSPE\" data-fig-domain=\"LEFIGARO\">qui n\u2019h\u00e9sitait pas \u00e0 se filmer avec un couteau et \u00e0 afficher son hostilit\u00e9 envers la police sur les r\u00e9seaux sociaux<\/a>, avait alors \u00e9t\u00e9 plac\u00e9 sous contr\u00f4le judiciaire. Avant de commettre l\u2019irr\u00e9parable quelques jours plus tard.<\/p>\n<p class=\"fig-body-link\">\n            \u00c0 lire aussi<br \/>\n        <a class=\"fig-body-link__link fig-premium-mark\" href=\"http:\/\/www.lefigaro.fr\/faits-divers\/wallah-j-ai-trop-la-haine-le-profil-inquietant-du-mineur-afghan-suspecte-du-meurtre-de-matisse-a-chateauroux-20240430\" target=\"_blank\" data-fig-type=\"NewsFlash\" rel=\"noopener\" data-gtm-custom-categorie=\"navigation\" data-gtm-custom-action=\"crossclick\" data-gtm-custom-label=\"Contextuel\" data-gtm-event=\"customEventSPE\" data-fig-domain=\"LEFIGARO\">\u00abWallah j&rsquo;ai trop la haine\u00bb\u00a0: le profil inqui\u00e9tant du mineur afghan suspect\u00e9 du meurtre de Matisse \u00e0 Ch\u00e2teauroux<br \/>\n    <\/a>\n<\/p>\n<p class=\"fig-paragraph\">Fan de foot et de sports de raquette, Matisse \u00e9tait promis \u00e0 un bel avenir dans la restauration. Le jeune homme avait entam\u00e9 un CAP de cuisinier au centre de formation d\u2019apprentis de Ch\u00e2teauroux. Avant l\u2019ouverture du proc\u00e8s,\u00a0<a href=\"http:\/\/www.lefigaro.fr\/faits-divers\/un-gamin-plein-d-humour-le-pere-de-matisse-poignarde-a-mort-a-chateauroux-il-y-a-un-an-lui-rend-hommage-avant-le-proces-20250526\" target=\"_blank\" data-fig-type=\"NewsFlash\" rel=\"noopener\" data-gtm-custom-categorie=\"navigation\" data-gtm-custom-action=\"crossclick\" data-gtm-custom-label=\"Contextuel\" data-gtm-event=\"customEventSPE\" data-fig-domain=\"LEFIGARO\">son p\u00e8re, Christophe, se souvenait avec tendresse et \u00e9motion<\/a>\u00a0d\u2019\u00abun gamin bien dans sa peau, plein d\u2019humour, blagueur, taquin, un poil timide au d\u00e9but mais tr\u00e8s sociable\u00bb, un adolescent \u00abqui n\u2019aimait pas du tout les conflits et avait tendance \u00e0 apaiser le monde\u00bb.<\/p>\n","protected":false},"excerpt":{"rendered":"Matisse, 15 ans, a \u00e9t\u00e9 poignard\u00e9 \u00e0 mort au pied d\u2019une barre d\u2019immeuble de Ch\u00e2teauroux le 27 avril&hellip;\n","protected":false},"author":2,"featured_media":134937,"comment_status":"","ping_status":"","sticky":false,"template":"","format":"standard","meta":{"footnotes":""},"categories":[4],"tags":[119,11,3694,14118,4351,271,2951,3695,3696,118,1011,27,2825,1253,303,777,12,1072,2694,25,2949],"class_list":{"0":"post-134936","1":"post","2":"type-post","3":"status-publish","4":"format-standard","5":"has-post-thumbnail","7":"category-france","8":"tag-accident","9":"tag-actualites","10":"tag-affaires","11":"tag-attaque-au-couteau","12":"tag-chateauroux","13":"tag-crime","14":"tag-criminalite","15":"tag-enquetes","16":"tag-evenements","17":"tag-faits-divers","18":"tag-fr","19":"tag-france","20":"tag-insecurite","21":"tag-islamisme","22":"tag-justice","23":"tag-meurtre","24":"tag-news","25":"tag-police","26":"tag-proces","27":"tag-republique-francaise","28":"tag-violences"},"share_on_mastodon":{"url":"https:\/\/pubeurope.com\/@fr\/114586842763384677","error":""},"_links":{"self":[{"href":"https:\/\/www.europesays.com\/fr\/wp-json\/wp\/v2\/posts\/134936","targetHints":{"allow":["GET"]}}],"collection":[{"href":"https:\/\/www.europesays.com\/fr\/wp-json\/wp\/v2\/posts"}],"about":[{"href":"https:\/\/www.europesays.com\/fr\/wp-json\/wp\/v2\/types\/post"}],"author":[{"embeddable":true,"href":"https:\/\/www.europesays.com\/fr\/wp-json\/wp\/v2\/users\/2"}],"replies":[{"embeddable":true,"href":"https:\/\/www.europesays.com\/fr\/wp-json\/wp\/v2\/comments?post=134936"}],"version-history":[{"count":0,"href":"https:\/\/www.europesays.com\/fr\/wp-json\/wp\/v2\/posts\/134936\/revisions"}],"wp:featuredmedia":[{"embeddable":true,"href":"https:\/\/www.europesays.com\/fr\/wp-json\/wp\/v2\/media\/134937"}],"wp:attachment":[{"href":"https:\/\/www.europesays.com\/fr\/wp-json\/wp\/v2\/media?parent=134936"}],"wp:term":[{"taxonomy":"category","embeddable":true,"href":"https:\/\/www.europesays.com\/fr\/wp-json\/wp\/v2\/categories?post=134936"},{"taxonomy":"post_tag","embeddable":true,"href":"https:\/\/www.europesays.com\/fr\/wp-json\/wp\/v2\/tags?post=134936"}],"curies":[{"name":"wp","href":"https:\/\/api.w.org\/{rel}","templated":true}]}}