{"id":134938,"date":"2025-05-28T18:20:10","date_gmt":"2025-05-28T18:20:10","guid":{"rendered":"https:\/\/www.europesays.com\/fr\/134938\/"},"modified":"2025-05-28T18:20:10","modified_gmt":"2025-05-28T18:20:10","slug":"une-senatrice-lr-controlee-par-les-douanes-de-roissy-avec-22-kilos-de-tabac-non-declares-dans-ses-bagages-liberation","status":"publish","type":"post","link":"https:\/\/www.europesays.com\/fr\/134938\/","title":{"rendered":"Une s\u00e9natrice LR contr\u00f4l\u00e9e par les douanes de Roissy avec 22 kilos de tabac non d\u00e9clar\u00e9s dans ses bagages \u2013 Lib\u00e9ration"},"content":{"rendered":"<p class=\"sc-ksZaOG ehjQrN text-element\">22\u00a0000 cigarettes, c\u2019est beaucoup. L\u2019\u00e9quivalent de plus d\u2019un paquet par jour pendant trois\u00a0ans. Selon nos confr\u00e8res de Mediapart, la s\u00e9natrice Les R\u00e9publicains de Saint-Martin Annick Petrus a \u00e9t\u00e9 contr\u00f4l\u00e9e dimanche 4\u00a0mai par les douanes de l\u2019a\u00e9roport de Roissy avec en sa possession \u00ab110\u00a0cartouches de cigarettes Marlboro et Philip Morris n\u2019ayant fait l\u2019objet d\u2019aucune d\u00e9claration\u00bb. Soit l\u2019\u00e9quivalent de 22 kilos de marchandise de contrebande, pour une valeur totale de 14\u00a0250\u00a0euros.<\/p>\n<p class=\"sc-ksZaOG ehjQrN text-element\">D\u2019apr\u00e8s nos confr\u00e8res, la vice-pr\u00e9sidente de la d\u00e9l\u00e9gation s\u00e9natoriale aux outre-mer fait de r\u00e9guliers allers-retours entre Paris et les Antilles fran\u00e7aises, dans sa circonscription de Saint-Martin\u00a0: \u00abElle a conserv\u00e9 un mandat de conseill\u00e8re territoriale sur cette \u00eele des Cara\u00efbes.\u00bb<\/p>\n<p class=\"sc-ksZaOG ehjQrN text-element\">Si les faits sont passibles de trois\u00a0ans de prison, le m\u00e9dia d\u2019investigation en ligne indique que l\u2019affaire s\u2019est sold\u00e9e par une amende de 4\u00a0900\u00a0euros et la saisie des cartouches de cigarettes. L\u2019existence d\u2019une convention entre les douanes et le parquet de Bobigny \u2013 qui est territorialement comp\u00e9tent \u00e0 Roissy \u2013 permet un \u00abarrangement transactionnel\u00bb. Jusqu\u2019\u00e0 150 cartouches, les contrebandiers peuvent \u00e9viter toute poursuite judiciaire en r\u00e9glant une p\u00e9nalit\u00e9.<\/p>\n<p class=\"sc-ksZaOG ehjQrN text-element\">Contact\u00e9e par Mediapart, Annick Petrus affirme avoir transport\u00e9 une valise de Saint-Martin \u00e0 Paris \u00e0 la demande d\u2019un proche et sans en conna\u00eetre le contenu. Une autre personne devait la r\u00e9cup\u00e9rer \u00e0 l\u2019arriv\u00e9e. Elle explique avoir simplement accept\u00e9 de rendre un service\u00a0: \u00ab\u00c7a se fait beaucoup aux Antilles, vous avez des parents, amis, alli\u00e9s qui vous donnent des colis, des trucs \u00e0 ramener pour des proches. A chaque d\u00e9placement je porte des cartons, des paquets. Ce sont des personnes que vous connaissez, vous leur faites confiance. \u00c7a fait des ann\u00e9es que je fais \u00e7a entre la Guadeloupe, Saint-Martin, Paris. 95\u00a0% de mes voyages, j\u2019ai un colis pour quelqu\u2019un. Je n\u2019ai jamais eu de probl\u00e8me, et cette fois-ci j\u2019ai eu un contr\u00f4le douanier.\u00bb<\/p>\n<p class=\"sc-ksZaOG ehjQrN text-element\">La s\u00e9natrice raconte s\u2019\u00eatre sentie \u00abidiote\u00bb et confirme avoir r\u00e9gl\u00e9 une amende. Elle assure par ailleurs que cette m\u00e9saventure lui sert de \u00able\u00e7on\u00bb. Comme rep\u00e9r\u00e9 par nos confr\u00e8res, Annick Petrus avait notamment d\u00e9plor\u00e9 en d\u00e9cembre\u00a02022 au S\u00e9nat la pr\u00e9sence de \u00abdeux douaniers seulement\u00bb sur le territoire de Saint-Martin.<\/p>\n","protected":false},"excerpt":{"rendered":"22\u00a0000 cigarettes, c\u2019est beaucoup. L\u2019\u00e9quivalent de plus d\u2019un paquet par jour pendant trois\u00a0ans. Selon nos confr\u00e8res de Mediapart,&hellip;\n","protected":false},"author":2,"featured_media":134939,"comment_status":"","ping_status":"","sticky":false,"template":"","format":"standard","meta":{"footnotes":""},"categories":[2],"tags":[11,1011,27,3228,12,26085,1004],"class_list":{"0":"post-134938","1":"post","2":"type-post","3":"status-publish","4":"format-standard","5":"has-post-thumbnail","7":"category-actualites","8":"tag-actualites","9":"tag-fr","10":"tag-france","11":"tag-lr","12":"tag-news","13":"tag-saint-martin","14":"tag-senat"},"share_on_mastodon":{"url":"https:\/\/pubeurope.com\/@fr\/114586846694147506","error":""},"_links":{"self":[{"href":"https:\/\/www.europesays.com\/fr\/wp-json\/wp\/v2\/posts\/134938","targetHints":{"allow":["GET"]}}],"collection":[{"href":"https:\/\/www.europesays.com\/fr\/wp-json\/wp\/v2\/posts"}],"about":[{"href":"https:\/\/www.europesays.com\/fr\/wp-json\/wp\/v2\/types\/post"}],"author":[{"embeddable":true,"href":"https:\/\/www.europesays.com\/fr\/wp-json\/wp\/v2\/users\/2"}],"replies":[{"embeddable":true,"href":"https:\/\/www.europesays.com\/fr\/wp-json\/wp\/v2\/comments?post=134938"}],"version-history":[{"count":0,"href":"https:\/\/www.europesays.com\/fr\/wp-json\/wp\/v2\/posts\/134938\/revisions"}],"wp:featuredmedia":[{"embeddable":true,"href":"https:\/\/www.europesays.com\/fr\/wp-json\/wp\/v2\/media\/134939"}],"wp:attachment":[{"href":"https:\/\/www.europesays.com\/fr\/wp-json\/wp\/v2\/media?parent=134938"}],"wp:term":[{"taxonomy":"category","embeddable":true,"href":"https:\/\/www.europesays.com\/fr\/wp-json\/wp\/v2\/categories?post=134938"},{"taxonomy":"post_tag","embeddable":true,"href":"https:\/\/www.europesays.com\/fr\/wp-json\/wp\/v2\/tags?post=134938"}],"curies":[{"name":"wp","href":"https:\/\/api.w.org\/{rel}","templated":true}]}}