{"id":134945,"date":"2025-05-28T18:24:15","date_gmt":"2025-05-28T18:24:15","guid":{"rendered":"https:\/\/www.europesays.com\/fr\/134945\/"},"modified":"2025-05-28T18:24:15","modified_gmt":"2025-05-28T18:24:15","slug":"insoutenable-a-nancy-la-colere-saffiche-sur-les-panneaux-publicitaires-confrontes-a-un-cadre-plus-strict","status":"publish","type":"post","link":"https:\/\/www.europesays.com\/fr\/134945\/","title":{"rendered":"\u00ab\u00a0Insoutenable\u00a0\u00bb : \u00e0 Nancy, la col\u00e8re s&rsquo;affiche sur les panneaux publicitaires confront\u00e9s \u00e0 un cadre plus strict"},"content":{"rendered":"<p>En dix ans, le paysage routier fran\u00e7ais s\u2019est radicalement transform\u00e9 : les grands panneaux publicitaires se font de plus en plus rares.Des villes comme Nantes, Grenoble ou Marseille ont tourn\u00e9 le dos \u00e0 cette forme de communication visuelle.Une tendance qui inqui\u00e8te les professionnels du secteur, menac\u00e9s par cette disparition progressive.<a href=\"https:\/\/www.tf1info.fr\/actualite\/initiatives-environnementales-12929\/\" rel=\"noopener\" class=\"jsx-3118104007 Link jsx-1428418400 jsx-1797245342\" target=\"_blank\"><\/p>\n<p style=\"font-weight:400\" class=\"jsx-1837267516\">Suivez la couverture compl\u00e8te<\/p>\n<p style=\"font-weight:800\" class=\"jsx-1837267516\">Initiatives environnementales<\/p>\n<p><\/a><\/p>\n<p data-module=\"article-paragraph\" class=\"jsx-362436225 Paragraph Paragraph__End\">Perte de revenu, impossible de communiquer&#8230; la col\u00e8re s&rsquo;affiche en format 4&#215;3. Des panneaux publicitaires sur lesquels sont \u00e9crits ces mots : \u00ab\u00a0Projet RLPI = interdiction de la publicit\u00e9\u00a0\u00bb, \u00ab\u00a0Confiscation de 100 ans de libert\u00e9 d&rsquo;expression\u00a0\u00bb, \u00ab\u00a0Valorisation des soci\u00e9t\u00e9s Am\u00e9ricaines et Chinoises, du digital, des GAFAM au d\u00e9triment des entreprises locales\u00a0\u00bb&#8230; La raison ? Le R\u00e8glement local de publicit\u00e9 (RLP) qui impose des normes sur la prolif\u00e9ration des panneaux publicitaires. \u00ab\u00a0C&rsquo;est vraiment brutal\u00a0\u00bb, estime Laurent Thivel, pr\u00e9sident de la soci\u00e9t\u00e9 Publimat, dans le sujet en t\u00eate de cet article. \u00c0 Nancy, l&rsquo;agglom\u00e9ration veut r\u00e9duire drastiquement l&rsquo;affichage publicitaire. Un coup dur pour les affichistes : \u00ab\u00a0Aujourd&rsquo;hui, sur la ville de Nancy, on est \u00e0 95% de perte. Il subsisterait trois panneaux. Donc c&rsquo;est insoutenable. Une ville de 100.000 habitants, on ne peut pas communiquer avec trois panneaux\u00a0\u00bb. Une r\u00e9duction pouvant mettre en danger toute une fili\u00e8re. Car moins d&rsquo;affiches, c&rsquo;est moins de travail pour les poseurs ou encore les graphistes.\u00a0<\/p>\n<p data-module=\"article-paragraph\" class=\"jsx-362436225 Paragraph Paragraph__End\">Le jour de notre reportage, une pub est finalis\u00e9e pour un magasin du centre-ville. \u00ab\u00a0Le probl\u00e8me, c&rsquo;est que \u00e7a nous coupe l&rsquo;herbe sous le pied\u00a0\u00bb, d\u00e9plore Christophe De Matthe\u00efs, g\u00e9rant de la boutique Cinna \u00e0 Nancy. Des commerces pour qui ce mode de communication est indispensable : \u00ab\u00a0L&rsquo;impact n&rsquo;est pas du tout le m\u00eame. Pour moi, le 4&#215;3, c&rsquo;est primordial. Tout de suite, \u00e7a flashe, \u00e7a attire l&rsquo;attention\u00a0\u00bb. Sur ces affiches omnipr\u00e9sentes dans toute la ville, les habitants sont partag\u00e9s. Pour certains, \u00e7a occupe : \u00ab\u00a0Pour moi, \u00e7a me fait passer du temps quand je suis gar\u00e9e au feu rouge\u00a0\u00bb. Pour d&rsquo;autres, c&rsquo;est superflu : \u00ab\u00a0Cela enlaidit inutilement les rues. Donc s&rsquo;il y en a un petit peu moins, ce n&rsquo;est pas mal\u00a0\u00bb.\u00a0<\/p>\n<p>La plupart des panneaux bient\u00f4t d\u00e9mont\u00e9s<\/p>\n<p data-module=\"article-paragraph\" class=\"jsx-362436225 Paragraph Paragraph__End\">Embellir et pr\u00e9server l&rsquo;environnement urbain. Ce sont justement les objectifs avanc\u00e9s par Vincent Matheron, vice-pr\u00e9sident de la m\u00e9tropole de Nancy, en charge du dossier : \u00ab\u00a0Le sujet aujourd&rsquo;hui, c&rsquo;est \u00e0 la fois la densit\u00e9 des panneaux publicitaires, mais aussi les diff\u00e9rents dispositifs qui existent. Et notamment un dispositif lumineux qui aujourd&rsquo;hui nous questionne. Quand une zone d&rsquo;activit\u00e9 est ferm\u00e9e, il n&rsquo;y a pas besoin que la publicit\u00e9 soit encore allum\u00e9e.\u00a0\u00bb\u00a0<\/p>\n<ul class=\"jsx-3657663356 ReadMoreArticle__List flex flex-column\">\n<li class=\"jsx-3657663356\"><a href=\"https:\/\/www.tf1info.fr\/societe\/video-panneaux-d-affichage-voiture-floquee-ces-francais-qui-se-font-publicitaires-pour-arrondir-leurs-fins-de-mois-2342900.html\" rel=\"noopener\" class=\"jsx-4233824444 Link flex\" target=\"_blank\"><img decoding=\"async\" src=\"https:\/\/www.europesays.com\/fr\/wp-content\/uploads\/2025\/05\/un-panneau-publicitaire-dans-le-jardin-de-gerard-34447f-0@1x.jpeg\" alt=\"Lire aussi\" loading=\"lazy\" importance=\"low\" fetchpriority=\"low\" class=\"\"\/>\n<p class=\"jsx-3657663356 ReadMoreArticle__Title\">Lire aussi<\/p>\n<p class=\"jsx-3657663356\">Panneaux d&rsquo;affichage, voiture floqu\u00e9e : ces Fran\u00e7ais qui se font publicitaires pour arrondir leurs fins de mois<\/p>\n<p><\/a><\/li>\n<\/ul>\n<p data-module=\"article-paragraph\" class=\"jsx-362436225 Paragraph Paragraph__End\">Des discussions sont encore en cours pour amender le projet. Mais la plupart des panneaux dans le centre-ville de Nancy vont \u00eatre d\u00e9mont\u00e9s.<\/p>\n<p>La r\u00e9daction de TF1info | Reportage : Pierre-Micka\u00ebl Carniel<\/p>\n","protected":false},"excerpt":{"rendered":"En dix ans, le paysage routier fran\u00e7ais s\u2019est radicalement transform\u00e9 : les grands panneaux publicitaires se font de&hellip;\n","protected":false},"author":2,"featured_media":134946,"comment_status":"","ping_status":"","sticky":false,"template":"","format":"standard","meta":{"footnotes":""},"categories":[9635],"tags":[1111,11,1921,341,1777,674,1011,27,775,1922,8472,5008,1702,12,26086,25,133,13990],"class_list":{"0":"post-134945","1":"post","2":"type-post","3":"status-publish","4":"format-standard","5":"has-post-thumbnail","7":"category-nancy","8":"tag-actu","9":"tag-actualites","10":"tag-article-video","11":"tag-emploi","12":"tag-eu","13":"tag-europe","14":"tag-fr","15":"tag-france","16":"tag-grand-est","17":"tag-info","18":"tag-initiatives-environnementales","19":"tag-le-13h","20":"tag-nancy","21":"tag-news","22":"tag-politique-locale","23":"tag-republique-francaise","24":"tag-video","25":"tag-video-vie-pro-et-emploi"},"share_on_mastodon":{"url":"https:\/\/pubeurope.com\/@fr\/114586862706382822","error":""},"_links":{"self":[{"href":"https:\/\/www.europesays.com\/fr\/wp-json\/wp\/v2\/posts\/134945","targetHints":{"allow":["GET"]}}],"collection":[{"href":"https:\/\/www.europesays.com\/fr\/wp-json\/wp\/v2\/posts"}],"about":[{"href":"https:\/\/www.europesays.com\/fr\/wp-json\/wp\/v2\/types\/post"}],"author":[{"embeddable":true,"href":"https:\/\/www.europesays.com\/fr\/wp-json\/wp\/v2\/users\/2"}],"replies":[{"embeddable":true,"href":"https:\/\/www.europesays.com\/fr\/wp-json\/wp\/v2\/comments?post=134945"}],"version-history":[{"count":0,"href":"https:\/\/www.europesays.com\/fr\/wp-json\/wp\/v2\/posts\/134945\/revisions"}],"wp:featuredmedia":[{"embeddable":true,"href":"https:\/\/www.europesays.com\/fr\/wp-json\/wp\/v2\/media\/134946"}],"wp:attachment":[{"href":"https:\/\/www.europesays.com\/fr\/wp-json\/wp\/v2\/media?parent=134945"}],"wp:term":[{"taxonomy":"category","embeddable":true,"href":"https:\/\/www.europesays.com\/fr\/wp-json\/wp\/v2\/categories?post=134945"},{"taxonomy":"post_tag","embeddable":true,"href":"https:\/\/www.europesays.com\/fr\/wp-json\/wp\/v2\/tags?post=134945"}],"curies":[{"name":"wp","href":"https:\/\/api.w.org\/{rel}","templated":true}]}}