{"id":134951,"date":"2025-05-28T18:27:08","date_gmt":"2025-05-28T18:27:08","guid":{"rendered":"https:\/\/www.europesays.com\/fr\/134951\/"},"modified":"2025-05-28T18:27:08","modified_gmt":"2025-05-28T18:27:08","slug":"maitre-de-kung-fu-et-cutter-en-main-sa-nuit-finit-a-lhopital","status":"publish","type":"post","link":"https:\/\/www.europesays.com\/fr\/134951\/","title":{"rendered":"ma\u00eetre de kung-fu et cutter en main, sa nuit finit \u00e0 l\u2019h\u00f4pital"},"content":{"rendered":"<p>            Par<br \/>\n        <strong><br \/>\n            <a href=\"https:\/\/actu.fr\/auteur\/lea-pippinato\" title=\"Consulter tous les articles de L\u00e9a Pippinato\" rel=\"nofollow noopener\" target=\"_blank\">L\u00e9a Pippinato<\/a><br \/>\n        <\/strong><\/p>\n<p>        Publi\u00e9 le<\/p>\n<p>            28 mai 2025 \u00e0 19h42        <\/p>\n<p>Il est 1h du matin, dans la nuit de <strong>ce mardi 27 \u00e0 ce mercredi 28 mai 2025<\/strong>, quand plusieurs t\u00e9moins appellent la police. Un homme est aper\u00e7u dans le quartier des H\u00f4pitaux \u00e0 Montpellier. Il tient un objet tranchant dans la main, un cutter ou peut-\u00eatre un couteau. Les policiers nationaux n\u2019ont pas de mal \u00e0 localiser l\u2019individu. Un homme de 32 ans, v\u00eatu d\u2019un t-shirt rose, attire leur attention. Il est juch\u00e9 sur un compteur \u00e9lectrique, dans une posture \u00e9trange. Il effectue des gestes d\u00e9sordonn\u00e9s et semble se prendre pour un ma\u00eetre de kung-fu.<\/p>\n<p>    <a href=\"https:\/\/www.google.com\/maps\/embed?pb=!1m18!1m12!1m3!1d23100.83133161017!2d3.827538450320439!3d43.63560215056061!2m3!1f0!2f0!3f0!3m2!1i1024!2i768!4f13.1!3m3!1m2!1s0x12b6aec119613691%3A0x13951bac733b922d!2sH%C3%B4pitaux-Facult%C3%A9s%2C%20Montpellier!5e0!3m2!1sen!2sfr!4v1748446107356!5m2!1sen!2sfr\" title=\"Ouvrie le lien\" rel=\"nofollow noopener\" target=\"_blank\">Cliquez ici pour visualiser le contenu<\/a><\/p>\n<p>Une identit\u00e9 trouble, des papiers peu fiables<\/p>\n<p class=\" wall-content\">Les policiers l\u2019interpellent. Au moment du contr\u00f4le, l\u2019homme pr\u00e9sente des papiers roumains. Une pi\u00e8ce d\u2019identit\u00e9, des documents m\u00e9dicaux associ\u00e9s, tout semble coh\u00e9rent. Pourtant, les agents ne sont pas convaincus. Apr\u00e8s v\u00e9rification, l\u2019identit\u00e9 ne tient pas. L\u2019homme n\u2019est pas roumain, mais marocain. Il est d\u00e9j\u00e0 connu des services de police et fait l\u2019objet d\u2019une OQTF (obligation de quitter le territoire fran\u00e7ais) prononc\u00e9e \u00e0 la suite d\u2019une infraction pr\u00e9c\u00e9dente. L\u2019interpell\u00e9 ne reste pas longtemps dans les locaux de la police. Son \u00e9tat mental semble instable et les agents d\u00e9cident de le faire hospitaliser.<\/p>\n<p class=\" wall-content\">Suivez toute l\u2019actualit\u00e9 de vos villes et m\u00e9dias favoris en vous inscrivant \u00e0 <a href=\"https:\/\/moncompte.actu.fr\" title=\"D\u00e9couvez Mon Actu\" rel=\"nofollow noopener\" data-trk=\"{&quot;cta&quot;:{&quot;action&quot;:&quot;https:\\\/\\\/moncompte.actu.fr&quot;,&quot;category&quot;:&quot;mon compte&quot;,&quot;from&quot;:&quot;article footer&quot;,&quot;name&quot;:&quot;Mon actu&quot;,&quot;type&quot;:&quot;cta&quot;}}\" target=\"_blank\">Mon Actu<\/a>.<\/p>\n","protected":false},"excerpt":{"rendered":"Par L\u00e9a Pippinato Publi\u00e9 le 28 mai 2025 \u00e0 19h42 Il est 1h du matin, dans la nuit&hellip;\n","protected":false},"author":2,"featured_media":134952,"comment_status":"","ping_status":"","sticky":false,"template":"","format":"standard","meta":{"footnotes":""},"categories":[9599],"tags":[1111,11,1777,674,118,1011,27,2208,12,2680,1072,206,25],"class_list":{"0":"post-134951","1":"post","2":"type-post","3":"status-publish","4":"format-standard","5":"has-post-thumbnail","7":"category-montpellier","8":"tag-actu","9":"tag-actualites","10":"tag-eu","11":"tag-europe","12":"tag-faits-divers","13":"tag-fr","14":"tag-france","15":"tag-montpellier","16":"tag-news","17":"tag-occitanie","18":"tag-police","19":"tag-psycho","20":"tag-republique-francaise"},"share_on_mastodon":{"url":"https:\/\/pubeurope.com\/@fr\/114586874265009209","error":""},"_links":{"self":[{"href":"https:\/\/www.europesays.com\/fr\/wp-json\/wp\/v2\/posts\/134951","targetHints":{"allow":["GET"]}}],"collection":[{"href":"https:\/\/www.europesays.com\/fr\/wp-json\/wp\/v2\/posts"}],"about":[{"href":"https:\/\/www.europesays.com\/fr\/wp-json\/wp\/v2\/types\/post"}],"author":[{"embeddable":true,"href":"https:\/\/www.europesays.com\/fr\/wp-json\/wp\/v2\/users\/2"}],"replies":[{"embeddable":true,"href":"https:\/\/www.europesays.com\/fr\/wp-json\/wp\/v2\/comments?post=134951"}],"version-history":[{"count":0,"href":"https:\/\/www.europesays.com\/fr\/wp-json\/wp\/v2\/posts\/134951\/revisions"}],"wp:featuredmedia":[{"embeddable":true,"href":"https:\/\/www.europesays.com\/fr\/wp-json\/wp\/v2\/media\/134952"}],"wp:attachment":[{"href":"https:\/\/www.europesays.com\/fr\/wp-json\/wp\/v2\/media?parent=134951"}],"wp:term":[{"taxonomy":"category","embeddable":true,"href":"https:\/\/www.europesays.com\/fr\/wp-json\/wp\/v2\/categories?post=134951"},{"taxonomy":"post_tag","embeddable":true,"href":"https:\/\/www.europesays.com\/fr\/wp-json\/wp\/v2\/tags?post=134951"}],"curies":[{"name":"wp","href":"https:\/\/api.w.org\/{rel}","templated":true}]}}