{"id":134955,"date":"2025-05-28T18:29:08","date_gmt":"2025-05-28T18:29:08","guid":{"rendered":"https:\/\/www.europesays.com\/fr\/134955\/"},"modified":"2025-05-28T18:29:08","modified_gmt":"2025-05-28T18:29:08","slug":"rue-du-gros-horloge-a-rouen-decouvrez-le-magasin-qui-remplace-the-body-shop","status":"publish","type":"post","link":"https:\/\/www.europesays.com\/fr\/134955\/","title":{"rendered":"Rue du Gros Horloge \u00e0 Rouen, d\u00e9couvrez le magasin qui remplace The Body Shop"},"content":{"rendered":"<p>            Par<br \/>\n        <strong><br \/>\n            <a href=\"https:\/\/actu.fr\/auteur\/jessie-leclerc\" title=\"Consulter tous les articles de Jessie Leclerc\" rel=\"nofollow noopener\" target=\"_blank\">Jessie Leclerc<\/a><br \/>\n        <\/strong><\/p>\n<p>        Publi\u00e9 le<\/p>\n<p>            28 mai 2025 \u00e0 20h20        <\/p>\n<p>Dans la partie haute de la rue <a href=\"https:\/\/actu.fr\/normandie\/rouen_76540\/avec-sa-derniere-creation-il-propose-de-manger-le-gros-horloge-de-rouen_61983655.html\" rel=\"nofollow noopener\" target=\"_blank\">du Gros-Horloge<\/a>, au num\u00e9ro\u00a048, \u00e0 deux pas de la cath\u00e9drale <strong>de Rouen (Seine-Maritime)<\/strong>, une petite nouvelle a fait son apparition au printemps 2025. Il s\u2019agit de l\u2019enseigne <strong>Miramira<\/strong>, une franchise espagnole de bijoux.<\/p>\n<p>Une jeune marque<\/p>\n<p class=\" wall-content\">Miramira a \u00e9t\u00e9 cr\u00e9\u00e9 en 2022, \u00e0 Madrid. C\u2019est donc une jeune pousse dans le <a href=\"https:\/\/actu.fr\/normandie\/rouen_76540\/une-luxueuse-boutique-parisienne-de-bijoux-va-ouvrir-dans-le-centre-ville-de-rouen_62550935.html\" rel=\"nofollow noopener\" target=\"_blank\">monde de la bijouterie<\/a>. Pour autant, l\u2019enseigne s\u2019\u00e9tend \u00e0 vitesse grand V avec d\u00e9j\u00e0 plus de 150 magasins en Espagne et dans le monde.<\/p>\n<p class=\" wall-content\">L\u2019enseigne commence \u00e0 arriver en France. La boutique de Rouen<strong> est la premi\u00e8re de Normandie<\/strong> et m\u00eame la premi\u00e8re de la moiti\u00e9 nord de la France.<\/p>\n<p>100\u2009% bijoux<\/p>\n<p class=\" wall-content\">La marque est d\u00e9di\u00e9e aux<strong> bijoux pour femme \u00e0 bas prix<\/strong>, avec une large gamme de boucles d\u2019oreilles, colliers, bagues et bracelets, argent\u00e9s et dor\u00e9s. Sur son site, Miramira affirme proposer des pi\u00e8ces originales\u2009: \u00ab\u2009Nous ne nous limitons pas aux formes d\u00e9coup\u00e9es au laser. Derri\u00e8re chacune de nos pi\u00e8ces il y a du design, du travail et de l\u2019amour.\u2009\u00bb<\/p>\n<p class=\" wall-content\">Tous les bijoux sont <strong>en acier inoxydable, plaqu\u00e9 d\u2019or<\/strong> v\u00e9ritable. \u00ab\u2009Nous avons remplac\u00e9 l\u2019argent par l\u2019acier inoxydable car, \u00e9tant plus abordable, il nous permet d\u2019offrir de meilleurs prix \u00e0 nos clients\u2009\u00bb, insiste la franchise.<\/p>\n<p>Vid\u00e9os : en ce moment sur ActuMiramira, 48 rue du Gros-Horloge \u00e0 Rouen. Du mardi au samedi de 10h \u00e0 19h.<br \/>\nPlus d\u2019information <a href=\"https:\/\/miramirajewelry.com\/fr\" rel=\"nofollow noopener\" target=\"_blank\">sur le site de la franchise<\/a>.Suivez l\u2019actualit\u00e9 de Rouen <a href=\"https:\/\/www.whatsapp.com\/channel\/0029VaKfnf99hXF2ddApFB1D\" rel=\"nofollow noopener\" target=\"_blank\">sur notre cha\u00eene WhatsApp<\/a> et <a href=\"https:\/\/www.tiktok.com\/@76actu.fr?lang=fr\" rel=\"nofollow noopener\" target=\"_blank\">sur notre compte TikTok<\/a><\/p>\n<p class=\" wall-content\">Suivez toute l\u2019actualit\u00e9 de vos villes et m\u00e9dias favoris en vous inscrivant \u00e0 <a href=\"https:\/\/moncompte.actu.fr\" title=\"D\u00e9couvez Mon Actu\" rel=\"nofollow noopener\" data-trk=\"{&quot;cta&quot;:{&quot;action&quot;:&quot;https:\\\/\\\/moncompte.actu.fr&quot;,&quot;category&quot;:&quot;mon compte&quot;,&quot;from&quot;:&quot;article footer&quot;,&quot;name&quot;:&quot;Mon actu&quot;,&quot;type&quot;:&quot;cta&quot;}}\" target=\"_blank\">Mon Actu<\/a>.<\/p>\n<ul class=\"ac-article-tag wall-content\">\n<li><a href=\"https:\/\/actu.fr\/tag\/bon-plan-a-rouen\" data-trk=\"{&quot;cta&quot;:{&quot;action&quot;:&quot;Bon plan \\u00e0 Rouen&quot;,&quot;category&quot;:&quot;tag&quot;,&quot;from&quot;:&quot;article footer&quot;,&quot;name&quot;:&quot;Bon plan \\u00e0 Rouen&quot;,&quot;type&quot;:&quot;cta&quot;}}\" rel=\"nofollow noopener\" target=\"_blank\">#Bon plan \u00e0 Rouen<\/a><\/li>\n<li><a href=\"https:\/\/actu.fr\/tag\/nouveaux-commerces\" data-trk=\"{&quot;cta&quot;:{&quot;action&quot;:&quot;Nouveaux commerces&quot;,&quot;category&quot;:&quot;tag&quot;,&quot;from&quot;:&quot;article footer&quot;,&quot;name&quot;:&quot;Nouveaux commerces&quot;,&quot;type&quot;:&quot;cta&quot;}}\" rel=\"nofollow noopener\" target=\"_blank\">#Nouveaux commerces<\/a><\/li>\n<\/ul>\n<p>                    <script async src=\"\/\/www.tiktok.com\/embed.js\"><\/script><\/p>\n","protected":false},"excerpt":{"rendered":"Par Jessie Leclerc Publi\u00e9 le 28 mai 2025 \u00e0 20h20 Dans la partie haute de la rue du&hellip;\n","protected":false},"author":2,"featured_media":134956,"comment_status":"","ping_status":"","sticky":false,"template":"","format":"standard","meta":{"footnotes":""},"categories":[9587],"tags":[1111,11,9086,1777,674,1011,27,1652,12,5161,3147,25,9590],"class_list":{"0":"post-134955","1":"post","2":"type-post","3":"status-publish","4":"format-standard","5":"has-post-thumbnail","7":"category-rouen","8":"tag-actu","9":"tag-actualites","10":"tag-bon-plan-a-rouen","11":"tag-eu","12":"tag-europe","13":"tag-fr","14":"tag-france","15":"tag-loisirs-culture","16":"tag-news","17":"tag-normandie","18":"tag-nouveaux-commerces","19":"tag-republique-francaise","20":"tag-rouen"},"share_on_mastodon":{"url":"https:\/\/pubeurope.com\/@fr\/114586882125466895","error":""},"_links":{"self":[{"href":"https:\/\/www.europesays.com\/fr\/wp-json\/wp\/v2\/posts\/134955","targetHints":{"allow":["GET"]}}],"collection":[{"href":"https:\/\/www.europesays.com\/fr\/wp-json\/wp\/v2\/posts"}],"about":[{"href":"https:\/\/www.europesays.com\/fr\/wp-json\/wp\/v2\/types\/post"}],"author":[{"embeddable":true,"href":"https:\/\/www.europesays.com\/fr\/wp-json\/wp\/v2\/users\/2"}],"replies":[{"embeddable":true,"href":"https:\/\/www.europesays.com\/fr\/wp-json\/wp\/v2\/comments?post=134955"}],"version-history":[{"count":0,"href":"https:\/\/www.europesays.com\/fr\/wp-json\/wp\/v2\/posts\/134955\/revisions"}],"wp:featuredmedia":[{"embeddable":true,"href":"https:\/\/www.europesays.com\/fr\/wp-json\/wp\/v2\/media\/134956"}],"wp:attachment":[{"href":"https:\/\/www.europesays.com\/fr\/wp-json\/wp\/v2\/media?parent=134955"}],"wp:term":[{"taxonomy":"category","embeddable":true,"href":"https:\/\/www.europesays.com\/fr\/wp-json\/wp\/v2\/categories?post=134955"},{"taxonomy":"post_tag","embeddable":true,"href":"https:\/\/www.europesays.com\/fr\/wp-json\/wp\/v2\/tags?post=134955"}],"curies":[{"name":"wp","href":"https:\/\/api.w.org\/{rel}","templated":true}]}}