{"id":134958,"date":"2025-05-28T18:31:09","date_gmt":"2025-05-28T18:31:09","guid":{"rendered":"https:\/\/www.europesays.com\/fr\/134958\/"},"modified":"2025-05-28T18:31:09","modified_gmt":"2025-05-28T18:31:09","slug":"un-chantier-participatif-a-la-correspondance","status":"publish","type":"post","link":"https:\/\/www.europesays.com\/fr\/134958\/","title":{"rendered":"Un chantier participatif \u00e0 La Correspondance"},"content":{"rendered":"<p>Du 20 au 28\u00a0mai, la Ville de Grenoble a organis\u00e9 un chantier participatif sur le site du tiers-lieu La Correspondance, situ\u00e9 dans les locaux de l\u2019ancien IUFM, avenue Marcelin-Berthelot, dans le but de \u201cd\u00e9bitumer\u201d le lieu, qui accueillera, une fois les travaux du quartier Flaubert termin\u00e9s, le grand parc Simone-Veil. Ce chantier a mobilis\u00e9 les jeunes membres du service civique Unis Cit\u00e9.<\/p>\n","protected":false},"excerpt":{"rendered":"Du 20 au 28\u00a0mai, la Ville de Grenoble a organis\u00e9 un chantier participatif sur le site du tiers-lieu&hellip;\n","protected":false},"author":2,"featured_media":134959,"comment_status":"","ping_status":"","sticky":false,"template":"","format":"standard","meta":{"footnotes":""},"categories":[9566],"tags":[1111,11,2430,112,1777,674,1011,27,2731,2732,12,25,104],"class_list":{"0":"post-134958","1":"post","2":"type-post","3":"status-publish","4":"format-standard","5":"has-post-thumbnail","7":"category-grenoble","8":"tag-actu","9":"tag-actualites","10":"tag-auvergne-rhone-alpes","11":"tag-edition-grenoble-agglomeration","12":"tag-eu","13":"tag-europe","14":"tag-fr","15":"tag-france","16":"tag-grenoble","17":"tag-grenoble-bassin","18":"tag-news","19":"tag-republique-francaise","20":"tag-societe"},"share_on_mastodon":{"url":"https:\/\/pubeurope.com\/@fr\/114586890023636935","error":""},"_links":{"self":[{"href":"https:\/\/www.europesays.com\/fr\/wp-json\/wp\/v2\/posts\/134958","targetHints":{"allow":["GET"]}}],"collection":[{"href":"https:\/\/www.europesays.com\/fr\/wp-json\/wp\/v2\/posts"}],"about":[{"href":"https:\/\/www.europesays.com\/fr\/wp-json\/wp\/v2\/types\/post"}],"author":[{"embeddable":true,"href":"https:\/\/www.europesays.com\/fr\/wp-json\/wp\/v2\/users\/2"}],"replies":[{"embeddable":true,"href":"https:\/\/www.europesays.com\/fr\/wp-json\/wp\/v2\/comments?post=134958"}],"version-history":[{"count":0,"href":"https:\/\/www.europesays.com\/fr\/wp-json\/wp\/v2\/posts\/134958\/revisions"}],"wp:featuredmedia":[{"embeddable":true,"href":"https:\/\/www.europesays.com\/fr\/wp-json\/wp\/v2\/media\/134959"}],"wp:attachment":[{"href":"https:\/\/www.europesays.com\/fr\/wp-json\/wp\/v2\/media?parent=134958"}],"wp:term":[{"taxonomy":"category","embeddable":true,"href":"https:\/\/www.europesays.com\/fr\/wp-json\/wp\/v2\/categories?post=134958"},{"taxonomy":"post_tag","embeddable":true,"href":"https:\/\/www.europesays.com\/fr\/wp-json\/wp\/v2\/tags?post=134958"}],"curies":[{"name":"wp","href":"https:\/\/api.w.org\/{rel}","templated":true}]}}