{"id":134964,"date":"2025-05-28T18:34:13","date_gmt":"2025-05-28T18:34:13","guid":{"rendered":"https:\/\/www.europesays.com\/fr\/134964\/"},"modified":"2025-05-28T18:34:13","modified_gmt":"2025-05-28T18:34:13","slug":"les-assises-regionales-de-laccessibilite-ouvertes-au-public-le-5-juin-a-rennes","status":"publish","type":"post","link":"https:\/\/www.europesays.com\/fr\/134964\/","title":{"rendered":"Les assises r\u00e9gionales de l\u2019accessibilit\u00e9\u00a0ouvertes au public le 5\u00a0juin, \u00e0 Rennes"},"content":{"rendered":"<p>Les assises r\u00e9gionales de l\u2019accessibilit\u00e9 universelle en Bretagne seront l\u2019occasion de donner la parole aux personnes en situation de handicap pour s\u2019exprimer sur leur parcours. Au programme\u00a0: conf\u00e9rences, tables rondes \u00e9changes et d\u00e9bats. L\u2019\u00e9v\u00e9nement est organis\u00e9 en partenariat avec la r\u00e9gion Bretagne, au centre Askoria, jeudi 5\u00a0juin, de 14\u00a0h \u00e0 17\u00a0h.<\/p>\n<p>Mettre en lumi\u00e8re les besoins des personnes en situation de handicap<\/p>\n<p>20\u00a0ans apr\u00e8s la loi du 11\u00a0f\u00e9vrier 2005, qui garantit l\u2019\u00e9galit\u00e9 des droits et des chances pour les personnes en situation de handicap, les assises sont l\u2019occasion de questionner \u00e0 la fois les besoins des personnes mais aussi de mettre en \u00e9vidence le d\u00e9calage entre les normes, les usages et les actes r\u00e9els.\u00a0Une opportunit\u00e9 de se former et de sensibiliser les citoyens sur ces sujets. Plus d\u2019informations\u00a0: assises-regionales-accessibilite.fr<\/p>\n<p>\u00a0<\/p>\n","protected":false},"excerpt":{"rendered":"Les assises r\u00e9gionales de l\u2019accessibilit\u00e9 universelle en Bretagne seront l\u2019occasion de donner la parole aux personnes en situation&hellip;\n","protected":false},"author":2,"featured_media":134965,"comment_status":"","ping_status":"","sticky":false,"template":"","format":"standard","meta":{"footnotes":""},"categories":[2821],"tags":[9638,26087,1111,11,14584,829,1777,674,1011,27,4044,3687,12,18729,3532,16006,584,25],"class_list":{"0":"post-134964","1":"post","2":"type-post","3":"status-publish","4":"format-standard","5":"has-post-thumbnail","7":"category-rennes","8":"tag-9638","9":"tag-accessibilite","10":"tag-actu","11":"tag-actualites","12":"tag-assises","13":"tag-bretagne","14":"tag-eu","15":"tag-europe","16":"tag-fr","17":"tag-france","18":"tag-guingamp","19":"tag-juin","20":"tag-news","21":"tag-ouvertes","22":"tag-public","23":"tag-regionales","24":"tag-rennes","25":"tag-republique-francaise"},"share_on_mastodon":{"url":"https:\/\/pubeurope.com\/@fr\/114586901916695149","error":""},"_links":{"self":[{"href":"https:\/\/www.europesays.com\/fr\/wp-json\/wp\/v2\/posts\/134964","targetHints":{"allow":["GET"]}}],"collection":[{"href":"https:\/\/www.europesays.com\/fr\/wp-json\/wp\/v2\/posts"}],"about":[{"href":"https:\/\/www.europesays.com\/fr\/wp-json\/wp\/v2\/types\/post"}],"author":[{"embeddable":true,"href":"https:\/\/www.europesays.com\/fr\/wp-json\/wp\/v2\/users\/2"}],"replies":[{"embeddable":true,"href":"https:\/\/www.europesays.com\/fr\/wp-json\/wp\/v2\/comments?post=134964"}],"version-history":[{"count":0,"href":"https:\/\/www.europesays.com\/fr\/wp-json\/wp\/v2\/posts\/134964\/revisions"}],"wp:featuredmedia":[{"embeddable":true,"href":"https:\/\/www.europesays.com\/fr\/wp-json\/wp\/v2\/media\/134965"}],"wp:attachment":[{"href":"https:\/\/www.europesays.com\/fr\/wp-json\/wp\/v2\/media?parent=134964"}],"wp:term":[{"taxonomy":"category","embeddable":true,"href":"https:\/\/www.europesays.com\/fr\/wp-json\/wp\/v2\/categories?post=134964"},{"taxonomy":"post_tag","embeddable":true,"href":"https:\/\/www.europesays.com\/fr\/wp-json\/wp\/v2\/tags?post=134964"}],"curies":[{"name":"wp","href":"https:\/\/api.w.org\/{rel}","templated":true}]}}