{"id":134966,"date":"2025-05-28T18:35:09","date_gmt":"2025-05-28T18:35:09","guid":{"rendered":"https:\/\/www.europesays.com\/fr\/134966\/"},"modified":"2025-05-28T18:35:09","modified_gmt":"2025-05-28T18:35:09","slug":"la-strategie-centriste-pour-les-elections","status":"publish","type":"post","link":"https:\/\/www.europesays.com\/fr\/134966\/","title":{"rendered":"la strat\u00e9gie centriste pour les \u00e9lections"},"content":{"rendered":"<p>\u00ab\u00a0L\u2019\u00e9crin est devenu d\u00e9clin\u00a0\u00bb\u00a0S\u2019il fallait retenir une punchline de la pr\u00e9sentation de la strat\u00e9gie politique \u00e0 \u00ab\u00a0300 jours des municipales\u00a0\u00bb de <a href=\"https:\/\/www.dna.fr\/politique\/2025\/05\/22\/pierre-jakubowicz-(horizons)-veut-visiter-le-site-de-l-esplanade-festive-prevu-pour-les-forains\" target=\"_blank\" rel=\"noopener\">Pierre Jakubowicz<\/a> , ce mercredi 28\u00a0mai, c\u2019est peut-\u00eatre celle-ci. Pendant une heure, celui qui n\u2019est pas <a href=\"https:\/\/www.dna.fr\/edition-strasbourg\/edition-strasbourg\/municipales-2026-a-strasbourg-premiers-mouvements-des-candidats-potentiels\" target=\"_blank\" rel=\"noopener\">candidat officiel \u00e0 la mairie<\/a> a pr\u00e9sent\u00e9 sa vision, baptis\u00e9e \u00ab\u00a0Pensons Strasbourg en grand\u00a0\u00bb. L\u2019\u00e9lu Horizons constate en creux le \u00ab\u00a0rayonnement\u00a0\u00bb perdu de la ville et \u00ab\u00a0de son attractivit\u00e9\u00a0\u00bb. Son constat s\u2019appuie sur des sujets maintes fois rebattus lors des conseils municipaux o\u00f9 il si\u00e8ge dans l\u2019opposition\u00a0: \u00ab\u00a0 <a href=\"https:\/\/www.dna.fr\/politique\/2025\/03\/28\/la-dette-va-dans-le-rouge-le-climat-aussi\" target=\"_blank\" rel=\"noopener\">Une dette qui a&#8230;<\/a><\/p>\n","protected":false},"excerpt":{"rendered":"\u00ab\u00a0L\u2019\u00e9crin est devenu d\u00e9clin\u00a0\u00bb\u00a0S\u2019il fallait retenir une punchline de la pr\u00e9sentation de la strat\u00e9gie politique \u00e0 \u00ab\u00a0300 jours&hellip;\n","protected":false},"author":2,"featured_media":134967,"comment_status":"","ping_status":"","sticky":false,"template":"","format":"standard","meta":{"footnotes":""},"categories":[2820],"tags":[1111,11,2880,5949,4188,1777,674,107,1011,27,775,3540,12,316,25,640,2879],"class_list":{"0":"post-134966","1":"post","2":"type-post","3":"status-publish","4":"format-standard","5":"has-post-thumbnail","7":"category-strasbourg","8":"tag-actu","9":"tag-actualites","10":"tag-edition-strasbourg","11":"tag-elections","12":"tag-elections-municipales","13":"tag-eu","14":"tag-europe","15":"tag-fil-info","16":"tag-fr","17":"tag-france","18":"tag-grand-est","19":"tag-horizons","20":"tag-news","21":"tag-politique","22":"tag-republique-francaise","23":"tag-strasbourg","24":"tag-strasbourg-ville"},"share_on_mastodon":{"url":"https:\/\/pubeurope.com\/@fr\/114586905722638004","error":""},"_links":{"self":[{"href":"https:\/\/www.europesays.com\/fr\/wp-json\/wp\/v2\/posts\/134966","targetHints":{"allow":["GET"]}}],"collection":[{"href":"https:\/\/www.europesays.com\/fr\/wp-json\/wp\/v2\/posts"}],"about":[{"href":"https:\/\/www.europesays.com\/fr\/wp-json\/wp\/v2\/types\/post"}],"author":[{"embeddable":true,"href":"https:\/\/www.europesays.com\/fr\/wp-json\/wp\/v2\/users\/2"}],"replies":[{"embeddable":true,"href":"https:\/\/www.europesays.com\/fr\/wp-json\/wp\/v2\/comments?post=134966"}],"version-history":[{"count":0,"href":"https:\/\/www.europesays.com\/fr\/wp-json\/wp\/v2\/posts\/134966\/revisions"}],"wp:featuredmedia":[{"embeddable":true,"href":"https:\/\/www.europesays.com\/fr\/wp-json\/wp\/v2\/media\/134967"}],"wp:attachment":[{"href":"https:\/\/www.europesays.com\/fr\/wp-json\/wp\/v2\/media?parent=134966"}],"wp:term":[{"taxonomy":"category","embeddable":true,"href":"https:\/\/www.europesays.com\/fr\/wp-json\/wp\/v2\/categories?post=134966"},{"taxonomy":"post_tag","embeddable":true,"href":"https:\/\/www.europesays.com\/fr\/wp-json\/wp\/v2\/tags?post=134966"}],"curies":[{"name":"wp","href":"https:\/\/api.w.org\/{rel}","templated":true}]}}