{"id":134968,"date":"2025-05-28T18:36:34","date_gmt":"2025-05-28T18:36:34","guid":{"rendered":"https:\/\/www.europesays.com\/fr\/134968\/"},"modified":"2025-05-28T18:36:34","modified_gmt":"2025-05-28T18:36:34","slug":"strasbourg-le-royal-canter-de-sedano","status":"publish","type":"post","link":"https:\/\/www.europesays.com\/fr\/134968\/","title":{"rendered":"Strasbourg : le royal canter de Sedano"},"content":{"rendered":"<p>\t\t\t\t\t\tD\u00e9j\u00e0 emballant lorsqu&rsquo;il avait remport\u00e9 son maiden \u00e0 Parilly, l&rsquo;allemand Sedano (Lope de Vega) encha\u00eene dans la classe 2 Prix Rock&rsquo;N&rsquo;Roll avec Augustin Madamet. Le poulain de Waldemar Hickst s&rsquo;est fait emmener sur un plateau avant de d\u00e9poser dans un royal canter l&rsquo;animateur Babyken (Goken), et poursuit sa marche en avant vers les courses black type. Estim\u00e9, il avait \u00e9t\u00e9 engag\u00e9 dans le Jockey Club, mais l&rsquo;entourage prend son temps, et devrait vite avoir de grandes ambitions en France ou outre-Rhin. El\u00e8ve du Haras de Saint Pair, Sedano est un fils de la gagnante de Gr.2 en Allemagne Satomi. <\/p>\n<p><img decoding=\"async\" src=\"https:\/\/www.europesays.com\/fr\/wp-content\/uploads\/2025\/05\/20250528072749_683748ee9ce91.jpg\" \/><\/p>\n","protected":false},"excerpt":{"rendered":"D\u00e9j\u00e0 emballant lorsqu&rsquo;il avait remport\u00e9 son maiden \u00e0 Parilly, l&rsquo;allemand Sedano (Lope de Vega) encha\u00eene dans la classe&hellip;\n","protected":false},"author":2,"featured_media":134969,"comment_status":"","ping_status":"","sticky":false,"template":"","format":"standard","meta":{"footnotes":""},"categories":[2820],"tags":[1111,11,1777,674,1011,27,775,1577,12,25,640],"class_list":{"0":"post-134968","1":"post","2":"type-post","3":"status-publish","4":"format-standard","5":"has-post-thumbnail","7":"category-strasbourg","8":"tag-actu","9":"tag-actualites","10":"tag-eu","11":"tag-europe","12":"tag-fr","13":"tag-france","14":"tag-grand-est","15":"tag-l","16":"tag-news","17":"tag-republique-francaise","18":"tag-strasbourg"},"share_on_mastodon":{"url":"https:\/\/pubeurope.com\/@fr\/114586909849345602","error":""},"_links":{"self":[{"href":"https:\/\/www.europesays.com\/fr\/wp-json\/wp\/v2\/posts\/134968","targetHints":{"allow":["GET"]}}],"collection":[{"href":"https:\/\/www.europesays.com\/fr\/wp-json\/wp\/v2\/posts"}],"about":[{"href":"https:\/\/www.europesays.com\/fr\/wp-json\/wp\/v2\/types\/post"}],"author":[{"embeddable":true,"href":"https:\/\/www.europesays.com\/fr\/wp-json\/wp\/v2\/users\/2"}],"replies":[{"embeddable":true,"href":"https:\/\/www.europesays.com\/fr\/wp-json\/wp\/v2\/comments?post=134968"}],"version-history":[{"count":0,"href":"https:\/\/www.europesays.com\/fr\/wp-json\/wp\/v2\/posts\/134968\/revisions"}],"wp:featuredmedia":[{"embeddable":true,"href":"https:\/\/www.europesays.com\/fr\/wp-json\/wp\/v2\/media\/134969"}],"wp:attachment":[{"href":"https:\/\/www.europesays.com\/fr\/wp-json\/wp\/v2\/media?parent=134968"}],"wp:term":[{"taxonomy":"category","embeddable":true,"href":"https:\/\/www.europesays.com\/fr\/wp-json\/wp\/v2\/categories?post=134968"},{"taxonomy":"post_tag","embeddable":true,"href":"https:\/\/www.europesays.com\/fr\/wp-json\/wp\/v2\/tags?post=134968"}],"curies":[{"name":"wp","href":"https:\/\/api.w.org\/{rel}","templated":true}]}}