{"id":13497,"date":"2025-04-09T20:31:09","date_gmt":"2025-04-09T20:31:09","guid":{"rendered":"https:\/\/www.europesays.com\/fr\/13497\/"},"modified":"2025-04-09T20:31:09","modified_gmt":"2025-04-09T20:31:09","slug":"roch-voisine-honnete-sur-ses-groupies-disparues","status":"publish","type":"post","link":"https:\/\/www.europesays.com\/fr\/13497\/","title":{"rendered":"Roch Voisine honn\u00eate sur ses \u00ab\u00a0groupies\u00a0\u00bb disparues"},"content":{"rendered":"<p>De retour sur sc\u00e8ne en France pour deux concerts \u00e9v\u00e8nement, Roch Voisine a lev\u00e9 le voile sur sa vie en tourn\u00e9e. L&rsquo;occasion pour le chanteur d&rsquo;\u00e9voquer ses <strong>anciennes groupies<\/strong>.<\/p>\n<p>En effet, il y a 35 ans, le <a href=\"https:\/\/www.public.fr\/garou-cest-fini\" target=\"_blank\" rel=\"noopener\">chanteur canadien<\/a> devenait une star avec son c\u00e9l\u00e8bre tube H\u00e9l\u00e8ne. Gr\u00e2ce \u00e0 ce succ\u00e8s, l&rsquo;artiste est rapidement devenu l&rsquo;idole de <strong>toute une g\u00e9n\u00e9ration de jeunes filles<\/strong>. Mais que sont-elles devenues aujourd&rsquo;hui ? Roch Voisine l&rsquo;a expliqu\u00e9 avec honn\u00eatet\u00e9.<\/p>\n<p>Roch Voisine f\u00eate les 35 ans de son album le plus connu<\/p>\n<p>Cette ann\u00e9e, Roch Voisine s&rsquo;est lanc\u00e9 dans une<strong> grande tourn\u00e9e<\/strong> qu&rsquo;il a intitul\u00e9e H\u00e9l\u00e8ne 35, un nom qui fait r\u00e9f\u00e9rence aux 35 ans de son album \u00e9ponyme. Sorti en 1989, le disque comporte H\u00e9l\u00e8ne, sa chanson la plus vendue. Pour rappel, le titre a \u00e9t\u00e9 <strong>class\u00e9 num\u00e9ro 1<\/strong> en France pendant neuf semaines.<\/p>\n<p>Pour c\u00e9l\u00e9brer cet anniversaire bien particulier, Roch Voisine est de retour sur sc\u00e8ne, pour le plus grand plaisir de ses<strong> fans les plus fid\u00e8les.<\/strong> Le chanteur sera d&rsquo;ailleurs en concert ce 8 avril \u00e0 Paris au Grand Rex avant de se produire \u00e0 Lille le 10 avril. <\/p>\n<p>\u00ab\u00a0Il y a un public qui est<strong> tr\u00e8s fid\u00e8le<\/strong>, qui suit. Il y en a qui viennent \u00e0 <strong>plusieurs concerts.<\/strong>\u00ab\u00a0, a d\u00e9clar\u00e9 l&rsquo;artiste canadien sur RTL. L&rsquo;occasion pour le chanteur de 62 ans d&rsquo;\u00e9voquer ses anciennes groupies.<\/p>\n<p>Que sont devenues les groupies de Roch Voisine ?<\/p>\n<p>Trente-cinq ans apr\u00e8s la sortie de son <strong>plus grand tube<\/strong>, les fans f\u00e9minines de Roch Voisine sont-elles toujours au rendez-vous ? \u00ab\u00a0Il n&rsquo;y a plus de groupies\u00a0\u00bb, a r\u00e9v\u00e9l\u00e9 l&rsquo;artiste. \u00ab\u00a0Elles sont toutes des m\u00e8res de famille, elles sont des m\u00e8res, des grands-m\u00e8res, elles n&rsquo;ont<strong> plus le temps !<\/strong>\u00a0\u00ab\u00a0, a ajout\u00e9 le Qu\u00e9b\u00e9cois. Une situation qui diff\u00e8re beaucoup des tourn\u00e9es qu&rsquo;a connues le chanteur par le pass\u00e9.<\/p>\n<p>\u00ab\u00a0\u00c0 une certaine \u00e9poque, oui, elles campaient devant l&rsquo;h\u00f4tel, mais <strong>c&rsquo;est termin\u00e9 \u00e7a<\/strong>. Elles n&rsquo;ont plus le temps de faire \u00e7a\u00a0\u00bb, a affirm\u00e9 Roch Voisine. Pourtant, de nombreux fans fid\u00e8les de l&rsquo;artiste continuent de prendre leurs billets pour ses spectacles. \u00ab\u00a0On revoit certains visages, c&rsquo;est assez<strong> cool de les revoir.<\/strong>\u00ab\u00a0, a indiqu\u00e9 le chanteur, estimant n\u00e9anmoins qu&rsquo;il ne d\u00e9clenchait plus la m\u00eame hyst\u00e9rie qu&rsquo;\u00e0 ses d\u00e9buts.<\/p>\n<p>Qu&rsquo;est devenue H\u00e9l\u00e8ne ?<\/p>\n<p>Dans la suite de l&rsquo;interview, Roch Voisine a \u00e9voqu\u00e9 celle qui a inspir\u00e9 le titre H\u00e9l\u00e8ne, \u00e9crit dans les ann\u00e9es 80. \u00ab\u00a0C&rsquo;\u00e9tait une jolie fille,<strong> c&rsquo;est une jolie femme maintenant<\/strong>, mais je ne la connais pas tr\u00e8s bien non plus\u00a0\u00bb, a r\u00e9v\u00e9l\u00e9 l&rsquo;artiste. Il a d&rsquo;ailleurs rappel\u00e9 qu&rsquo;H\u00e9l\u00e8ne \u00e9tait l&rsquo;ex-compagne de l&rsquo;un de ses amis, avec qui il a \u00e9crit les paroles de la chanson.<\/p>\n<p>      Mentionn\u00e9s dans cet article<\/p>\n<p>\u00c0 lire aussi<\/p>\n","protected":false},"excerpt":{"rendered":"De retour sur sc\u00e8ne en France pour deux concerts \u00e9v\u00e8nement, Roch Voisine a lev\u00e9 le voile sur sa&hellip;\n","protected":false},"author":2,"featured_media":13498,"comment_status":"","ping_status":"","sticky":false,"template":"","format":"standard","meta":{"footnotes":""},"categories":[1355],"tags":[6036,1697,58,59,1011,27,1361,873,6037],"class_list":{"0":"post-13497","1":"post","2":"type-post","3":"status-publish","4":"format-standard","5":"has-post-thumbnail","7":"category-musique","8":"tag-annees-1980","9":"tag-concert","10":"tag-divertissement","11":"tag-entertainment","12":"tag-fr","13":"tag-france","14":"tag-music","15":"tag-musique","16":"tag-roch-voisine"},"share_on_mastodon":{"url":"https:\/\/pubeurope.com\/@fr\/114309908611144323","error":""},"_links":{"self":[{"href":"https:\/\/www.europesays.com\/fr\/wp-json\/wp\/v2\/posts\/13497","targetHints":{"allow":["GET"]}}],"collection":[{"href":"https:\/\/www.europesays.com\/fr\/wp-json\/wp\/v2\/posts"}],"about":[{"href":"https:\/\/www.europesays.com\/fr\/wp-json\/wp\/v2\/types\/post"}],"author":[{"embeddable":true,"href":"https:\/\/www.europesays.com\/fr\/wp-json\/wp\/v2\/users\/2"}],"replies":[{"embeddable":true,"href":"https:\/\/www.europesays.com\/fr\/wp-json\/wp\/v2\/comments?post=13497"}],"version-history":[{"count":0,"href":"https:\/\/www.europesays.com\/fr\/wp-json\/wp\/v2\/posts\/13497\/revisions"}],"wp:featuredmedia":[{"embeddable":true,"href":"https:\/\/www.europesays.com\/fr\/wp-json\/wp\/v2\/media\/13498"}],"wp:attachment":[{"href":"https:\/\/www.europesays.com\/fr\/wp-json\/wp\/v2\/media?parent=13497"}],"wp:term":[{"taxonomy":"category","embeddable":true,"href":"https:\/\/www.europesays.com\/fr\/wp-json\/wp\/v2\/categories?post=13497"},{"taxonomy":"post_tag","embeddable":true,"href":"https:\/\/www.europesays.com\/fr\/wp-json\/wp\/v2\/tags?post=13497"}],"curies":[{"name":"wp","href":"https:\/\/api.w.org\/{rel}","templated":true}]}}