{"id":134973,"date":"2025-05-28T18:39:40","date_gmt":"2025-05-28T18:39:40","guid":{"rendered":"https:\/\/www.europesays.com\/fr\/134973\/"},"modified":"2025-05-28T18:39:40","modified_gmt":"2025-05-28T18:39:40","slug":"un-evenement-musical-mario-bros-inedit-pres-de-nantes","status":"publish","type":"post","link":"https:\/\/www.europesays.com\/fr\/134973\/","title":{"rendered":"Un \u00e9v\u00e9nement musical Mario Bros in\u00e9dit pr\u00e8s de Nantes"},"content":{"rendered":"<p>Ce samedi 14\u00a0juin 2025, le cin\u00e9ma UGC Atlantis, \u00e0 Saint-Herblain, accueille un \u00e9v\u00e9nement exceptionnel autour de l\u2019univers de Mario Bros avec une projection de \u00ab\u00a0Mario Bros &amp; Friends\u00a0\u00bb et un concert Live autour des jeux vid\u00e9o mobilisant 60\u00a0musiciens amateurs.<\/p>\n<p>Pas de bande-son pr\u00e9-enregistr\u00e9e<\/p>\n<p>\u00a0\u00c0 moins d\u2019avoir v\u00e9cu dans une grotte les 30\u00a0derni\u00e8res ann\u00e9es, les noms de Mario, Zelda, Tetris, Final Fantasy vous \u00e9voquent s\u00fbrement quelque chose\u2026 Basiques, iconiques ou f\u00e9eriques, les cr\u00e9ateurs de jeux vid\u00e9o ont d\u00e9velopp\u00e9 ces derni\u00e8res d\u00e9cennies des tr\u00e9sors d\u2019imagination pour nous divertir\u00a0\u00bb, expliquent les organisateurs. Course de kart et champignons magiques, princesses prisonni\u00e8res, guerres de gangs\u00a0: le spectacle \u00ab\u00a0Mario Bros &amp; Friends\u00a0\u00bb retrace l\u2019histoire de ces h\u00e9ros, des ann\u00e9es 90 \u00e0 nos jours, \u00e0 travers des extraits de parties iconiques choisis le tout, sans bande-son pr\u00e9-enregistr\u00e9e mais accompagn\u00e9 en Live par les 60\u00a0musiciens de l\u2019orchestre d\u2019harmonie herblinois qui assureront l\u2019animation musicale en synchronisation avec les images projet\u00e9es.<\/p>\n<p>Samedi 14\u00a0juin 2025, \u00e0 16\u00a0h\u00a030 et 20\u00a0h\u00a030, cin\u00e9ma UGC Atlantis \u00e0 Saint-Herblain.\u00a0Tarifs\u00a0: 10\u00a0\u20ac et 5\u00a0\u20ac.\u00a0Billets en vente via ce lien\u00a0: https:\/\/www.ohh-harmonie.fr\/r\u00e9servation<\/p>\n<p>\u00a0<\/p>\n","protected":false},"excerpt":{"rendered":"Ce samedi 14\u00a0juin 2025, le cin\u00e9ma UGC Atlantis, \u00e0 Saint-Herblain, accueille un \u00e9v\u00e9nement exceptionnel autour de l\u2019univers de&hellip;\n","protected":false},"author":2,"featured_media":134974,"comment_status":"","ping_status":"","sticky":false,"template":"","format":"standard","meta":{"footnotes":""},"categories":[2818],"tags":[1111,11,26088,1777,674,2087,1011,27,17677,10601,16167,766,12,2636,3762,25,3272],"class_list":{"0":"post-134973","1":"post","2":"type-post","3":"status-publish","4":"format-standard","5":"has-post-thumbnail","7":"category-nantes","8":"tag-actu","9":"tag-actualites","10":"tag-bros","11":"tag-eu","12":"tag-europe","13":"tag-evenement","14":"tag-fr","15":"tag-france","16":"tag-inedit","17":"tag-mario","18":"tag-musical","19":"tag-nantes","20":"tag-news","21":"tag-pays-de-la-loire","22":"tag-pres","23":"tag-republique-francaise","24":"tag-saint-nazaire"},"share_on_mastodon":{"url":"https:\/\/pubeurope.com\/@fr\/114586921539960428","error":""},"_links":{"self":[{"href":"https:\/\/www.europesays.com\/fr\/wp-json\/wp\/v2\/posts\/134973","targetHints":{"allow":["GET"]}}],"collection":[{"href":"https:\/\/www.europesays.com\/fr\/wp-json\/wp\/v2\/posts"}],"about":[{"href":"https:\/\/www.europesays.com\/fr\/wp-json\/wp\/v2\/types\/post"}],"author":[{"embeddable":true,"href":"https:\/\/www.europesays.com\/fr\/wp-json\/wp\/v2\/users\/2"}],"replies":[{"embeddable":true,"href":"https:\/\/www.europesays.com\/fr\/wp-json\/wp\/v2\/comments?post=134973"}],"version-history":[{"count":0,"href":"https:\/\/www.europesays.com\/fr\/wp-json\/wp\/v2\/posts\/134973\/revisions"}],"wp:featuredmedia":[{"embeddable":true,"href":"https:\/\/www.europesays.com\/fr\/wp-json\/wp\/v2\/media\/134974"}],"wp:attachment":[{"href":"https:\/\/www.europesays.com\/fr\/wp-json\/wp\/v2\/media?parent=134973"}],"wp:term":[{"taxonomy":"category","embeddable":true,"href":"https:\/\/www.europesays.com\/fr\/wp-json\/wp\/v2\/categories?post=134973"},{"taxonomy":"post_tag","embeddable":true,"href":"https:\/\/www.europesays.com\/fr\/wp-json\/wp\/v2\/tags?post=134973"}],"curies":[{"name":"wp","href":"https:\/\/api.w.org\/{rel}","templated":true}]}}