{"id":134981,"date":"2025-05-28T18:43:09","date_gmt":"2025-05-28T18:43:09","guid":{"rendered":"https:\/\/www.europesays.com\/fr\/134981\/"},"modified":"2025-05-28T18:43:09","modified_gmt":"2025-05-28T18:43:09","slug":"encore-rare-en-france-subdued-lenseigne-de-pret-a-porter-qui-fait-fureur-chez-les-ados-debarque-a-toulouse","status":"publish","type":"post","link":"https:\/\/www.europesays.com\/fr\/134981\/","title":{"rendered":"Encore rare en France, Subdued, l&rsquo;enseigne de pr\u00eat-\u00e0-porter qui fait fureur chez les ados, d\u00e9barque \u00e0 Toulouse"},"content":{"rendered":"<p>            Par<br \/>\n        <strong><br \/>\n            <a href=\"https:\/\/actu.fr\/auteur\/david-saint-sernin\" title=\"Consulter tous les articles de David Saint-Sernin\" target=\"_blank\" rel=\"noopener\">David Saint-Sernin<\/a><br \/>\n        <\/strong><\/p>\n<p>        Publi\u00e9 le<\/p>\n<p>            28 mai 2025 \u00e0 20h16        <\/p>\n<p>C\u2019est une enseigne encore rare en France puisque jusqu\u2019ici, elle n\u2019a ouvert qu\u2019une poign\u00e9e de magasins dans l\u2019Hexagone. Pourtant, c\u2019est bien<a href=\"https:\/\/actu.fr\/toulouse\/\" target=\"_blank\" rel=\"noopener\"> \u00e0 Toulouse<\/a> qu\u2019elle annonce son arriv\u00e9e prochaine.<\/p>\n<p>Subdued arrive place Wilson<\/p>\n<p class=\" wall-content\">Les passants les plus attentifs ont sans doute remarqu\u00e9 qu\u2019une vitrine a chang\u00e9<a href=\"https:\/\/actu.fr\/occitanie\/toulouse_31555\/toulouse-la-place-wilson-convoitee-voici-les-boutiques-qui-vont-s-y-installer_61062039.html\" target=\"_blank\" rel=\"noopener\"> place Wilson.<\/a> L\u2019enseigne Subdued annonce en effet son installation prochaine dans l\u2019ancienne cellule commerciale de Nocib\u00e9, d\u00e9j\u00e0 en partie occup\u00e9e par<strong> l\u2019enseigne Jonak.<\/strong><\/p>\n<p>Un carton chez les ados et jeunes adultes<\/p>\n<p class=\" wall-content\">Subdued, enseigne de pr\u00eat-\u00e0-porter du groupe italien Osit, d\u00e9di\u00e9e \u00e0 un jeune public, de 12 \u00e0 20 ans, annonce son arriv\u00e9e prochaine par son traditionnel \u00ab\u00a0Ciao\u00a0\u00bb qu\u2019elle veut rendre incontournable \u00e0 l\u2019international.<\/p>\n<p class=\" wall-content\">Il faut dire que l\u2019enseigne fait un carton chez les ados, que ses scores de croissance sont \u00e0 deux chiffres et qu\u2019elle annonce un gros programme d\u2019ouverture de magasins en Europe.\u00a0<\/p>\n<p class=\" wall-content\">En France, elle est d\u00e9j\u00e0 pr\u00e9sente \u00e0 Paris, Bordeaux, Lille et Lyon.<\/p>\n<p>    <a href=\"https:\/\/www.google.com\/maps\/embed?pb=!1m18!1m12!1m3!1d7712.717818135006!2d1.4500858669749817!3d43.606437465205985!2m3!1f0!2f0!3f0!3m2!1i1024!2i768!4f13.1!3m3!1m2!1s0x12aebd5f3f587f73%3A0xac37ce6ddf263ac9!2sJonak!5e0!3m2!1sfr!2sfr!4v1748431775918!5m2!1sfr!2sfr\" title=\"Ouvrie le lien\" target=\"_blank\" rel=\"noopener\">Cliquez ici pour visualiser le contenu<\/a><\/p>\n<p>Vid\u00e9os : en ce moment sur Actu<\/p>\n<p class=\" wall-content\">Suivez toute l\u2019actualit\u00e9 de vos villes et m\u00e9dias favoris en vous inscrivant \u00e0 <a href=\"https:\/\/moncompte.actu.fr\" title=\"D\u00e9couvez Mon Actu\" rel=\"nofollow noopener\" data-trk=\"{&quot;cta&quot;:{&quot;action&quot;:&quot;https:\\\/\\\/moncompte.actu.fr&quot;,&quot;category&quot;:&quot;mon compte&quot;,&quot;from&quot;:&quot;article footer&quot;,&quot;name&quot;:&quot;Mon actu&quot;,&quot;type&quot;:&quot;cta&quot;}}\" target=\"_blank\">Mon Actu<\/a>.<\/p>\n<ul class=\"ac-article-tag wall-content\">\n<li><a href=\"https:\/\/actu.fr\/tag\/nouveaux-commerces-a-toulouse\" data-trk=\"{&quot;cta&quot;:{&quot;action&quot;:&quot;Nouveaux commerces \\u00e0 Toulouse&quot;,&quot;category&quot;:&quot;tag&quot;,&quot;from&quot;:&quot;article footer&quot;,&quot;name&quot;:&quot;Nouveaux commerces \\u00e0 Toulouse&quot;,&quot;type&quot;:&quot;cta&quot;}}\" target=\"_blank\" rel=\"noopener\">#Nouveaux commerces \u00e0 Toulouse<\/a><\/li>\n<\/ul>\n","protected":false},"excerpt":{"rendered":"Par David Saint-Sernin Publi\u00e9 le 28 mai 2025 \u00e0 20h16 C\u2019est une enseigne encore rare en France puisque&hellip;\n","protected":false},"author":2,"featured_media":134982,"comment_status":"","ping_status":"","sticky":false,"template":"","format":"standard","meta":{"footnotes":""},"categories":[2816],"tags":[1111,11,33,1777,674,1011,27,12,2849,2680,25,2312],"class_list":{"0":"post-134981","1":"post","2":"type-post","3":"status-publish","4":"format-standard","5":"has-post-thumbnail","7":"category-toulouse","8":"tag-actu","9":"tag-actualites","10":"tag-economie","11":"tag-eu","12":"tag-europe","13":"tag-fr","14":"tag-france","15":"tag-news","16":"tag-nouveaux-commerces-a-toulouse","17":"tag-occitanie","18":"tag-republique-francaise","19":"tag-toulouse"},"share_on_mastodon":{"url":"https:\/\/pubeurope.com\/@fr\/114586937216336050","error":""},"_links":{"self":[{"href":"https:\/\/www.europesays.com\/fr\/wp-json\/wp\/v2\/posts\/134981","targetHints":{"allow":["GET"]}}],"collection":[{"href":"https:\/\/www.europesays.com\/fr\/wp-json\/wp\/v2\/posts"}],"about":[{"href":"https:\/\/www.europesays.com\/fr\/wp-json\/wp\/v2\/types\/post"}],"author":[{"embeddable":true,"href":"https:\/\/www.europesays.com\/fr\/wp-json\/wp\/v2\/users\/2"}],"replies":[{"embeddable":true,"href":"https:\/\/www.europesays.com\/fr\/wp-json\/wp\/v2\/comments?post=134981"}],"version-history":[{"count":0,"href":"https:\/\/www.europesays.com\/fr\/wp-json\/wp\/v2\/posts\/134981\/revisions"}],"wp:featuredmedia":[{"embeddable":true,"href":"https:\/\/www.europesays.com\/fr\/wp-json\/wp\/v2\/media\/134982"}],"wp:attachment":[{"href":"https:\/\/www.europesays.com\/fr\/wp-json\/wp\/v2\/media?parent=134981"}],"wp:term":[{"taxonomy":"category","embeddable":true,"href":"https:\/\/www.europesays.com\/fr\/wp-json\/wp\/v2\/categories?post=134981"},{"taxonomy":"post_tag","embeddable":true,"href":"https:\/\/www.europesays.com\/fr\/wp-json\/wp\/v2\/tags?post=134981"}],"curies":[{"name":"wp","href":"https:\/\/api.w.org\/{rel}","templated":true}]}}