{"id":134987,"date":"2025-05-28T18:46:12","date_gmt":"2025-05-28T18:46:12","guid":{"rendered":"https:\/\/www.europesays.com\/fr\/134987\/"},"modified":"2025-05-28T18:46:12","modified_gmt":"2025-05-28T18:46:12","slug":"un-bouchon-monstre-sest-forme-a-la-sortie-de-lille","status":"publish","type":"post","link":"https:\/\/www.europesays.com\/fr\/134987\/","title":{"rendered":"un bouchon monstre s&rsquo;est form\u00e9 \u00e0 la sortie de Lille"},"content":{"rendered":"<p>            Par<br \/>\n        <strong><br \/>\n            <a href=\"https:\/\/actu.fr\/auteur\/nicolas-demollien\" title=\"Consulter tous les articles de Nicolas Demollien\" rel=\"nofollow noopener\" target=\"_blank\">Nicolas Demollien<\/a><br \/>\n        <\/strong><\/p>\n<p>        Publi\u00e9 le<\/p>\n<p>            28 mai 2025 \u00e0 17h35<br \/>\n        ; mis \u00e0 jour le 28 mai 2025 \u00e0 19h03    <\/p>\n<p>Attention si vous devez emprunter l\u2019<b>autoroute A25<\/b> ce mercredi 28 mai 2025. Un <b>\u00e9norme bouchon<\/b> s\u2019est form\u00e9 \u00e0 la sortie de <a href=\"https:\/\/actu.fr\/hauts-de-france\/lille_59350\" rel=\"nofollow noopener\" target=\"_blank\">Lille<\/a> (Nord) apr\u00e8s la <b>crevaison d\u2019un poids lourd <\/b>\u00e0 la hauteur de <a href=\"https:\/\/actu.fr\/hauts-de-france\/la-chapelle-d-armentieres_59143\" rel=\"nofollow noopener\" target=\"_blank\">La Chapelle d\u2019Armenti\u00e8res<\/a>.<\/p>\n<p>14 kilom\u00e8tres de bouchon sur l\u2019A25, \u00e0 la sortie de Lille<\/p>\n<p class=\" wall-content\">Cet incident s\u2019est produit aux alentours de 15h mais il n\u00e9cessite une man\u0153uvre compliqu\u00e9e. La bande d\u2019arr\u00eat d\u2019urgence et la voie de droite sont ainsi neutralis\u00e9es.<\/p>\n<p class=\" wall-content\">\u00ab\u00a0Les op\u00e9rations de d\u00e9pannage sont en cours mais s\u2019av\u00e8rent difficiles et d\u00e9licates\u00a0\u00bb, pr\u00e9cise-t-on du c\u00f4t\u00e9 de la pr\u00e9fecture.<\/p>\n<p class=\" wall-content\">Cons\u00e9quence, aux alentours de 17h15, c\u2019est un <b>bouchon de 14 kilom\u00e8tres<\/b> qui \u00e9tait pr\u00e9sent \u00e0 l\u2019arri\u00e8re de cet incident, et ce depuis l\u2019agglom\u00e9ration lilloise.\u00a0<\/p>\n<p class=\" wall-content\">\u00ab\u00a0Il est conseill\u00e9 d\u2019\u00e9viter le secteur\u00a0\u00bb, glisse-t-on du c\u00f4t\u00e9 de la pr\u00e9fecture.<\/p>\n<p>Vid\u00e9os : en ce moment sur Actu<\/p>\n<p class=\" wall-content\">Peu avant 18h, l\u2019incident s\u2019est cl\u00f4tur\u00e9, lib\u00e9rant peu \u00e0 peu les voies.<\/p>\n<p class=\" wall-content\">Suivez toute l\u2019actualit\u00e9 de vos villes et m\u00e9dias favoris en vous inscrivant \u00e0 <a href=\"https:\/\/moncompte.actu.fr\" title=\"D\u00e9couvez Mon Actu\" rel=\"nofollow noopener\" data-trk=\"{&quot;cta&quot;:{&quot;action&quot;:&quot;https:\\\/\\\/moncompte.actu.fr&quot;,&quot;category&quot;:&quot;mon compte&quot;,&quot;from&quot;:&quot;article footer&quot;,&quot;name&quot;:&quot;Mon actu&quot;,&quot;type&quot;:&quot;cta&quot;}}\" target=\"_blank\">Mon Actu<\/a>.<\/p>\n","protected":false},"excerpt":{"rendered":"Par Nicolas Demollien Publi\u00e9 le 28 mai 2025 \u00e0 17h35 ; mis \u00e0 jour le 28 mai 2025&hellip;\n","protected":false},"author":2,"featured_media":134988,"comment_status":"","ping_status":"","sticky":false,"template":"","format":"standard","meta":{"footnotes":""},"categories":[2815],"tags":[1111,11,3542,1777,674,1011,27,811,1307,12,25,104],"class_list":{"0":"post-134987","1":"post","2":"type-post","3":"status-publish","4":"format-standard","5":"has-post-thumbnail","7":"category-lille","8":"tag-actu","9":"tag-actualites","10":"tag-circulation","11":"tag-eu","12":"tag-europe","13":"tag-fr","14":"tag-france","15":"tag-hauts-de-france","16":"tag-lille","17":"tag-news","18":"tag-republique-francaise","19":"tag-societe"},"share_on_mastodon":{"url":"https:\/\/pubeurope.com\/@fr\/114586951012981324","error":""},"_links":{"self":[{"href":"https:\/\/www.europesays.com\/fr\/wp-json\/wp\/v2\/posts\/134987","targetHints":{"allow":["GET"]}}],"collection":[{"href":"https:\/\/www.europesays.com\/fr\/wp-json\/wp\/v2\/posts"}],"about":[{"href":"https:\/\/www.europesays.com\/fr\/wp-json\/wp\/v2\/types\/post"}],"author":[{"embeddable":true,"href":"https:\/\/www.europesays.com\/fr\/wp-json\/wp\/v2\/users\/2"}],"replies":[{"embeddable":true,"href":"https:\/\/www.europesays.com\/fr\/wp-json\/wp\/v2\/comments?post=134987"}],"version-history":[{"count":0,"href":"https:\/\/www.europesays.com\/fr\/wp-json\/wp\/v2\/posts\/134987\/revisions"}],"wp:featuredmedia":[{"embeddable":true,"href":"https:\/\/www.europesays.com\/fr\/wp-json\/wp\/v2\/media\/134988"}],"wp:attachment":[{"href":"https:\/\/www.europesays.com\/fr\/wp-json\/wp\/v2\/media?parent=134987"}],"wp:term":[{"taxonomy":"category","embeddable":true,"href":"https:\/\/www.europesays.com\/fr\/wp-json\/wp\/v2\/categories?post=134987"},{"taxonomy":"post_tag","embeddable":true,"href":"https:\/\/www.europesays.com\/fr\/wp-json\/wp\/v2\/tags?post=134987"}],"curies":[{"name":"wp","href":"https:\/\/api.w.org\/{rel}","templated":true}]}}