{"id":134994,"date":"2025-05-28T18:50:11","date_gmt":"2025-05-28T18:50:11","guid":{"rendered":"https:\/\/www.europesays.com\/fr\/134994\/"},"modified":"2025-05-28T18:50:11","modified_gmt":"2025-05-28T18:50:11","slug":"lyon-depuis-son-apparition-letendage-de-bellecour-fait-hurler-les-internautes","status":"publish","type":"post","link":"https:\/\/www.europesays.com\/fr\/134994\/","title":{"rendered":"Lyon. Depuis son apparition, l\u2019\u00e9tendage de Bellecour fait hurler les internautes &#8211;"},"content":{"rendered":"<p><strong>Texte\u00a0: Morgan Couturier \u2013<\/strong> Les travaux d\u00e9j\u00e0 bien avanc\u00e9s, l\u2019ombri\u00e8re g\u00e9ante, imagin\u00e9e par la mairie \u00e9cologiste ne rencontre jusque-ici que peu d\u2019engouement. Sur place comme sur les r\u00e9seaux sociaux, \u00ab\u00a0la beaut\u00e9\u00a0\u00bb de l\u2019\u0153uvre d\u2019art est m\u00eame largement contest\u00e9e. Son co\u00fbt, estim\u00e9 \u00e0 1,5 million d\u2019euros, participe \u00e9galement \u00e0 ce rejet g\u00e9n\u00e9ral.<\/p>\n<p>Le projet \u00ab\u00a0tissage urbain\u00a0\u00bb n\u2019a beau \u00eatre que dans sa premi\u00e8re phase de construction, la transformation de la place Bellecour semble faire l\u2019unanimit\u00e9 sur un point\u00a0: son \u00ab\u00a0esth\u00e9tisme\u00a0\u00bb pour le moins controvers\u00e9. Sans m\u00eame prendre la peine de s\u2019aventurer sur internet, un simple d\u00e9tour par l\u2019incontournable place lyonnaise suffit \u00e0 se faire une id\u00e9e.<\/p>\n<p><img loading=\"lazy\" decoding=\"async\" class=\"alignnone size-full wp-image-160099\" src=\"data:image\/svg+xml,%3Csvg%20xmlns=\" http:=\"\" alt=\"\" width=\"900\" height=\"675\" data-lazy- data-lazy- data-lazy-src=\"https:\/\/www.europesays.com\/fr\/wp-content\/uploads\/2025\/05\/ombriere-bellecour-2025-1.jpg\"\/><\/p>\n<p>Devant les panneaux informatifs, appos\u00e9s par la mairie de Lyon, un discours revient inlassablement. \u00ab\u00a0C\u2019est affreux\u00a0\u00bb, glissent en effet les passants, alors que m\u00eame les touristes paraissent interloqu\u00e9s devant cette \u00ab\u00a0\u0153uvre\u00a0\u00bb, imagin\u00e9e par l\u2019architecte <strong>Tristan Isra\u00ebl <\/strong>et l\u2019artiste <strong>Romain Froquet<\/strong>.<\/p>\n<p>\u00ab\u00a0Ce qui est bizarre, c\u2019est que les voiles ne soient pas coll\u00e9es. \u00c7a ne prot\u00e8ge pas du soleil\u00a0\u00bb, commentait une marcheuse devant nos yeux, celle-ci se montrant un brin sceptique sur cette installation. Plus loin, deux femmes plus \u00e2g\u00e9es se questionnaient l\u2019une et l\u2019autre sur la beaut\u00e9 de cette ombri\u00e8re. \u00ab\u00a0C\u2019est assez ignoble\u00a0\u00bb, critiqua la premi\u00e8re, son homologue r\u00e9torquant qu\u2019il \u00ab\u00a0faudra voir quand ce sera fini\u00a0\u00bb.<\/p>\n<p><strong>Avant de se faire une raison\u00a0: \u00ab\u00a0il faudra que l\u2019on s\u2019habitue\u00a0\u00bb. <\/strong><\/p>\n<p>Une philosophie optimiste, aux antipodes du discours livr\u00e9 sur la toile, support choisi par la majorit\u00e9 des Lyonnais pour d\u00e9zinguer le projet. Le compte Facebook de la Ville de Lyon en a fait l\u2019am\u00e8re exp\u00e9rience sur son post du 25 avril dernier, dans lequel la municipalit\u00e9 se f\u00e9licite du d\u00e9but de l\u2019installation de son ombri\u00e8re.<\/p>\n<p>Le constat est rude : sur les quelque 600 commentaires, la tr\u00e8s grande majorit\u00e9 des followers de la Ville pointent \u00ab une \u0153uvre affreuse et un terrible gaspillage d\u2019argent public \u00bb.\u00ab Je ne suis pas un sp\u00e9cialiste du transat g\u00e9ant, mais quand m\u00eame, \u00e7a ressemble \u00e0 une connerie \u00bb d\u00e9balle un internaute.<\/p>\n<p>Rare partisan de ce projet, un certain <strong>Martin Slvstr<\/strong> tente d\u2019\u00e9teindre l\u2019incendie. Sans grande r\u00e9ussite. Mais ce soutien de la majorit\u00e9 \u00e9cologiste en demeure persuad\u00e9\u00a0: \u00ab\u00a01,5 million d\u2019euros sur 5 ans, ce n\u2019est pas un budget extravagant\u00a0\u00bb.<\/p>\n<p><img loading=\"lazy\" decoding=\"async\" aria-describedby=\"caption-attachment-160098\" class=\"size-full wp-image-160098\" src=\"data:image\/svg+xml,%3Csvg%20xmlns=\" http:=\"\" alt=\"\" width=\"900\" height=\"617\" data-lazy- data-lazy- data-lazy-src=\"https:\/\/www.europesays.com\/fr\/wp-content\/uploads\/2025\/05\/bellecour-ombriere-2-1.jpg\"\/><\/p>\n<p id=\"caption-attachment-160098\" class=\"wp-caption-text\">Les travaux vont se poursuivre jusqu\u2019au mois de juillet<\/p>\n<p>\u00ab\u00a0Ce sont 320 000 \u20ac par an pour rafra\u00eechir et rendre plus hospitali\u00e8re et agr\u00e9able cette place qui se transforme en d\u00e9sert l\u2019\u00e9t\u00e9. Pour rappel, le budget annuel de la Ville de Lyon est de 1 144M\u20ac. Le co\u00fbt total de l\u2019\u0153uvre repr\u00e9sente donc 0,001 % du budget.\u00a0On en tr\u00e8s loin d\u2019un projet pharaonique hors sol\u00a0\u00bb, r\u00e9dige-t-il.<\/p>\n<p>Mais ce discours isol\u00e9 n\u2019est qu\u2019un maigre lot de consolation pour <strong>Gr\u00e9gory Doucet<\/strong> et son \u00e9quipe, l\u2019usage de cette manne financi\u00e8re n\u2019en reste pas moins critiqu\u00e9 par bon nombre d\u2019internautes, lesquels auraient pr\u00e9f\u00e9r\u00e9 un usage plus convenable de leur argent.<\/p>\n<p>\u00ab\u00a0Cet argent n\u2019aurait-il pas \u00e9t\u00e9 plus utile \u00e0 nos h\u00f4pitaux, \u00e9coles, s\u00e9curit\u00e9 de la ville ?\u00a0\u00bb, questionne <strong>Sylvie Guillot<\/strong>, quand la passionaria <a href=\"https:\/\/www.facebook.com\/annie.destarodoubsky?comment_id=Y29tbWVudDoxMDIzNjcwMzY5MjU1MDU5OV8xODcxMDUyNjQzNjkwNzY4&amp;__tn__=R\" target=\"_blank\" rel=\"noopener\"><strong>Annie de Starodoubsky<\/strong><\/a> pointe \u00ab\u00a0un gaspillage honteux et r\u00e9voltant de l\u2019argent des Lyonnais\u00a0\u00bb.<\/p>\n<p><strong>Un saccage pour le fils de l\u2019ancien maire Francisque Collomb<\/strong><\/p>\n<p>M\u00eame son de cloche du c\u00f4t\u00e9 de G\u00e9n\u00e9ration Aulas, le groupe en vogue faisant allusion \u00e0 un \u00ab\u00a0gaspillage, le tout pendant que les commer\u00e7ants agonisent, que l\u2019ins\u00e9curit\u00e9 augmente, que les associations souffrent et que les tensions explosent entre les usagers des diff\u00e9rents modes de d\u00e9placement\u00a0\u00bb.<\/p>\n<p>\u00ab Je ne suis pas un sp\u00e9cialiste du transat g\u00e9ant, mais quand m\u00eame, \u00e7a ressemble \u00e0 une connerie \u00bb, pr\u00e9f\u00e8re en rire le journaliste <a style=\"color: #000000;\" href=\"https:\/\/www.facebook.com\/timeo.danaos?comment_id=Y29tbWVudDozMjQwMDczMjI5NDY5MjA5XzY1NTcxMTI2NzIzNzg2OQ%253D%253D&amp;__cft__%5B0%5D=AZX4nRlE0Ifz8HovCCMQh2iP_ojp83XcIQg0BUH1OPmBKNYQqByKvcOP3uX37aMEsEHKsQ09CKUOuSZVX50l7__JmQVF9BsDINmUpKDQvRww1RXQ7TZTz2o3_9Ncu7rJh9c&amp;__tn__=R%5D-R\" target=\"_blank\" rel=\"noopener\"><strong>Tim\u00e9o Danaos<\/strong><\/a>. Un \u00ab\u00a0saccage\u00a0\u00bb pour reprendre les mots de <strong>Gilles Collomb<\/strong>, fils de <strong>Francisque<\/strong>, maire de Lyon de 1976 \u00e0 1989, qui ne laisse d\u00e9cid\u00e9ment pas indiff\u00e9rent, y compris du c\u00f4t\u00e9 des figures de la vie lyonnaise, que peut \u00eatre le maire du 2e arrondissement de Lyon, <strong>Pierre Oliver<\/strong>.<\/p>\n<p><strong>\u00ab\u00a0<\/strong><strong>L\u2019opus \u00e9ph\u00e9m\u00e8re en construction sur la place Bellecour n\u2019est m\u00eame pas kitsch, il est juste moche, en complet d\u00e9calage avec ce lieu historique, sa th\u00e9\u00e2tralit\u00e9 et son charme surann\u00e9\u00a0\u00bb<\/strong><\/p>\n<p>Le candidat LR \u00e0 la mairie centrale \u00e9voque \u00ab\u00a0le plus grand gaspillage d\u2019argent public du mandat de Gr\u00e9gory Doucet\u00a0\u00bb. \u00c0 ses c\u00f4t\u00e9s, l\u2019ancien d\u00e9put\u00e9, <strong>Thierry Braillard<\/strong> en est convaincu, cette \u0153uvre \u00e9ph\u00e9m\u00e8re (n\u00e9anmoins install\u00e9e pour 5 ans, ndlr) aurait d\u00fb \u00eatre la derni\u00e8re des priorit\u00e9s de l\u2019ex\u00e9cutif \u00e9cologiste.<\/p>\n<p><img loading=\"lazy\" decoding=\"async\" aria-describedby=\"caption-attachment-160100\" class=\"size-full wp-image-160100\" src=\"data:image\/svg+xml,%3Csvg%20xmlns=\" http:=\"\" alt=\"\" width=\"900\" height=\"641\" data-lazy- data-lazy- data-lazy-src=\"https:\/\/www.europesays.com\/fr\/wp-content\/uploads\/2025\/05\/Lyon-projet-tissage-urbain-1.jpg\"\/><\/p>\n<p id=\"caption-attachment-160100\" class=\"wp-caption-text\">Visuel du projet finalis\u00e9\u2026<\/p>\n<p>\u00ab \u00c0 un moment donn\u00e9, il faut r\u00e9fl\u00e9chir au v\u00e9ritable besoin de la place Bellecour et de la Presqu\u2019\u00eele. Cette \u0153uvre \u00e9ph\u00e9m\u00e8re n\u2019a pas de sens, surtout apr\u00e8s les travaux qui ont p\u00e9nalis\u00e9 la vie commer\u00e7ante en Presqu\u2019\u00eele\u00a0\u00bb, regrette l\u2019ancien secr\u00e9taire d\u2019\u00e9tat aux sports.<\/p>\n<p><strong>Pourtant inscrite au patrimoine mondial de l\u2019UNESCO, la place Bellecour est malgr\u00e9 tout partie pour supporter ces ombri\u00e8res de couleurs, d\u00e9cor\u00e9es de blocs de b\u00e9ton. Au grand dam des Lyonnais.<\/strong><\/p>\n<p>\u00ab L\u2019opus \u00e9ph\u00e9m\u00e8re en construction sur la place Bellecour n\u2019est m\u00eame pas kitsch, il est juste moche, en complet d\u00e9calage avec ce lieu historique, sa th\u00e9\u00e2tralit\u00e9 et son charme surann\u00e9 \u2026. Je me contrefiche du co\u00fbt de l\u2019op\u00e9ration, les villes ont du pognon, qu\u2019elles le d\u00e9pensent, mais je suis gentiment horrifi\u00e9 par cette absence de go\u00fbt et de discernement.\u00a0On peut juste conclure que ces b\u00e2ches d\u00e9ploy\u00e9es vont pr\u00e9figurer celles qu\u2019ils vont ramasser aux prochaines municipales\u00a0\u00bb, r\u00e9agit le photographe <strong>Jean-Claude Chuzeville<\/strong>, cr\u00e9ateur de Lyon Poche.<\/p>\n<p><strong>\u00ab\u00a0Combien a pris l\u2019artiste\u00a0?\u00a0\u00bb<\/strong><\/p>\n<p><img loading=\"lazy\" decoding=\"async\" class=\"alignnone size-full wp-image-160102\" src=\"data:image\/svg+xml,%3Csvg%20xmlns=\" http:=\"\" alt=\"\" width=\"900\" height=\"664\" data-lazy- data-lazy- data-lazy-src=\"https:\/\/www.europesays.com\/fr\/wp-content\/uploads\/2025\/05\/Puerta-del-Sol-Madrid-1.jpg\"\/><\/p>\n<p>Si cette composition artistique peut \u00e9voquer certains paysages europ\u00e9ens, dont les rues adjacentes \u00e0 la Puerta del Sol \u00e0 Madrid (voir photo ci-dessus), les installer sur une place aussi grande et embl\u00e9matique que la place Bellecour n\u2019est \u00e9videmment pas du go\u00fbt de tout le monde. Loin de l\u00e0. \u00ab\u00a0Cette construction \u00e9ph\u00e9m\u00e8re est \u00e0 l\u2019image de l\u2019ex\u00e9cutif municipal EELV : inutile !\u00a0\u00bb, poste ainsi <strong>Guillaume Dor\u00e9<\/strong>.<\/p>\n<p>Sur X (anciennement Twitter), le compte <strong>Architecte Lyonnais<\/strong> va plus loin, en tentant d\u2019y d\u00e9nicher un potentiel point positif\u00a0: \u00ab\u00a0A ce stade, le seul int\u00e9r\u00eat que je vois, ce sont les plots en b\u00e9tons qui devraient ralentir un peu les cyclistes dans la liaison rue de la R\u00e9 \u2013 rue Victor Hugo. Sinon on ne voit pas bien d\u2019o\u00f9 va venir la fraicheur, ni quoi que ce soit d\u2019utile pour les Lyonnais ou leurs visiteurs\u00a0\u00bb.<\/p>\n<p>En parall\u00e8le, l\u2019internaute <strong>Alex Traveler<\/strong>\u00a0ose poser la \u00ab\u00a0vraie question\u00a0\u00bb\u00a0: \u00ab\u00a0combien a pris \u00ab\u00a0l\u2019artiste\u00a0\u00bb, car s\u2019ils ont pay\u00e9 \u00e7a 1,6M\u20ac, y\u2019a plus d\u2019un million d\u2019euros qui a disparu\u00a0\u00bb, tweete-t-il, la Ville de Lyon ayant pourtant justifi\u00e9 ce projet par une r\u00e9alisation r\u00e9pondant \u00ab\u00a0\u00e0 des besoins esth\u00e9tiques, \u00e9cologiques et pratiques, en s\u2019int\u00e9grant parfaitement \u00e0 l\u2019environnement urbain et aux flux quotidiens de la place\u00a0\u00bb.<\/p>\n<p><strong>\u00ab\u00a0Plut\u00f4t que d\u2019apprendre \u00e0 parler aux arbres, vous devriez vous int\u00e9resser \u00e0 l\u2019histoire de l\u2019art et \u00e0 celle de Lyon\u00a0\u00bb<\/strong><\/p>\n<p>L\u00e0 encore, cette description peine \u00e0 convaincre, en t\u00e9moignent plusieurs r\u00e9actions observ\u00e9es sur le r\u00e9seau social Facebook. \u00ab\u00a0Entre tout ce b\u00e9ton et les pauvres arbres sacrifi\u00e9s pour cette horreur, c\u2019est vraiment cher pay\u00e9 pour \u00ab\u00a0rendre hommage aux canuts\u00a0\u00bb. C\u2019est vraiment ne pas reconna\u00eetre la beaut\u00e9 des tissages des soyeux lyonnais que de mettre ces loques !\u00a0\u00bb, r\u00e9dige <a href=\"https:\/\/www.facebook.com\/france.bouille?comment_id=Y29tbWVudDo5ODUzNTI3ODcxNDM4MTJfMjI4MTM3NTI5ODkzMTA3Ng%253D%253D&amp;__cft__%5B0%5D=AZVRK7x8g0qRWNALObfHAsRuLyIxD4lWOU9bJrLJ37_XgaqgQA8AoBOrwmzS3jEiizTl5wk66ZXSVNZZDl6bZuZq_KEQBK0ZdH1hbRjYxyPg-kynBNukX74DrggPv2eXScJKPOgk45XBrsswgIb6SMwSsaWz84c1Adm9rMMUJdevog&amp;__tn__=R%5D-R\" target=\"_blank\" rel=\"noopener\"><strong>France Bouille<\/strong><\/a>.<\/p>\n<p><img loading=\"lazy\" decoding=\"async\" aria-describedby=\"caption-attachment-160101\" class=\"size-full wp-image-160101\" src=\"data:image\/svg+xml,%3Csvg%20xmlns=\" http:=\"\" alt=\"\" width=\"900\" height=\"604\" data-lazy- data-lazy- data-lazy-src=\"https:\/\/www.europesays.com\/fr\/wp-content\/uploads\/2025\/05\/sauterelles-bellecour-1.jpg\"\/><\/p>\n<p id=\"caption-attachment-160101\" class=\"wp-caption-text\">Un profil de sauterelles g\u00e9antes ayant envahi le centre ville<\/p>\n<p>De son c\u00f4t\u00e9, <a style=\"color: #0000ff;\" href=\"https:\/\/www.facebook.com\/christiane.granger.9?comment_id=Y29tbWVudDo5ODUzNTI3ODcxNDM4MTJfMTkyMDg1NDExODczMjAyMA%253D%253D&amp;__cft__%5B0%5D=AZVRK7x8g0qRWNALObfHAsRuLyIxD4lWOU9bJrLJ37_XgaqgQA8AoBOrwmzS3jEiizTl5wk66ZXSVNZZDl6bZuZq_KEQBK0ZdH1hbRjYxyPg-kynBNukX74DrggPv2eXScJKPOgk45XBrsswgIb6SMwSsaWz84c1Adm9rMMUJdevog&amp;__tn__=R%5D-R\" target=\"_blank\" rel=\"noopener\"><strong>Christiane Granger<\/strong><\/a> s\u2019insurge contre la mairie. \u00ab\u00a0Vous osez qualifier d\u2019\u0153uvre cet \u00e9tendoir et n\u2019h\u00e9sitez pas \u00e0 trouver un lien avec la soierie lyonnaise\u2026quelle inculture ! Plut\u00f4t que d\u2019apprendre \u00e0 parler aux arbres, vous devriez vous int\u00e9resser \u00e0 l\u2019histoire de l\u2019art et \u00e0 celle de Lyon dont vous ne m\u00e9ritez pas de d\u00e9tenir les clefs\u00a0\u00bb, \u00e9voque la Lyonnaise.<\/p>\n<p>H\u00e9las, comme souvent avec la politique \u00e9cologiste, les Lyonnais n\u2019auront d\u2019autres choix que d\u2019attendre la fin des travaux, pr\u00e9vue d\u00e9but juillet pour se faire \u00e0 l\u2019id\u00e9e. Les discours seront-ils diff\u00e9rents \u00e0 ce moment-l\u00e0\u00a0? Rien n\u2019est moins s\u00fbr\u00a0!<\/p>\n","protected":false},"excerpt":{"rendered":"Texte\u00a0: Morgan Couturier \u2013 Les travaux d\u00e9j\u00e0 bien avanc\u00e9s, l\u2019ombri\u00e8re g\u00e9ante, imagin\u00e9e par la mairie \u00e9cologiste ne rencontre&hellip;\n","protected":false},"author":2,"featured_media":134995,"comment_status":"","ping_status":"","sticky":false,"template":"","format":"standard","meta":{"footnotes":""},"categories":[1889],"tags":[4257,1111,11,2430,1777,674,1011,27,2428,12,15808,25],"class_list":{"0":"post-134994","1":"post","2":"type-post","3":"status-publish","4":"format-standard","5":"has-post-thumbnail","7":"category-lyon","8":"tag-0top","9":"tag-actu","10":"tag-actualites","11":"tag-auvergne-rhone-alpes","12":"tag-eu","13":"tag-europe","14":"tag-fr","15":"tag-france","16":"tag-lyon","17":"tag-news","18":"tag-place-bellecour","19":"tag-republique-francaise"},"share_on_mastodon":{"url":"https:\/\/pubeurope.com\/@fr\/114586964866042400","error":""},"_links":{"self":[{"href":"https:\/\/www.europesays.com\/fr\/wp-json\/wp\/v2\/posts\/134994","targetHints":{"allow":["GET"]}}],"collection":[{"href":"https:\/\/www.europesays.com\/fr\/wp-json\/wp\/v2\/posts"}],"about":[{"href":"https:\/\/www.europesays.com\/fr\/wp-json\/wp\/v2\/types\/post"}],"author":[{"embeddable":true,"href":"https:\/\/www.europesays.com\/fr\/wp-json\/wp\/v2\/users\/2"}],"replies":[{"embeddable":true,"href":"https:\/\/www.europesays.com\/fr\/wp-json\/wp\/v2\/comments?post=134994"}],"version-history":[{"count":0,"href":"https:\/\/www.europesays.com\/fr\/wp-json\/wp\/v2\/posts\/134994\/revisions"}],"wp:featuredmedia":[{"embeddable":true,"href":"https:\/\/www.europesays.com\/fr\/wp-json\/wp\/v2\/media\/134995"}],"wp:attachment":[{"href":"https:\/\/www.europesays.com\/fr\/wp-json\/wp\/v2\/media?parent=134994"}],"wp:term":[{"taxonomy":"category","embeddable":true,"href":"https:\/\/www.europesays.com\/fr\/wp-json\/wp\/v2\/categories?post=134994"},{"taxonomy":"post_tag","embeddable":true,"href":"https:\/\/www.europesays.com\/fr\/wp-json\/wp\/v2\/tags?post=134994"}],"curies":[{"name":"wp","href":"https:\/\/api.w.org\/{rel}","templated":true}]}}