{"id":135002,"date":"2025-05-28T18:54:10","date_gmt":"2025-05-28T18:54:10","guid":{"rendered":"https:\/\/www.europesays.com\/fr\/135002\/"},"modified":"2025-05-28T18:54:10","modified_gmt":"2025-05-28T18:54:10","slug":"psg-inter-milan-une-parade-organisee-dimanche-sur-les-champs-elysees-en-cas-de-victoire-de-paris","status":"publish","type":"post","link":"https:\/\/www.europesays.com\/fr\/135002\/","title":{"rendered":"PSG-Inter Milan : une parade organis\u00e9e dimanche sur les Champs-\u00c9lys\u00e9es en cas de victoire de Paris"},"content":{"rendered":"<p>Une parade sera organis\u00e9e dimanche sur les Champs-\u00c9lys\u00e9es en cas de sacre du PSG en Ligue des champions, indique ce mercredi une source proche du dossier.Des discussions ont lieu depuis plusieurs jours sur fond de questions de s\u00e9curit\u00e9.L&rsquo;avenue sera ferm\u00e9e \u00e0 la circulation d\u00e8s samedi soir.<\/p>\n<p data-module=\"article-paragraph\" class=\"jsx-362436225 Paragraph Paragraph__End\">Le Paris Saint-Germain n&rsquo;a pas encore remport\u00e9 la Ligue des champions, mais les pr\u00e9paratifs s&rsquo;acc\u00e9l\u00e8rent. D&rsquo;apr\u00e8s une source proche du dossier \u00e0 l&rsquo;AFP, il y aura bien une parade ce dimanche 1\u1d49\u02b3 juin sur les Champs-\u00c9lys\u00e9es en cas de victoire parisienne la veille en finale <a href=\"https:\/\/www.tf1info.fr\/sport\/football-finale-psg-inter-milan-spareggio-lautaro-martinez-incertain-rumeur-simone-inzaghi-panique-chez-les-nerazzurri-2372009.html\" target=\"_blank\" rel=\"noopener\">face \u00e0 l&rsquo;Inter Milan<\/a> (samedi 31 mai \u00e0 21h en live comment\u00e9 sur TF1info). L&rsquo;information a \u00e9t\u00e9 confirm\u00e9e par la maire du 8\u1d49 arrondissement.<\/p>\n<p>\u00c9viter les incidents de la demi-finale<\/p>\n<p data-module=\"article-paragraph\" class=\"jsx-362436225 Paragraph\">Selon les m\u00eames sources, il sera impossible pour les automobilistes de se rendre sur l&rsquo;avenue d\u00e8s le samedi soir, avant m\u00eame le coup d&rsquo;envoi de la finale de la C1. Les Champs-\u00c9lys\u00e9es seront ferm\u00e9s \u00e0 la circulation \u00e0 partir de 19h.<\/p>\n<p data-module=\"article-paragraph\" class=\"jsx-362436225 Paragraph Paragraph__End\">Les pr\u00e9paratifs concernent \u00e9galement la tour Eiffel. Le maire de Paris Anne Hidalgo, <a href=\"https:\/\/www.tf1info.fr\/sport\/psg-inter-milan-pourquoi-anne-hidalgo-n-assistera-pas-a-la-finale-de-la-ligue-des-champions-a-munich-2373411.html\" target=\"_blank\" rel=\"noopener\">qui n&rsquo;assistera pas \u00e0 la finale<\/a>, a indiqu\u00e9 ce mercredi qu&rsquo;un message d&rsquo;encouragement s&rsquo;afficherait \u00e0 partir de vendredi sur la tour Eiffel, qui scintillera \u00e0 chaque but parisien durant la rencontre.<\/p>\n<p data-module=\"article-paragraph\" class=\"jsx-362436225 Paragraph\">Le 7 mai dernier, lors de la qualification du club de la capitale pour la finale <a href=\"https:\/\/www.tf1info.fr\/sport\/football-match-psg-arsenal-en-direct-suivez-la-demi-finale-retour-de-ligue-des-champions-du-paris-saint-germain-2369216.html\" target=\"_blank\" rel=\"noopener\">en battant Arsenal au Parc des Princes<\/a>, des incidents ont \u00e9clat\u00e9 sur les Champs-\u00c9lys\u00e9es. Dans la nuit, au moins 45 personnes ont \u00e9t\u00e9 interpell\u00e9es lors des c\u00e9l\u00e9brations, en marge desquelles <a href=\"https:\/\/www.tf1info.fr\/justice-faits-divers\/paris-43-interpellations-en-marge-de-psg-arsenal-3-personnes-percutees-par-une-voiture-pres-des-champs-elysees-2369506.html\" target=\"_blank\" rel=\"noopener\">trois personnes ont \u00e9t\u00e9 bless\u00e9es<\/a>, dont un mineur gri\u00e8vement. Le chauffeur VTC qui a renvers\u00e9 ces trois supporters a \u00e9t\u00e9 mis en examen et plac\u00e9 sous contr\u00f4le judiciaire.<\/p>\n<p data-module=\"article-paragraph\" class=\"jsx-362436225 Paragraph Paragraph__End\">Le ministre de l&rsquo;Int\u00e9rieur Bruno Retailleau, d\u00e9non\u00e7ant l'\u00a0\u00bbhyper violence\u00a0\u00bb, avait alors promis \u00ab\u00a0un dispositif sp\u00e9cifique\u00a0\u00bb de s\u00e9curit\u00e9 pour la finale. Il est d\u00e9sormais pr\u00eat. Pour le PSG, il ne reste plus qu&rsquo;\u00e0 remporter le troph\u00e9e.<\/p>\n<p>I.N<\/p>\n","protected":false},"excerpt":{"rendered":"Une parade sera organis\u00e9e dimanche sur les Champs-\u00c9lys\u00e9es en cas de sacre du PSG en Ligue des champions,&hellip;\n","protected":false},"author":2,"featured_media":135003,"comment_status":"","ping_status":"","sticky":false,"template":"","format":"standard","meta":{"footnotes":""},"categories":[1888],"tags":[1111,1928,11,1927,1921,1777,674,63,1011,27,1922,447,24553,12,1926,626,1925,93,25,133,4712],"class_list":{"0":"post-135002","1":"post","2":"type-post","3":"status-publish","4":"format-standard","5":"has-post-thumbnail","7":"category-paris","8":"tag-actu","9":"tag-actu-paris","10":"tag-actualites","11":"tag-actualites-paris","12":"tag-article-video","13":"tag-eu","14":"tag-europe","15":"tag-football","16":"tag-fr","17":"tag-france","18":"tag-info","19":"tag-ligue-des-champions","20":"tag-ligue-des-champions-2024-2025-le-psg-en-finale","21":"tag-news","22":"tag-news-paris","23":"tag-paris","24":"tag-paris-news","25":"tag-psg","26":"tag-republique-francaise","27":"tag-video","28":"tag-video-sports"},"share_on_mastodon":{"url":"https:\/\/pubeurope.com\/@fr\/114586980462274526","error":""},"_links":{"self":[{"href":"https:\/\/www.europesays.com\/fr\/wp-json\/wp\/v2\/posts\/135002","targetHints":{"allow":["GET"]}}],"collection":[{"href":"https:\/\/www.europesays.com\/fr\/wp-json\/wp\/v2\/posts"}],"about":[{"href":"https:\/\/www.europesays.com\/fr\/wp-json\/wp\/v2\/types\/post"}],"author":[{"embeddable":true,"href":"https:\/\/www.europesays.com\/fr\/wp-json\/wp\/v2\/users\/2"}],"replies":[{"embeddable":true,"href":"https:\/\/www.europesays.com\/fr\/wp-json\/wp\/v2\/comments?post=135002"}],"version-history":[{"count":0,"href":"https:\/\/www.europesays.com\/fr\/wp-json\/wp\/v2\/posts\/135002\/revisions"}],"wp:featuredmedia":[{"embeddable":true,"href":"https:\/\/www.europesays.com\/fr\/wp-json\/wp\/v2\/media\/135003"}],"wp:attachment":[{"href":"https:\/\/www.europesays.com\/fr\/wp-json\/wp\/v2\/media?parent=135002"}],"wp:term":[{"taxonomy":"category","embeddable":true,"href":"https:\/\/www.europesays.com\/fr\/wp-json\/wp\/v2\/categories?post=135002"},{"taxonomy":"post_tag","embeddable":true,"href":"https:\/\/www.europesays.com\/fr\/wp-json\/wp\/v2\/tags?post=135002"}],"curies":[{"name":"wp","href":"https:\/\/api.w.org\/{rel}","templated":true}]}}