{"id":135004,"date":"2025-05-28T18:55:07","date_gmt":"2025-05-28T18:55:07","guid":{"rendered":"https:\/\/www.europesays.com\/fr\/135004\/"},"modified":"2025-05-28T18:55:07","modified_gmt":"2025-05-28T18:55:07","slug":"a-paris-la-fontaine-des-innocents-teintee-de-rouge-par-des-activistes-pro-gaza","status":"publish","type":"post","link":"https:\/\/www.europesays.com\/fr\/135004\/","title":{"rendered":"\u00e0 Paris, la fontaine des Innocents teint\u00e9e de rouge par des activistes pro-Gaza"},"content":{"rendered":"<p>            Par<br \/>\n        <strong><br \/>\n            <a href=\"https:\/\/actu.fr\/auteur\/augustin-delaporte\" title=\"Consulter tous les articles de Augustin Delaporte\" rel=\"nofollow noopener\" target=\"_blank\">Augustin Delaporte<\/a><br \/>\n        <\/strong><\/p>\n<p>        Publi\u00e9 le<\/p>\n<p>            28 mai 2025 \u00e0 20h31        <\/p>\n<p><strong>De l\u2019eau couleur sang<\/strong> qui jaillit de la <a href=\"https:\/\/actu.fr\/ile-de-france\/paris_75056\/restauree-pour-les-jo-la-fontaine-des-innocents-joyau-de-paris-va-reprendre-vie-a-chatelet_60748717.html\" rel=\"nofollow noopener\" target=\"_blank\">fontaine des Innocents<\/a> \u00e0 <a href=\"https:\/\/actu.fr\/paris\/\" rel=\"nofollow noopener\" target=\"_blank\">Paris<\/a> (1er), difficile de faire plus parlant. Mais dans le doute, les activistes, qui ont investi la construction embl\u00e9matique du quartier des Halles mercredi 28 mai 2025 avant midi, ont pr\u00e9cis\u00e9 le fond de leur pens\u00e9e. Avec des pancartes cibl\u00e9es : \u00ab <a href=\"https:\/\/actu.fr\/tag\/gaza\" rel=\"nofollow noopener\" target=\"_blank\">Gaza<\/a> : <a href=\"https:\/\/actu.fr\/tag\/emmanuel-macron\" rel=\"nofollow noopener\" target=\"_blank\">E. Macron<\/a> doit enfin agir \u00bb ou \u00ab Gaza : stop au bain de sang \u00bb.<\/p>\n<p>La mairie locale porte plainte pour vandalisme\u00a0<\/p>\n<p class=\" wall-content\">Une action revendiqu\u00e9e par les ONG Greenpeace France, Oxfam France, Amnesty International France, M\u00e9decins du Monde et Ek\u014d et accompagn\u00e9e d\u2019un communiqu\u00e9 exigeant \u00ab\u00a0une r\u00e9ponse ferme de la France\u00a0\u00bb \u00ab\u00a0pour mettre fin [au] massacre\u00a0\u00bb\u00a0<\/p>\n<p class=\" wall-content\">\n<p class=\" wall-content\">Un acte qu\u2019a pour sa part d\u00e9plor\u00e9 le maire de Paris Centre, Ariel Weil, sur X. \u00ab\u00a0Comme pour chaque d\u00e9gradation, <strong>nous portons \u00e9videmment plainte<\/strong> apr\u00e8s le vandalisme de la fontaine des Innocents, tout juste restaur\u00e9e par la <a href=\"https:\/\/actu.fr\/tag\/mairie-de-paris\" rel=\"nofollow noopener\" target=\"_blank\">Ville<\/a> tandis que nos services nettoieront le syst\u00e8me hydraulique, comme d\u2019habitude \u00e9galement.\u00a0\u00bb<\/p>\n<p class=\" wall-content\">Et de conclure : \u00ab\u00a0Nous comptons sur la police et la justice.\u00a0\u00bb Pour rappel, la fontaine a \u00e9t\u00e9 restaur\u00e9e avant les Jeux olympiques 2024 et remise en eau le 27 juin dernier.<\/p>\n<p class=\" wall-content\">Suivez toute l\u2019actualit\u00e9 de vos villes et m\u00e9dias favoris en vous inscrivant \u00e0 <a href=\"https:\/\/moncompte.actu.fr\" title=\"D\u00e9couvez Mon Actu\" rel=\"nofollow noopener\" data-trk=\"{&quot;cta&quot;:{&quot;action&quot;:&quot;https:\\\/\\\/moncompte.actu.fr&quot;,&quot;category&quot;:&quot;mon compte&quot;,&quot;from&quot;:&quot;article footer&quot;,&quot;name&quot;:&quot;Mon actu&quot;,&quot;type&quot;:&quot;cta&quot;}}\" target=\"_blank\">Mon Actu<\/a>.<\/p>\n","protected":false},"excerpt":{"rendered":"Par Augustin Delaporte Publi\u00e9 le 28 mai 2025 \u00e0 20h31 De l\u2019eau couleur sang qui jaillit de la&hellip;\n","protected":false},"author":2,"featured_media":135005,"comment_status":"","ping_status":"","sticky":false,"template":"","format":"standard","meta":{"footnotes":""},"categories":[1888],"tags":[11,1777,674,1011,27,665,12,626,2551,25,104],"class_list":{"0":"post-135004","1":"post","2":"type-post","3":"status-publish","4":"format-standard","5":"has-post-thumbnail","7":"category-paris","8":"tag-actualites","9":"tag-eu","10":"tag-europe","11":"tag-fr","12":"tag-france","13":"tag-gaza","14":"tag-news","15":"tag-paris","16":"tag-patrimoine","17":"tag-republique-francaise","18":"tag-societe"},"share_on_mastodon":{"url":"https:\/\/pubeurope.com\/@fr\/114586984394044376","error":""},"_links":{"self":[{"href":"https:\/\/www.europesays.com\/fr\/wp-json\/wp\/v2\/posts\/135004","targetHints":{"allow":["GET"]}}],"collection":[{"href":"https:\/\/www.europesays.com\/fr\/wp-json\/wp\/v2\/posts"}],"about":[{"href":"https:\/\/www.europesays.com\/fr\/wp-json\/wp\/v2\/types\/post"}],"author":[{"embeddable":true,"href":"https:\/\/www.europesays.com\/fr\/wp-json\/wp\/v2\/users\/2"}],"replies":[{"embeddable":true,"href":"https:\/\/www.europesays.com\/fr\/wp-json\/wp\/v2\/comments?post=135004"}],"version-history":[{"count":0,"href":"https:\/\/www.europesays.com\/fr\/wp-json\/wp\/v2\/posts\/135004\/revisions"}],"wp:featuredmedia":[{"embeddable":true,"href":"https:\/\/www.europesays.com\/fr\/wp-json\/wp\/v2\/media\/135005"}],"wp:attachment":[{"href":"https:\/\/www.europesays.com\/fr\/wp-json\/wp\/v2\/media?parent=135004"}],"wp:term":[{"taxonomy":"category","embeddable":true,"href":"https:\/\/www.europesays.com\/fr\/wp-json\/wp\/v2\/categories?post=135004"},{"taxonomy":"post_tag","embeddable":true,"href":"https:\/\/www.europesays.com\/fr\/wp-json\/wp\/v2\/tags?post=135004"}],"curies":[{"name":"wp","href":"https:\/\/api.w.org\/{rel}","templated":true}]}}