{"id":135012,"date":"2025-05-28T18:59:13","date_gmt":"2025-05-28T18:59:13","guid":{"rendered":"https:\/\/www.europesays.com\/fr\/135012\/"},"modified":"2025-05-28T18:59:13","modified_gmt":"2025-05-28T18:59:13","slug":"usa-la-fed-a-note-les-risques-dune-inflation-et-dun-chomage-en-hausse-minutes-28-05-2025-a-2022","status":"publish","type":"post","link":"https:\/\/www.europesays.com\/fr\/135012\/","title":{"rendered":"USA-La Fed a not\u00e9 les risques d&rsquo;une inflation et d&rsquo;un ch\u00f4mage en hausse-\u00ab\u00a0minutes\u00a0\u00bb &#8211; 28\/05\/2025 \u00e0 20:22"},"content":{"rendered":"<p>\n Les responsables de la<br \/>\nR\u00e9serve f\u00e9d\u00e9rale am\u00e9ricaine (Fed) ont admis lors de leur<br \/>\nderni\u00e8re r\u00e9union de politique mon\u00e9taire qu&rsquo;ils pourraient faire<br \/>\nface \u00e0 des d\u00e9fis dans les prochains mois, avec une hausse de<br \/>\nl&rsquo;inflation accompagn\u00e9e d&rsquo;une augmentation du ch\u00f4mage, montre le<br \/>\ncompte-rendu de la r\u00e9union publi\u00e9 mercredi.\n<\/p>\n<p>\n Un tel sc\u00e9nario contraindrait les responsables de la Fed \u00e0<br \/>\neffectuer un choix entre lutter contre l&rsquo;inflation, avec une<br \/>\npolitique mon\u00e9taire plus stricte, ou soutenir l&rsquo;\u00e9conomie et<br \/>\nl&#8217;emploi en r\u00e9duisant les taux d&rsquo;int\u00e9r\u00eat.\n<\/p>\n<p>\n D&rsquo;apr\u00e8s les \u00ab\u00a0minutes\u00a0\u00bb de la r\u00e9union des 6-7 mai, \u00ab\u00a0presque<br \/>\ntous les participants\u00a0\u00bb ont \u00e9voqu\u00e9 le risque que l'\u00a0\u00bbinflation<br \/>\ns&rsquo;av\u00e8re plus persistante qu&rsquo;attendu\u00a0\u00bb, alors que l&rsquo;\u00e9conomie<br \/>\nam\u00e9ricaine s&rsquo;est adapt\u00e9e aux nouveaux droits de douane mis en<br \/>\nplace ou propos\u00e9s par l&rsquo;administration du pr\u00e9sident Donald<br \/>\nTrump.\n<\/p>\n<p>\n \u00ab\u00a0Les participants ont not\u00e9 que (le comit\u00e9 de politique<br \/>\nmon\u00e9taire de la Fed) pourrait \u00eatre confront\u00e9 \u00e0 des compromis<br \/>\ndifficiles si l&rsquo;inflation demeure plus persistante et que, dans<br \/>\nle m\u00eame temps, les pr\u00e9visions pour la croissance et l&#8217;emploi<br \/>\ns&rsquo;affaiblissent\u00a0\u00bb, est-il \u00e9crit dans le compte-rendu.\n<\/p>\n<p>\n Les responsables de la banque centrale am\u00e9ricaine sont<br \/>\nconvenus que l'\u00a0\u00bbincertitude sur les perspectives \u00e9conomiques<br \/>\ns&rsquo;est accrue davantage\u00a0\u00bb et qu&rsquo;il \u00e9tait donc \u00ab\u00a0appropri\u00e9 d&rsquo;adopter<br \/>\nune approche prudente\u00a0\u00bb pour constater clairement les<br \/>\nr\u00e9percussions \u00e9conomiques des changements dans la politique de<br \/>\nWashington.\n<\/p>\n<p>\n Alors que l&rsquo;incertitude a \u00e9t\u00e9 le ma\u00eetre mot de la derni\u00e8re<br \/>\nr\u00e9union de la Fed, celle-ci a d\u00e9cid\u00e9 d\u00e9but mai de ne pas<br \/>\nmodifier ses taux directeurs.\n<\/p>\n<p>\n Le patron de la banque centrale am\u00e9ricaine, Jerome Powell, a<br \/>\nalors laiss\u00e9 entendre que l&rsquo;institution ne pourrait pas agir<br \/>\ntant que l&rsquo;administration Trump n&rsquo;aura pas confirm\u00e9 sa politique<br \/>\ncommerciale, le pr\u00e9sident am\u00e9ricain ayant d\u00e9cid\u00e9 de pauses dans<br \/>\nla mise en place de diff\u00e9rents droits de douane.\n<\/p>\n<p>\n Cette position a \u00e9t\u00e9 r\u00e9affirm\u00e9e au cours des derni\u00e8res<br \/>\nsemaines par diff\u00e9rents responsables de la Fed, dont la<br \/>\nprochaine r\u00e9union est pr\u00e9vue les 17 et 18 juin.\n<\/p>\n<p>\n (Howard Schneider; version fran\u00e7aise Jean Terzian, \u00e9dit\u00e9 par<br \/>\nZhifan Liu)<\/p>\n","protected":false},"excerpt":{"rendered":"Les responsables de la R\u00e9serve f\u00e9d\u00e9rale am\u00e9ricaine (Fed) ont admis lors de leur derni\u00e8re r\u00e9union de politique mon\u00e9taire&hellip;\n","protected":false},"author":2,"featured_media":2486,"comment_status":"","ping_status":"","sticky":false,"template":"","format":"standard","meta":{"footnotes":""},"categories":[1589],"tags":[400,11,398,408,405,73,1866,403,402,399,404,12,401,406,1864,1865,1863,308,407],"class_list":{"0":"post-135012","1":"post","2":"type-post","3":"status-publish","4":"format-standard","5":"has-post-thumbnail","7":"category-etats-unis","8":"tag-action-cac-40","9":"tag-actualites","10":"tag-bourse-de-paris","11":"tag-boursorama","12":"tag-cotations","13":"tag-etats-unis","14":"tag-etats-unis-damerique","15":"tag-indices-devises","16":"tag-investir","17":"tag-investissement","18":"tag-marche-boursier","19":"tag-news","20":"tag-sicav","21":"tag-trackers","22":"tag-united-states","23":"tag-united-states-of-america","24":"tag-us","25":"tag-usa","26":"tag-warrants"},"share_on_mastodon":{"url":"https:\/\/pubeurope.com\/@fr\/114587000118971633","error":""},"_links":{"self":[{"href":"https:\/\/www.europesays.com\/fr\/wp-json\/wp\/v2\/posts\/135012","targetHints":{"allow":["GET"]}}],"collection":[{"href":"https:\/\/www.europesays.com\/fr\/wp-json\/wp\/v2\/posts"}],"about":[{"href":"https:\/\/www.europesays.com\/fr\/wp-json\/wp\/v2\/types\/post"}],"author":[{"embeddable":true,"href":"https:\/\/www.europesays.com\/fr\/wp-json\/wp\/v2\/users\/2"}],"replies":[{"embeddable":true,"href":"https:\/\/www.europesays.com\/fr\/wp-json\/wp\/v2\/comments?post=135012"}],"version-history":[{"count":0,"href":"https:\/\/www.europesays.com\/fr\/wp-json\/wp\/v2\/posts\/135012\/revisions"}],"wp:featuredmedia":[{"embeddable":true,"href":"https:\/\/www.europesays.com\/fr\/wp-json\/wp\/v2\/media\/2486"}],"wp:attachment":[{"href":"https:\/\/www.europesays.com\/fr\/wp-json\/wp\/v2\/media?parent=135012"}],"wp:term":[{"taxonomy":"category","embeddable":true,"href":"https:\/\/www.europesays.com\/fr\/wp-json\/wp\/v2\/categories?post=135012"},{"taxonomy":"post_tag","embeddable":true,"href":"https:\/\/www.europesays.com\/fr\/wp-json\/wp\/v2\/tags?post=135012"}],"curies":[{"name":"wp","href":"https:\/\/api.w.org\/{rel}","templated":true}]}}