{"id":135013,"date":"2025-05-28T19:00:17","date_gmt":"2025-05-28T19:00:17","guid":{"rendered":"https:\/\/www.europesays.com\/fr\/135013\/"},"modified":"2025-05-28T19:00:17","modified_gmt":"2025-05-28T19:00:17","slug":"linfluenceur-masculiniste-andrew-tate-inculpe","status":"publish","type":"post","link":"https:\/\/www.europesays.com\/fr\/135013\/","title":{"rendered":"l&rsquo;influenceur masculiniste Andrew Tate inculp\u00e9"},"content":{"rendered":"<p>L&rsquo;influenceur masculiniste britannico-am\u00e9ricain Andrew Tate et son fr\u00e8re Tristan ont \u00e9t\u00e9 inculp\u00e9s en janvier 2024 pour viol, trafic d&rsquo;\u00eatre humains et coups et blessures au Royaume-Uni, a annonc\u00e9 ce mercredi le bureau du procureur (CPS), sans pr\u00e9ciser pourquoi il communiquait plus d&rsquo;un an apr\u00e8s avoir proc\u00e9d\u00e9 \u00e0 ces inculpations.<\/p>\n<p>Dix chefs d&rsquo;inculpation ont \u00e9t\u00e9 retenus \u00e0 l&rsquo;encontre d&rsquo;Andrew Tate, 38 ans, y compris celui de \u00ab prox\u00e9n\u00e9tisme \u00bb, pour des faits concernant trois victimes pr\u00e9sum\u00e9es. Tristan Tate, 36 ans, fait face \u00e0 11 chefs d&rsquo;inculpation pour des faits concernant une victime pr\u00e9sum\u00e9e.<\/p>\n<p>Sous le coup d&rsquo;un mandat international<\/p>\n<p>Les deux hommes sont sous le coup d&rsquo;un mandat international \u00e9mis par le Royaume-Uni, rappelle le CPS, qui pr\u00e9cise que les faits reproch\u00e9s s&rsquo;\u00e9tendent entre 2012 et 2015.<\/p>\n<p>Andrew et Tristan Tate sont <a href=\"https:\/\/www.ledauphine.com\/faits-divers-justice\/2024\/08\/21\/l-influenceur-masculiniste-britannique-andrew-tate-place-en-garde-a-vue\" target=\"_blank\" rel=\"nofollow noopener\">\u00e9galement poursuivis en Roumanie<\/a> pour traite d&rsquo;\u00eatres humains et viol. Ils sont accus\u00e9s d&rsquo;avoir dup\u00e9 plusieurs femmes \u00e0 des fins d&rsquo;exploitation sexuelle, y compris des mineures. Fin f\u00e9vrier, ils ont quitt\u00e9 le pays pour les Etats-Unis apr\u00e8s que leur interdiction de quitter le territoire roumain a \u00e9t\u00e9 lev\u00e9e.<\/p>\n<p>Par ailleurs, les autorit\u00e9s p\u00e9nales de Floride ont engag\u00e9 une enqu\u00eate p\u00e9nale \u00e0 leur encontre, disant avoir \u00ab une tol\u00e9rance z\u00e9ro pour l&rsquo;exploitation d&rsquo;\u00eatres humains et la violence contre les femmes \u00bb. Au Royaume-Uni encore, quatre femmes accusent Andrew Tate de viols et violences au civil.<\/p>\n<p>N\u00e9 aux \u00c9tats-Unis d&rsquo;un p\u00e8re am\u00e9ricain et d&rsquo;une m\u00e8re britannique, Andrew Tate, qui est un ancien combattant professionnel de kickboxing, a \u00e9t\u00e9 banni d&rsquo;Instagram et TikTok pour des propos misogynes. Il est suivi par plus de 10\u00a0millions de personnes sur le r\u00e9seau social X, o\u00f9 il s&rsquo;exhibe muscles saillants, fumant des cigares et fascinant les adolescents avec ses voitures de luxe. Il y promeut des th\u00e8ses masculinistes et monnaie ses conseils aux hommes pour les aider \u00e0 devenir riches.<\/p>\n","protected":false},"excerpt":{"rendered":"L&rsquo;influenceur masculiniste britannico-am\u00e9ricain Andrew Tate et son fr\u00e8re Tristan ont \u00e9t\u00e9 inculp\u00e9s en janvier 2024 pour viol, trafic&hellip;\n","protected":false},"author":2,"featured_media":135014,"comment_status":"","ping_status":"","sticky":false,"template":"","format":"standard","meta":{"footnotes":""},"categories":[1588],"tags":[11,271,272,1777,674,274,107,329,12,473,1853,1851,1850,1852],"class_list":{"0":"post-135013","1":"post","2":"type-post","3":"status-publish","4":"format-standard","5":"has-post-thumbnail","7":"category-royaume-uni","8":"tag-actualites","9":"tag-crime","10":"tag-delit-et-contravention","11":"tag-eu","12":"tag-europe","13":"tag-faits-divers-justice","14":"tag-fil-info","15":"tag-france-monde","16":"tag-news","17":"tag-royaume-uni","18":"tag-royaume-uni-de-grande-bretagne-et-dirlande-du-nord","19":"tag-uk","20":"tag-united-kingdom","21":"tag-united-kingdom-of-great-britain-and-northern-ireland"},"share_on_mastodon":{"url":"https:\/\/pubeurope.com\/@fr\/114587003953677749","error":""},"_links":{"self":[{"href":"https:\/\/www.europesays.com\/fr\/wp-json\/wp\/v2\/posts\/135013","targetHints":{"allow":["GET"]}}],"collection":[{"href":"https:\/\/www.europesays.com\/fr\/wp-json\/wp\/v2\/posts"}],"about":[{"href":"https:\/\/www.europesays.com\/fr\/wp-json\/wp\/v2\/types\/post"}],"author":[{"embeddable":true,"href":"https:\/\/www.europesays.com\/fr\/wp-json\/wp\/v2\/users\/2"}],"replies":[{"embeddable":true,"href":"https:\/\/www.europesays.com\/fr\/wp-json\/wp\/v2\/comments?post=135013"}],"version-history":[{"count":0,"href":"https:\/\/www.europesays.com\/fr\/wp-json\/wp\/v2\/posts\/135013\/revisions"}],"wp:featuredmedia":[{"embeddable":true,"href":"https:\/\/www.europesays.com\/fr\/wp-json\/wp\/v2\/media\/135014"}],"wp:attachment":[{"href":"https:\/\/www.europesays.com\/fr\/wp-json\/wp\/v2\/media?parent=135013"}],"wp:term":[{"taxonomy":"category","embeddable":true,"href":"https:\/\/www.europesays.com\/fr\/wp-json\/wp\/v2\/categories?post=135013"},{"taxonomy":"post_tag","embeddable":true,"href":"https:\/\/www.europesays.com\/fr\/wp-json\/wp\/v2\/tags?post=135013"}],"curies":[{"name":"wp","href":"https:\/\/api.w.org\/{rel}","templated":true}]}}