{"id":135021,"date":"2025-05-28T19:04:10","date_gmt":"2025-05-28T19:04:10","guid":{"rendered":"https:\/\/www.europesays.com\/fr\/135021\/"},"modified":"2025-05-28T19:04:10","modified_gmt":"2025-05-28T19:04:10","slug":"comment-le-psg-est-percu-par-leurope-du-football","status":"publish","type":"post","link":"https:\/\/www.europesays.com\/fr\/135021\/","title":{"rendered":"comment le PSG est per\u00e7u par l\u2019Europe du football"},"content":{"rendered":"<p><strong>D\u00c9CRYPTAGE \u2013<\/strong> Avant la finale de Ligue des champions face \u00e0 l\u2019Inter Milan, samedi, plusieurs journalistes \u00e9trangers racontent comment Paris est vu dans leur pays.<\/p>\n<p class=\"fig-paragraph\">Munich, capitale du football europ\u00e9en et m\u00eame mondial samedi soir, sur les coups de 21\u00a0heures. L\u2019affiche entre\u00a0<a href=\"http:\/\/www.lefigaro.fr\/sports\/football\/ligue-des-champions\/c-etait-il-y-a-plus-de-trente-ans-il-faut-evoluer-comment-les-heros-de-l-om-1993-se-positionnent-avant-la-finale-psg-inter-milan-20250527\" data-fig-type=\"Article\" data-gtm-custom-categorie=\"navigation\" data-gtm-custom-action=\"crossclick\" data-gtm-custom-label=\"Contextuel\" data-gtm-event=\"customEventSPE\" data-fig-domain=\"LEFIGARO\" target=\"_blank\" rel=\"noopener\">le PSG<\/a>\u00a0et\u00a0<a href=\"http:\/\/www.lefigaro.fr\/sports\/football\/ligue-des-champions\/psg-inter-milan-une-parade-dimanche-sur-les-champs-elysees-en-cas-de-sacre-en-finale-de-ligue-des-champions-20250528\" data-fig-type=\"NewsFlash\" data-gtm-custom-categorie=\"navigation\" data-gtm-custom-action=\"crossclick\" data-gtm-custom-label=\"Contextuel\" data-gtm-event=\"customEventSPE\" data-fig-domain=\"LEFIGARO\" target=\"_blank\" rel=\"noopener\">l\u2019Inter Milan<\/a>, en finale de Ligue des champions, sera suivie par des millions de t\u00e9l\u00e9spectateurs d\u00e9sireux d\u2019assister \u00e0 l\u2019\u00e9pilogue d\u2019une folle et riche saison europ\u00e9enne. En qu\u00eate d\u2019un tripl\u00e9 historique (Ligue\u00a01, Coupe de France et C1), avant de d\u00e9couvrir\u00a0<a href=\"http:\/\/www.lefigaro.fr\/sports\/football\/coupe-du-monde\/coupe-du-monde-des-clubs-le-psg-face-a-l-atletico-et-le-botafogo-de-textor-mbappe-face-a-neymar-20241205\" data-fig-type=\"NewsFlash\" data-gtm-custom-categorie=\"navigation\" data-gtm-custom-action=\"crossclick\" data-gtm-custom-label=\"Contextuel\" data-gtm-event=\"customEventSPE\" data-fig-domain=\"LEFIGARO\" target=\"_blank\" rel=\"noopener\">la Coupe du monde des clubs (14\u00a0juin-13\u00a0juillet)<\/a>, le club parisien ne laisse personne indiff\u00e9rent sur le Vieux Continent. Le Figaro a interrog\u00e9 cinq journalistes europ\u00e9ens qui posent leur regard singulier sur ce PSG \u00ab\u00a0new look\u00a0\u00bb et qui d\u00e9crivent le ressenti dans leur pays. T\u00e9moignages et analyses.<\/p>\n<p>Alessandro Grandesso (\u00ab\u00a0Gazetta dello Sport\u00a0\u00bb, Italie)\u00a0: \u00ab\u00a0Avant, Paris comptait sur les stars. Aujourd\u2019hui, c\u2019est une \u00e9quipe\u00a0\u00bb<\/p>\n<p class=\"fig-paragraph\">\u00ab\u00a0Le regard a chang\u00e9 apr\u00e8s le d\u00e9part des grandes stars. Au d\u00e9but, cette \u00e9volution \u00e9tait per\u00e7ue avec perplexit\u00e9. La pr\u00e9sence de Luis Enrique donnait quand m\u00eame une garantie. Cette saison, on a rapidement compris que c\u2019\u00e9tait du s\u00e9rieux. Pr\u00e9c\u00e9demment, Paris comptait \u00e0 cause ou gr\u00e2ce aux stars. Aujourd\u2019hui, c\u2019est parce que c\u2019est\u2026<\/p>\n<p class=\"fig-premium-paywall__infos\">\n        Cet article est r\u00e9serv\u00e9 aux abonn\u00e9s.        Il vous reste 89% \u00e0 d\u00e9couvrir.\n    <\/p>\n<p>                <img  data- alt=\"Le Figaro\" class=\"fig-img--complete fig-img\"\/><\/p>\n<p class=\"fig-premium-paywall__title\">Vente Flash<\/p>\n<p class=\"fig-premium-paywall__subtitle\">4,99\u20ac par mois pendant 12 mois. Sans engagement.<\/p>\n<p class=\"fig-premium-paywall__connect\">\n                D\u00e9j\u00e0 abonn\u00e9\u00a0?                <a class=\"fig-premium-paywall__connect-link\" href=\"https:\/\/connect.lefigaro.fr\/login?client=horizon_web&amp;type=main&amp;redirect_uri=https%3A%2F%2Fwww.lefigaro.fr%2Fsports%2Ffootball%2Fligue-des-champions%2Fune-vraie-equipe-de-foot-et-plus-une-equipe-de-cirque-comment-le-psg-est-percu-par-l-europe-du-football-20250528\" data-js-gtm=\"{&quot;customCategorie&quot;: &quot;conversion&quot;, &quot;customAction&quot;: &quot;before_Landing_Connexion_paywall_auto&quot;, &quot;customLabel&quot;: &quot;bGVmaWdhcm8uZnJfXzFmMDNiMjg0LTExMTAtNjRhNC04NzJiLWE5MzlkMGI1NTE3NV9fTmV3c0ZsYXNo_\u00abUne vraie \u00e9quipe de foot et plus une \u00e9quipe de cirque\u00bb\u00a0: comment le PSG est per\u00e7u par l\u2019Europe du football_321&quot;, &quot;customIDSPE&quot;: &quot;bGVmaWdhcm8uZnJfXzFmMDNiMjg0LTExMTAtNjRhNC04NzJiLWE5MzlkMGI1NTE3NV9fTmV3c0ZsYXNo&quot;, &quot;event&quot;: &quot;customEventSPE&quot;}\" target=\"_blank\" rel=\"noopener\"><br \/>\n                    Connectez-vous<br \/>\n                <\/a>\n            <\/p>\n","protected":false},"excerpt":{"rendered":"D\u00c9CRYPTAGE \u2013 Avant la finale de Ligue des champions face \u00e0 l\u2019Inter Milan, samedi, plusieurs journalistes \u00e9trangers racontent&hellip;\n","protected":false},"author":2,"featured_media":135022,"comment_status":"","ping_status":"","sticky":false,"template":"","format":"standard","meta":{"footnotes":""},"categories":[2],"tags":[11,4791,786,525,448,1981,1089,814,2257,63,1011,27,10528,2705,4788,6477,447,1307,3490,921,955,12,2782,4589,4789,93,4790,25,1980,455],"class_list":{"0":"post-135021","1":"post","2":"type-post","3":"status-publish","4":"format-standard","5":"has-post-thumbnail","7":"category-actualites","8":"tag-actualites","9":"tag-barcelone","10":"tag-c1","11":"tag-calendrier","12":"tag-champions-league","13":"tag-classement","14":"tag-coupe-deurope","15":"tag-direct","16":"tag-foot","17":"tag-football","18":"tag-fr","19":"tag-france","20":"tag-gianluigi-donnarumma","21":"tag-groupe","22":"tag-inter-milan","23":"tag-kylian-mbappe","24":"tag-ligue-des-champions","25":"tag-lille","26":"tag-liverpool","27":"tag-luis-enrique","28":"tag-match","29":"tag-news","30":"tag-ousmane-dembele","31":"tag-phase-finale","32":"tag-poule","33":"tag-psg","34":"tag-real-madrid","35":"tag-republique-francaise","36":"tag-resultats","37":"tag-uefa"},"share_on_mastodon":{"url":"https:\/\/pubeurope.com\/@fr\/114587019877374161","error":""},"_links":{"self":[{"href":"https:\/\/www.europesays.com\/fr\/wp-json\/wp\/v2\/posts\/135021","targetHints":{"allow":["GET"]}}],"collection":[{"href":"https:\/\/www.europesays.com\/fr\/wp-json\/wp\/v2\/posts"}],"about":[{"href":"https:\/\/www.europesays.com\/fr\/wp-json\/wp\/v2\/types\/post"}],"author":[{"embeddable":true,"href":"https:\/\/www.europesays.com\/fr\/wp-json\/wp\/v2\/users\/2"}],"replies":[{"embeddable":true,"href":"https:\/\/www.europesays.com\/fr\/wp-json\/wp\/v2\/comments?post=135021"}],"version-history":[{"count":0,"href":"https:\/\/www.europesays.com\/fr\/wp-json\/wp\/v2\/posts\/135021\/revisions"}],"wp:featuredmedia":[{"embeddable":true,"href":"https:\/\/www.europesays.com\/fr\/wp-json\/wp\/v2\/media\/135022"}],"wp:attachment":[{"href":"https:\/\/www.europesays.com\/fr\/wp-json\/wp\/v2\/media?parent=135021"}],"wp:term":[{"taxonomy":"category","embeddable":true,"href":"https:\/\/www.europesays.com\/fr\/wp-json\/wp\/v2\/categories?post=135021"},{"taxonomy":"post_tag","embeddable":true,"href":"https:\/\/www.europesays.com\/fr\/wp-json\/wp\/v2\/tags?post=135021"}],"curies":[{"name":"wp","href":"https:\/\/api.w.org\/{rel}","templated":true}]}}