{"id":135025,"date":"2025-05-28T19:06:31","date_gmt":"2025-05-28T19:06:31","guid":{"rendered":"https:\/\/www.europesays.com\/fr\/135025\/"},"modified":"2025-05-28T19:06:31","modified_gmt":"2025-05-28T19:06:31","slug":"ce-prison-break-avec-roman-doduik-a-t-il-ete-tourne-dans-une-vraie-prison","status":"publish","type":"post","link":"https:\/\/www.europesays.com\/fr\/135025\/","title":{"rendered":"ce Prison Break avec Roman Doduik a-t-il \u00e9t\u00e9 tourn\u00e9 dans une vraie prison ?"},"content":{"rendered":"<p>ZONZ n\u2019est pas pass\u00e9e inaper\u00e7ue lors de sa pr\u00e9sentation il y a quelques semaines \u00e0 Cannes\u00e9ries. De l\u2019avis g\u00e9n\u00e9ral, que nous confirmons d\u2019ailleurs, la s\u00e9rie de France T\u00e9l\u00e9visions a \u00e9t\u00e9 l\u2019une des plus belles surprises de cette \u00e9dition 2025 du festival. Malgr\u00e9 un postulat de d\u00e9part un peu improbable, la fraicheur de ses interpr\u00e8tes et la justesse de ce portrait d\u2019adolescents en difficult\u00e9 a su s\u00e9duire les critiques qui sont pass\u00e9s du rire aux larmes tout au long des 8 \u00e9pisodes de cette saison 1. De quoi parle ZONZ de France.tv ? Imagin\u00e9e par Marine Maugrain-Legagneur, Quentin Pissot et Alicia Pratx, ZONZ plonge le spectateur dans une prison pour adolescents. El\u00e8ve mod\u00e8le et nouvelle d\u00e9tenue, Alice (Mona Claude) est persuad\u00e9e qu\u2019elle sortira vite pour retrouver sa m\u00e8re malade. Mais la r\u00e9alit\u00e9 est bien plus difficile qu\u2019elle ne le pensait. Pour tenter de survivre et r\u00e9aliser certains de ses r\u00eaves malgr\u00e9 son incarc\u00e9ration, elle d\u00e9cide d\u2019infiltrer un groupe d\u2019adolescents qui projette une \u00e9vasion pour informer la directrice de la prison (Camille Chamoux). Mais elle se retrouve face \u00e0 un dilemme lorsqu\u2019elle tisse de vrais liens d\u2019amiti\u00e9 avec ces jeunes\u2026. \u00a0\u00bb C\u2019est une com\u00e9die d\u2019\u00e9vasion avec des jeunes et elle aborde un sujet qui est extr\u00eamement tabou. Je crois m\u00eame que c\u2019est la premi\u00e8re fois qu\u2019on parle d\u2019une prison pour mineurs dans une s\u00e9rie , nous a confi\u00e9 Roman Doduik, qui incarne Gabin l\u2019un des prisonniers, lors d\u2019une rencontre organis\u00e9e \u00e0 Cannes\u00e9ries 2025. Pour moi, on allait en prison \u00e0 16 ans, \u00e9ventuellement 17 si on avait fait des conneries. \u00c0 partir de 13 ans, on peut \u00eatre incarc\u00e9r\u00e9 en France aujourd&rsquo;hui. Donc, pour le r\u00e9alisme et l&rsquo;envie des auteurs de cette s\u00e9rie de montrer cet univers-l\u00e0, je me suis dit que je voulais en \u00eatre\u00a0\u00bb. \u00c0 lire \u00e9galement Cannes\u00e9ries 2025 : qu\u2019est-ce que A Better Man, la s\u00e9rie qui a triomph\u00e9 au palmar\u00e8s ? La s\u00e9rie ZONZ a-t-elle \u00e9t\u00e9 tourn\u00e9e dans une vraie prison ? Difficile, en termes de d\u00e9cors, de faire plus r\u00e9aliste que cette plong\u00e9e adolescente dans l\u2019univers carc\u00e9ral. L\u2019\u00e9quipe de ZONZ est en effet all\u00e9e tourner dans l\u2019Abbaye de Clairvaux, une ancienne maison d\u2019arr\u00eat qui a accueilli des d\u00e9tenus entre 1808 et 2023. \u00ab\u00a0C&rsquo;\u00e9tait la prison des peines lourdes et des peines \u00e0 perp\u00e9tuit\u00e9. Donc, quand t&rsquo;arrives le premier jour, tu fais \u00ab Waouh ! \u00bb C&rsquo;est terrorisant et c\u2019est immense ! Des parties \u00e9taient bien d\u00e9saffect\u00e9es, d\u2019autres avaient \u00e9t\u00e9 r\u00e9habilit\u00e9es. Et il y a aussi eu le travail exceptionnel des d\u00e9corateurs derri\u00e8re pour rajouter de la vie. Je me suis tr\u00e8s vite dit, sur le tournage, que nous devions \u00eatre les gens les plus heureux \u00e0 avoir mis les pieds ici. J\u2019ai eu des vrais moments de fou rire dans une cellule o\u00f9 un mec a peut-\u00eatre pass\u00e9 vingt, trente ou quarante ans de sa vie\u2026 On sent l\u2019impact des murs. Ils parlent un peu. On s\u2019est balad\u00e9s dans certains endroits de la prison qui n\u2019ont pas servi pour le tournage. On a vu des dessins des d\u00e9tenus sur les murs\u2026 C\u2019\u00e9tait flippant m\u00eame si certains \u00e9taient beaux. Tu te dis que la vie d\u2019un gars, c\u2019\u00e9tait \u00e7a : \u00eatre enferm\u00e9 l\u00e0 et faire \u00e7a\u00a0\u00bb, s\u2019est \u00e9mu Roman Doduik en pr\u00e9cisant qu\u2019un tel d\u00e9cor aidait pour le jeu. \u00a0\u00bb Tous les matins, on entrait dans une vraie prison. On passait un portique. C\u2019\u00e9tait fou ! On aurait pu faire \u00e7a en studio mais on a eu la chance d\u2019\u00eatre dans une vraie prison ! On a apport\u00e9 un peu de joie et de bonheur \u00e0 ces murs qui ont v\u00e9cu beaucoup de cauchemars\u00a0\u00bb. \u00c0 lire \u00e9galement Roman Doduik transform\u00e9 par Danse avec les stars : \u00ab\u00a0Je ne suis plus la m\u00eame personne depuis&#8230;\u00a0\u00bb ZONZ, avec Roman Doduik, Fauve Hautot, Tiphaine Daviot, Camille Chamoux, Adem Benosmane Bilel Chegrani ou encore Mona Claude est \u00e0 voir d\u00e8s maintenant sur France.tv et France.tv Slash<\/p>\n","protected":false},"excerpt":{"rendered":"ZONZ n\u2019est pas pass\u00e9e inaper\u00e7ue lors de sa pr\u00e9sentation il y a quelques semaines \u00e0 Cannes\u00e9ries. De l\u2019avis&hellip;\n","protected":false},"author":2,"featured_media":135026,"comment_status":"","ping_status":"","sticky":false,"template":"","format":"standard","meta":{"footnotes":""},"categories":[4],"tags":[11,11763,1011,27,8550,26091,12,806,26092,25,26090,26089],"class_list":{"0":"post-135025","1":"post","2":"type-post","3":"status-publish","4":"format-standard","5":"has-post-thumbnail","7":"category-france","8":"tag-actualites","9":"tag-camille-chamoux","10":"tag-fr","11":"tag-france","12":"tag-la-prison","13":"tag-mona-claude","14":"tag-news","15":"tag-prison","16":"tag-prison-pour-mineurs","17":"tag-republique-francaise","18":"tag-roman-doduik","19":"tag-zonz"},"share_on_mastodon":{"url":"https:\/\/pubeurope.com\/@fr\/114587027589508696","error":""},"_links":{"self":[{"href":"https:\/\/www.europesays.com\/fr\/wp-json\/wp\/v2\/posts\/135025","targetHints":{"allow":["GET"]}}],"collection":[{"href":"https:\/\/www.europesays.com\/fr\/wp-json\/wp\/v2\/posts"}],"about":[{"href":"https:\/\/www.europesays.com\/fr\/wp-json\/wp\/v2\/types\/post"}],"author":[{"embeddable":true,"href":"https:\/\/www.europesays.com\/fr\/wp-json\/wp\/v2\/users\/2"}],"replies":[{"embeddable":true,"href":"https:\/\/www.europesays.com\/fr\/wp-json\/wp\/v2\/comments?post=135025"}],"version-history":[{"count":0,"href":"https:\/\/www.europesays.com\/fr\/wp-json\/wp\/v2\/posts\/135025\/revisions"}],"wp:featuredmedia":[{"embeddable":true,"href":"https:\/\/www.europesays.com\/fr\/wp-json\/wp\/v2\/media\/135026"}],"wp:attachment":[{"href":"https:\/\/www.europesays.com\/fr\/wp-json\/wp\/v2\/media?parent=135025"}],"wp:term":[{"taxonomy":"category","embeddable":true,"href":"https:\/\/www.europesays.com\/fr\/wp-json\/wp\/v2\/categories?post=135025"},{"taxonomy":"post_tag","embeddable":true,"href":"https:\/\/www.europesays.com\/fr\/wp-json\/wp\/v2\/tags?post=135025"}],"curies":[{"name":"wp","href":"https:\/\/api.w.org\/{rel}","templated":true}]}}