{"id":135029,"date":"2025-05-28T19:09:12","date_gmt":"2025-05-28T19:09:12","guid":{"rendered":"https:\/\/www.europesays.com\/fr\/135029\/"},"modified":"2025-05-28T19:09:12","modified_gmt":"2025-05-28T19:09:12","slug":"leclatante-revanche-de-sebastien-tillous-borde","status":"publish","type":"post","link":"https:\/\/www.europesays.com\/fr\/135029\/","title":{"rendered":"l&rsquo;\u00e9clatante revanche de S\u00e9bastien Tillous-Borde"},"content":{"rendered":"<p>            Par<br \/>\n        <strong><br \/>\n            <a href=\"https:\/\/actu.fr\/auteur\/clement-mazella\" title=\"Consulter tous les articles de Cl\u00e9ment Mazella\" target=\"_blank\" rel=\"noopener\">Cl\u00e9ment Mazella<\/a><br \/>\n        <\/strong><\/p>\n<p>        Publi\u00e9 le<\/p>\n<p>            28 mai 2025 \u00e0 18h29        <\/p>\n<p>Tout peut tr\u00e8s vite changer dans le rugby. Et ce que vit <strong>S\u00e9bastien Tillous-Borde<\/strong>, c\u2019est une revanche \u00e9clatante. L\u2019\u00e9t\u00e9 dernier, <a href=\"https:\/\/actu.fr\/rugby\/equipe\/montauban_64dbdff67b8c09c4fec7b138\/\" target=\"_blank\" rel=\"noopener\">Montauban<\/a> a tent\u00e9 un sacr\u00e9 pari en misant sur l\u2019ancien n\u00b09 international (19 s\u00e9lections) pour prendre la t\u00eate de l\u2019\u00e9quipe premi\u00e8re. L\u2019USM avait fr\u00f4l\u00e9 le pire en se sauvant in extremis d\u2019une descente en Nationale, et voil\u00e0 qu\u2019elle optait pour Tillous-Borde, bon dernier avec Rouen en Pro D2. Il fallait oser, mais force est de constater que le bonhomme a su imposer sa patte, m\u00e9tamorphosant une \u00e9quipe qui va ferrailler ce vendredi 30 mai \u00e0 Brive pour une place en finale du championnat.\u00a0<\/p>\n<p>Plusieurs \u00e9checs pour Tillous-Borde<\/p>\n<p class=\" wall-content\">S\u2019il peut se targuer d\u2019une belle carri\u00e8re de joueur, avec 3 titres de champion d\u2019Europe, 1 bouclier de Brennus et une <a href=\"https:\/\/actu.fr\/sports\/rugby\/pro\/sacres-il-y-a-pile-14-ans-que-sont-devenus-les-u21-francais-champions-du-monde_34540789.html\" target=\"_blank\" rel=\"noopener\">Coupe du monde U21<\/a>, S\u00e9bastien Tillous-Borde a eu du mal \u00e0 conna\u00eetre le succ\u00e8s depuis qu\u2019il a endoss\u00e9 le surv\u00eatement d\u2019entra\u00eeneur en 2018.<\/p>\n<p class=\" wall-content\">Pour sa premi\u00e8re ann\u00e9e \u00e0 Toulon, le club a termin\u00e9 \u00e0 une bien modeste 9e place. La suite fut une fin en eau de boudin avec une mise \u00e0 l\u2019\u00e9cart en pleine p\u00e9riode Covid, en avril 2020. \u00ab\u00a0Cela n\u2019a pas \u00e9t\u00e9 simple \u00e0 vivre\u00a0\u00bb, conc\u00e9dait-il.<\/p>\n<p class=\" wall-content\">Ayant obtenu son dipl\u00f4me de manager, il rejoignait Bourgoin pour faire ses armes. Il finissait \u00e0 une terne 11e place sa premi\u00e8re saison, afin de pouvoir esquisser un premier sourire l\u2019exercice d\u2019apr\u00e8s avec un barrage disput\u00e9 (perdu \u00e0 Blagnac). \u00c0 Rouen, ce fut une derni\u00e8re place \u00e0 son actif. Dur, tr\u00e8s dur, forc\u00e9ment. Mais \u00e0 Montauban, jamais STB n\u2019a d\u00e9rog\u00e9 \u00e0 sa vision, et son c\u00f4t\u00e9 travailleur lui permet enfin d\u2019\u00eatre mis sur le devant de la sc\u00e8ne.<\/p>\n<p>    <img   decoding=\"async\" loading=\"lazy\" src=\"https:\/\/www.europesays.com\/fr\/wp-content\/uploads\/2025\/05\/sebastien-tillous-borde-rouen-rugby-960x640.jpg\" alt=\"Rouen a conc\u00e9d\u00e9 sa quatri\u00e8me d\u00e9faite d'affil\u00e9e ce vendredi. \" width=\"960\" height=\"640\"\/><br \/>\n    Avec Rouen l\u2019an pass\u00e9, S\u00e9bastien Tillous-Borde avait connu une rel\u00e9gation directe en Nationale. (\u00a9Icon Sport)Culture du club<\/p>\n<p class=\" wall-content\">Arriv\u00e9 de Normandie avec dans ses valises ses acolytes Andr\u00e9 Hough (pour les 3\/4) et Johan Snyman (pour les avants), S\u00e9bastien Tillous-Borde a d\u2019embl\u00e9e insist\u00e9 sur la culture du club. \u00ab\u00a0Nous n\u2019avions pas peur de venir \u00e0 Montauban, ni de faire de grandes choses. D\u2019entr\u00e9e, notre souhait, c\u2019\u00e9tait de faire revivre de grandes choses \u00e0 ce club qui le m\u00e9rite\u00a0\u00bb, t\u00e9moigne Hough, toujours \u00e9logieux au moment de parler du manager actuel de l\u2019USM.<\/p>\n<p class=\" wall-content\">\u00ab\u00a0S\u00e9bastien ne l\u00e2che et n\u2019arr\u00eate jamais. Il travaille, il est tout le temps derri\u00e8re nous, il veut toujours plus. C\u2019est un mec qui accorde de l\u2019importance au d\u00e9tail. Ce n\u2019est pas une forme de pression qu\u2019il instaure, mais il souhaite vraiment qu\u2019on performe \u00e0 chaque fois. <strong>C\u2019est mieux, mieux, mieux tout le temps. C\u2019\u00e9tait la m\u00eame chose quand il \u00e9tait joueu<\/strong>r\u00a0\u00bb, appuie l\u2019ancien joueur pass\u00e9 par Albi ou Pau.<\/p>\n<p class=\" wall-content\">Amateur de boxe, Tillous-Borde a fait adopter une m\u00e9thode de travail, avec des s\u00e9ances qui d\u00e9butent tr\u00e8s t\u00f4t le matin, afin de permettre aux joueurs d\u2019avoir du temps l\u2019apr\u00e8s-midi. \u00ab\u00a0Humainement, c\u2019est un mec tr\u00e8s bien. Il parle beaucoup aux joueurs au quotidien. Il apporte cette envie de jouer, de nous motiver, de nous encourager\u00a0\u00bb, souligne le centre <a href=\"https:\/\/actu.fr\/rugby\/joueur\/renda_6548b1d24481bf25852f3572\/\" target=\"_blank\" rel=\"noopener\">Simon Renda<\/a>.\u00a0<\/p>\n<p>Pas un c\u00f4t\u00e9 revanchard<\/p>\n<p class=\" wall-content\">Cette qualification en demi-finale de Pro D2, apr\u00e8s avoir d\u00e9jou\u00e9 les pronostics en barrages en s\u2019offrant le scalp de Colomiers \u00e0 Michel-Bendichou (23-26), Montauban la doit en grande partie \u00e0 S\u00e9bastien Tillous-Borde et son staff, qui ont su embarquer avec eux des joueurs marqu\u00e9s par la saison pr\u00e9c\u00e9dente, eux qui sont pass\u00e9s si pr\u00e8s d\u2019une rel\u00e9gation en Nationale. \u00ab\u00a0Nous voulions montrer que nous avions aussi des qualit\u00e9s et qu\u2019on pouvait jouer autre chose que le maintien. Je pense qu\u2019on l\u2019a prouv\u00e9\u00a0\u00bb, pointe Renda.<\/p>\n<p>    <img   decoding=\"async\" loading=\"lazy\" src=\"https:\/\/www.europesays.com\/fr\/wp-content\/uploads\/2025\/05\/andre-hough-entraineur-montauban-960x640.jpg\" alt=\"L'entra\u00eeneur des 3\/4 de Montauban, Andr\u00e9 Hough, s'est laiss\u00e9 aller \u00e0 une belle vanne avant la demi-finale de Pro D2 contre Brive. Preuve d'une grande d\u00e9contraction \u00e0 l'USM.\" width=\"960\" height=\"640\"\/><br \/>\n    L\u2019entra\u00eeneur des 3\/4 de Montauban, Andr\u00e9 Hough, est \u00e9logieux lorsqu\u2019il parle de S\u00e9bastien Tillous-Borde. (\u00a9Cl\u00e9ment MAZELLA\/actu.fr)<\/p>\n<p class=\" wall-content\">Faut-il y voir une forme de revanche personnelle pour Tillous-Borde ? Pas du tout assure Andr\u00e9 Hough. \u00ab\u00a0Nous savions que le travail paie. Avec Rouen, nous sommes 6e ou 7e sur la phase retour, et on descend car on rate la phase aller. Nous n\u2019avions pas eu peur de venir ici, et nous avons rencontr\u00e9 des joueurs qui ont adh\u00e9r\u00e9 au projet avec l\u2019envie de s\u2019exprimer sur le terrain\u00a0\u00bb.\u00a0<\/p>\n<p class=\" wall-content\">Qu\u2019importe le r\u00e9sultat vendredi, Montauban a r\u00e9ussi sa saison. Et Tillous-Borde montr\u00e9 qu\u2019il \u00e9tait un manager de qualit\u00e9, sur lequel il faudra compter \u00e0 l\u2019avenir.\u00a0<\/p>\n<p class=\" wall-content\">Suivez toute l\u2019actualit\u00e9 de vos villes et m\u00e9dias favoris en vous inscrivant \u00e0 <a href=\"https:\/\/moncompte.actu.fr\" title=\"D\u00e9couvez Mon Actu\" rel=\"nofollow noopener\" data-trk=\"{&quot;cta&quot;:{&quot;action&quot;:&quot;https:\\\/\\\/moncompte.actu.fr&quot;,&quot;category&quot;:&quot;mon compte&quot;,&quot;from&quot;:&quot;article footer&quot;,&quot;name&quot;:&quot;Mon actu&quot;,&quot;type&quot;:&quot;cta&quot;}}\" target=\"_blank\">Mon Actu<\/a>.<\/p>\n","protected":false},"excerpt":{"rendered":"Par Cl\u00e9ment Mazella Publi\u00e9 le 28 mai 2025 \u00e0 18h29 Tout peut tr\u00e8s vite changer dans le rugby.&hellip;\n","protected":false},"author":2,"featured_media":135030,"comment_status":"","ping_status":"","sticky":false,"template":"","format":"standard","meta":{"footnotes":""},"categories":[1416],"tags":[19053,1011,27,2308,479,1468,60],"class_list":{"0":"post-135029","1":"post","2":"type-post","3":"status-publish","4":"format-standard","5":"has-post-thumbnail","7":"category-rugby","8":"tag-brive","9":"tag-fr","10":"tag-france","11":"tag-pro-d2","12":"tag-rugby","13":"tag-rugby-football","14":"tag-sports"},"share_on_mastodon":{"url":"https:\/\/pubeurope.com\/@fr\/114587039483887004","error":""},"_links":{"self":[{"href":"https:\/\/www.europesays.com\/fr\/wp-json\/wp\/v2\/posts\/135029","targetHints":{"allow":["GET"]}}],"collection":[{"href":"https:\/\/www.europesays.com\/fr\/wp-json\/wp\/v2\/posts"}],"about":[{"href":"https:\/\/www.europesays.com\/fr\/wp-json\/wp\/v2\/types\/post"}],"author":[{"embeddable":true,"href":"https:\/\/www.europesays.com\/fr\/wp-json\/wp\/v2\/users\/2"}],"replies":[{"embeddable":true,"href":"https:\/\/www.europesays.com\/fr\/wp-json\/wp\/v2\/comments?post=135029"}],"version-history":[{"count":0,"href":"https:\/\/www.europesays.com\/fr\/wp-json\/wp\/v2\/posts\/135029\/revisions"}],"wp:featuredmedia":[{"embeddable":true,"href":"https:\/\/www.europesays.com\/fr\/wp-json\/wp\/v2\/media\/135030"}],"wp:attachment":[{"href":"https:\/\/www.europesays.com\/fr\/wp-json\/wp\/v2\/media?parent=135029"}],"wp:term":[{"taxonomy":"category","embeddable":true,"href":"https:\/\/www.europesays.com\/fr\/wp-json\/wp\/v2\/categories?post=135029"},{"taxonomy":"post_tag","embeddable":true,"href":"https:\/\/www.europesays.com\/fr\/wp-json\/wp\/v2\/tags?post=135029"}],"curies":[{"name":"wp","href":"https:\/\/api.w.org\/{rel}","templated":true}]}}