{"id":135041,"date":"2025-05-28T19:16:12","date_gmt":"2025-05-28T19:16:12","guid":{"rendered":"https:\/\/www.europesays.com\/fr\/135041\/"},"modified":"2025-05-28T19:16:12","modified_gmt":"2025-05-28T19:16:12","slug":"pourquoi-the-bear-nest-pas-vraiment-du-gout-de-philippe-etchebest","status":"publish","type":"post","link":"https:\/\/www.europesays.com\/fr\/135041\/","title":{"rendered":"pourquoi \u00ab\u00a0The Bear\u00a0\u00bb n\u2019est pas vraiment du go\u00fbt de Philippe Etchebest"},"content":{"rendered":"<p>        <img decoding=\"async\" loading=\"lazy\" src=\"https:\/\/www.europesays.com\/fr\/wp-content\/uploads\/2025\/05\/45ffe91_sirius-fs-upload-1-vcjwjcvcuyp9-1748441444002-screenshot-2025-05-28-16-10-34.png\"  width=\"728\" height=\"410\" alt=\"Le chef m\u00e9diatique Philippe Etchebest regrette l\u2019image renvoy\u00e9e par certaines s\u00e9ries culinaires.\"\/>  <\/p>\n<p>Clique \/ Canal+<\/p>\n<p>Le chef m\u00e9diatique Philippe Etchebest regrette l\u2019image renvoy\u00e9e par certaines s\u00e9ries culinaires.<\/p>\n<p class=\"asset asset-text\">CUISINE &#8211; Une s\u00e9rie un peu trop relev\u00e9e au go\u00fbt de <a href=\"https:\/\/www.huffingtonpost.fr\/life\/video\/le-chef-philippe-etchebest-donne-sa-recette-du-couscous-mais-sa-version-est-tres-loin-de-convaincre_239541.html\" target=\"_blank\" rel=\"noopener\">Philippe Etchebest<\/a>. Le jur\u00e9 de <a href=\"https:\/\/www.huffingtonpost.fr\/divertissement\/article\/philippine-jaillet-ex-candidate-de-top-chef-2025-repond-aux-critiques-son-couple-avec-charles-neyers_250443.html\" target=\"_blank\" rel=\"noopener\">Top Chef<\/a> ne sera certainement pas devant <a href=\"https:\/\/www.huffingtonpost.fr\/culture\/video\/andor-sur-disney-diego-luna-pense-que-la-saison-2-va-redefinir-votre-vision-de-ce-film-star-wars_248917.html\" target=\"_blank\" rel=\"noopener\">Disney+<\/a> le 26\u00a0juin prochain pour la sortie de la quatri\u00e8me saison de <a href=\"https:\/\/www.huffingtonpost.fr\/culture\/article\/the-bear-saison-4-debarquera-sur-disney-des-le-26-juin-prochain_249968.html\" target=\"_blank\" rel=\"noopener\">The Bear<\/a>, pourtant tr\u00e8s attendue par les fans. Et pour cause, le chef n\u2019aime pas du tout l\u2019image que renvoient les fictions culinaires dont celle avec Jeremy Allen White.<\/p>\n<p class=\"asset asset-text\">Dans l\u2019\u00e9mission Clique de ce lundi 26\u00a0mai, Mouloud Achour lui pr\u00e9sente \u00ab\u00a0une s\u00e9rie incroyable\u00a0\u00bb. Mais apr\u00e8s la diffusion de quelques extraits, le restaurateur avoue ne pas trop aimer regarder \u00ab\u00a0ces trucs-l\u00e0, qui sont souvent des caricatures de ce qu\u2019il se passe dans nos \u00e9tablissements\u00a0\u00bb.<\/p>\n<p class=\"asset asset-text\">\u00ab\u00a0C\u2019est tout ce que je n\u2019aime pas\u00a0\u00bb, r\u00e9sume m\u00eame Philippe Etchebest apr\u00e8s la vision d\u2019une dispute en cuisine dans The Chef, s\u00e9rie qui fait suite au film \u00e9ponyme du r\u00e9alisateur Philip Barantini avec Stephen Graham (duo r\u00e9cemment vu \u00e0 l\u2019\u0153uvre dans <a href=\"https:\/\/www.huffingtonpost.fr\/culture\/article\/adolescence-sur-netflix-une-mini-serie-captivante-et-a-la-realisation-totalement-inedite_247356.html\" target=\"_blank\" rel=\"noopener\">Adolescence<\/a>). \u00ab\u00a0Ce vocabulaire, cette fa\u00e7on de parler. Ce n\u2019est pas comme \u00e7a que \u00e7a se passe en tout cas dans mes cuisines, assure le chef fran\u00e7ais. Jamais. Je peux vous l\u2019assurer.\u00a0\u00bb<\/p>\n<p> La lecture de ce contenu est susceptible d\u2019entra\u00eener un d\u00e9p\u00f4t de cookies de la part de l\u2019op\u00e9rateur tiers qui l\u2019h\u00e9berge. Compte-tenu des choix que vous avez exprim\u00e9s en mati\u00e8re de d\u00e9p\u00f4t de cookies, nous avons bloqu\u00e9 l\u2019affichage de ce contenu. Si vous souhaitez y acc\u00e9der, vous devez accepter la cat\u00e9gorie de cookies \u201cContenus tiers\u201d en cliquant sur le bouton ci-dessous. <\/p>\n<p> Lire la Vid\u00e9o              <\/p>\n<p class=\"asset asset-text\">\u00ab\u00a0J\u2019ai des tables ouvertes. J\u2019ai la table d\u2019h\u00f4te \u00e9toil\u00e9e qui est face \u00e0 la cuisine. Et les gens ce qu\u2019ils me disent \u00e0 chaque fois c\u2019est\u00a0: \u201cC\u2019est incroyable le calme qu\u2019il y a dans votre cuisine\u201d\u00a0\u00bb, ajoute le propri\u00e9taire de Maison Nouvelle \u00e0 Bordeaux, qui a re\u00e7u <a href=\"https:\/\/www.huffingtonpost.fr\/divertissement\/article\/la-carte-des-top-chef-etoiles-dans-le-guide-michelin-2025-clx1_248197.html\" target=\"_blank\" rel=\"noopener\">une deuxi\u00e8me \u00e9toile en avril dernier<\/a>.<\/p>\n<p class=\"asset asset-text\">\u00ab\u00a0Je trouve que \u00e7a renvoie une mauvaise image de notre m\u00e9tier et franchement \u00e7a me fait chier\u00a0\u00bb, conclut le chef m\u00e9diatique qui s\u2019est fait conna\u00eetre \u00e0 la t\u00e9l\u00e9vision pour ses coups de gueule dans Cauchemar en cuisine o\u00f9 il vient en aide \u00e0 des restaurateurs en difficult\u00e9.<\/p>\n","protected":false},"excerpt":{"rendered":"Clique \/ Canal+ Le chef m\u00e9diatique Philippe Etchebest regrette l\u2019image renvoy\u00e9e par certaines s\u00e9ries culinaires. CUISINE &#8211; Une&hellip;\n","protected":false},"author":2,"featured_media":135042,"comment_status":"","ping_status":"","sticky":false,"template":"","format":"standard","meta":{"footnotes":""},"categories":[1359],"tags":[902,251,58,59,1011,27,973,5387,595],"class_list":{"0":"post-135041","1":"post","2":"type-post","3":"status-publish","4":"format-standard","5":"has-post-thumbnail","7":"category-people","8":"tag-cuisine","9":"tag-culture","10":"tag-divertissement","11":"tag-entertainment","12":"tag-fr","13":"tag-france","14":"tag-people","15":"tag-philippe-etchebest","16":"tag-serie-tv"},"share_on_mastodon":{"url":"https:\/\/pubeurope.com\/@fr\/114587067122889379","error":""},"_links":{"self":[{"href":"https:\/\/www.europesays.com\/fr\/wp-json\/wp\/v2\/posts\/135041","targetHints":{"allow":["GET"]}}],"collection":[{"href":"https:\/\/www.europesays.com\/fr\/wp-json\/wp\/v2\/posts"}],"about":[{"href":"https:\/\/www.europesays.com\/fr\/wp-json\/wp\/v2\/types\/post"}],"author":[{"embeddable":true,"href":"https:\/\/www.europesays.com\/fr\/wp-json\/wp\/v2\/users\/2"}],"replies":[{"embeddable":true,"href":"https:\/\/www.europesays.com\/fr\/wp-json\/wp\/v2\/comments?post=135041"}],"version-history":[{"count":0,"href":"https:\/\/www.europesays.com\/fr\/wp-json\/wp\/v2\/posts\/135041\/revisions"}],"wp:featuredmedia":[{"embeddable":true,"href":"https:\/\/www.europesays.com\/fr\/wp-json\/wp\/v2\/media\/135042"}],"wp:attachment":[{"href":"https:\/\/www.europesays.com\/fr\/wp-json\/wp\/v2\/media?parent=135041"}],"wp:term":[{"taxonomy":"category","embeddable":true,"href":"https:\/\/www.europesays.com\/fr\/wp-json\/wp\/v2\/categories?post=135041"},{"taxonomy":"post_tag","embeddable":true,"href":"https:\/\/www.europesays.com\/fr\/wp-json\/wp\/v2\/tags?post=135041"}],"curies":[{"name":"wp","href":"https:\/\/api.w.org\/{rel}","templated":true}]}}