{"id":135043,"date":"2025-05-28T19:17:08","date_gmt":"2025-05-28T19:17:08","guid":{"rendered":"https:\/\/www.europesays.com\/fr\/135043\/"},"modified":"2025-05-28T19:17:08","modified_gmt":"2025-05-28T19:17:08","slug":"cest-quoi-ces-sculptures-geantes-aux-abords-de-la-plage-de-ouistreham","status":"publish","type":"post","link":"https:\/\/www.europesays.com\/fr\/135043\/","title":{"rendered":"C&rsquo;est quoi ces sculptures g\u00e9antes aux abords de la plage de Ouistreham\u00a0?"},"content":{"rendered":"<p>            Par<br \/>\n        <strong><br \/>\n            <a href=\"https:\/\/actu.fr\/auteur\/flavie-levionnois\" title=\"Consulter tous les articles de Flavie Levionnois\" target=\"_blank\" rel=\"noopener\">Flavie Levionnois<\/a><br \/>\n        <\/strong><\/p>\n<p>        Publi\u00e9 le<\/p>\n<p>            28 mai 2025 \u00e0 16h34        <\/p>\n<p>Depuis ce lundi 26 mai 2025, <b>quatre sculptures g\u00e9antes <\/b>se sont install\u00e9es \u00e0 <b>Ouistreham<\/b>, sur la <a href=\"https:\/\/actu.fr\/tag\/cote-de-nacre\" target=\"_blank\" rel=\"noopener\">C\u00f4te de Nacre<\/a> (Calvados). Une <b>arriv\u00e9e sur la plage<\/b> de Ouistreham Riva-Bella (Calvados) qui n\u2019est<b> pas pass\u00e9e inaper\u00e7ue<\/b>, mais savez-vous d\u2019o\u00f9 viennent-elles\u2009?<\/p>\n<p>L\u2019un des artistes les plus importants dans la sculpture animali\u00e8re<\/p>\n<p class=\" wall-content\">\u00c0 l\u2019origine de ces \u0153uvres, il y a le <b>sculpteur fran\u00e7ais Michel Bassompierre,<\/b> consid\u00e9r\u00e9 comme<b> l\u2019un des artistes les plus importants<\/b> dans l\u2019univers de la sculpture animali\u00e8re contemporaine. Il a d\u00e9j\u00e0 expos\u00e9 ces \u0153uvres dans les quatre coins du monde, Bruxelles en 2023, Marrakech en 2024 et plus r\u00e9cemment New York.<\/p>\n<p class=\" wall-content\">Dans le cadre du <a href=\"https:\/\/actu.fr\/normandie\/caen_14118\/un-timbre-de-collection-pour-le-millenaire-de-caen-quand-et-ou-pourrez-vous-lacheter_62698201.html\" target=\"_blank\" rel=\"noopener\">Mill\u00e9naire de la ville de Caen<\/a>, <b>six sculptures animales<\/b> sont \u00e9galement install\u00e9es sur l\u2019<b>esplanade de l\u2019h\u00f4tel de ville <\/b>de Caen. Une exposition nomm\u00e9e Douceur Animale, \u00e0 d\u00e9couvrir \u00e0 partir de mercredi 28 mai jusqu\u2019au 3 novembre 2025. Une exposition qui rappelle <a href=\"https:\/\/actu.fr\/normandie\/caen_14118\/20-enormes-statues-dans-caen-ce-qu-il-faut-savoir-sur-l-expo-evenement-le-chat_45278172.html\" target=\"_blank\" rel=\"noopener\">celle de Philippe Geluck et de ses statues du Chat<\/a> qui avaient envahi le centre-ville de Caen, il y a quelques ann\u00e9es.<\/p>\n<p class=\" wall-content\">Suivez toute l\u2019actualit\u00e9 de vos villes et m\u00e9dias favoris en vous inscrivant \u00e0 <a href=\"https:\/\/moncompte.actu.fr\" title=\"D\u00e9couvez Mon Actu\" rel=\"nofollow noopener\" data-trk=\"{&quot;cta&quot;:{&quot;action&quot;:&quot;https:\\\/\\\/moncompte.actu.fr&quot;,&quot;category&quot;:&quot;mon compte&quot;,&quot;from&quot;:&quot;article footer&quot;,&quot;name&quot;:&quot;Mon actu&quot;,&quot;type&quot;:&quot;cta&quot;}}\" target=\"_blank\">Mon Actu<\/a>.<\/p>\n","protected":false},"excerpt":{"rendered":"Par Flavie Levionnois Publi\u00e9 le 28 mai 2025 \u00e0 16h34 Depuis ce lundi 26 mai 2025, quatre sculptures&hellip;\n","protected":false},"author":2,"featured_media":135044,"comment_status":"","ping_status":"","sticky":false,"template":"","format":"standard","meta":{"footnotes":""},"categories":[1358],"tags":[1348,1384,1385,5164,26093,1386,58,59,1011,27,1652,3515],"class_list":{"0":"post-135043","1":"post","2":"type-post","3":"status-publish","4":"format-standard","5":"has-post-thumbnail","7":"category-arts-et-design","8":"tag-arts","9":"tag-arts-and-design","10":"tag-arts-et-design","11":"tag-calvados","12":"tag-cote-de-nacre","13":"tag-design","14":"tag-divertissement","15":"tag-entertainment","16":"tag-fr","17":"tag-france","18":"tag-loisirs-culture","19":"tag-ouistreham"},"share_on_mastodon":{"url":"https:\/\/pubeurope.com\/@fr\/114587071038503506","error":""},"_links":{"self":[{"href":"https:\/\/www.europesays.com\/fr\/wp-json\/wp\/v2\/posts\/135043","targetHints":{"allow":["GET"]}}],"collection":[{"href":"https:\/\/www.europesays.com\/fr\/wp-json\/wp\/v2\/posts"}],"about":[{"href":"https:\/\/www.europesays.com\/fr\/wp-json\/wp\/v2\/types\/post"}],"author":[{"embeddable":true,"href":"https:\/\/www.europesays.com\/fr\/wp-json\/wp\/v2\/users\/2"}],"replies":[{"embeddable":true,"href":"https:\/\/www.europesays.com\/fr\/wp-json\/wp\/v2\/comments?post=135043"}],"version-history":[{"count":0,"href":"https:\/\/www.europesays.com\/fr\/wp-json\/wp\/v2\/posts\/135043\/revisions"}],"wp:featuredmedia":[{"embeddable":true,"href":"https:\/\/www.europesays.com\/fr\/wp-json\/wp\/v2\/media\/135044"}],"wp:attachment":[{"href":"https:\/\/www.europesays.com\/fr\/wp-json\/wp\/v2\/media?parent=135043"}],"wp:term":[{"taxonomy":"category","embeddable":true,"href":"https:\/\/www.europesays.com\/fr\/wp-json\/wp\/v2\/categories?post=135043"},{"taxonomy":"post_tag","embeddable":true,"href":"https:\/\/www.europesays.com\/fr\/wp-json\/wp\/v2\/tags?post=135043"}],"curies":[{"name":"wp","href":"https:\/\/api.w.org\/{rel}","templated":true}]}}