{"id":135054,"date":"2025-05-28T19:23:08","date_gmt":"2025-05-28T19:23:08","guid":{"rendered":"https:\/\/www.europesays.com\/fr\/135054\/"},"modified":"2025-05-28T19:23:08","modified_gmt":"2025-05-28T19:23:08","slug":"roland-garros-carlos-alcaraz-quand-je-croise-richard-gasquet-dans-les-vestiaires-ou-dans-les-allees-du-tournoi-jeprouve-un-grand-respect-pour-lui-et-sa-carriere-il-a-vraiment-bien-defendu-le-t","status":"publish","type":"post","link":"https:\/\/www.europesays.com\/fr\/135054\/","title":{"rendered":"Roland Garros > Carlos Alcaraz : \u00ab\u00a0Quand je croise Richard Gasquet dans les vestiaires ou dans les all\u00e9es du tournoi, j&rsquo;\u00e9prouve un grand respect pour lui et sa carri\u00e8re. Il a vraiment bien d\u00e9fendu le tennis\u00a0\u00bb"},"content":{"rendered":"<p>Interrog\u00e9 en conf\u00e9\u00adrence de presse sur la fin de carri\u00e8re de Richard Gasquet \u00e0 Roland\u2010Garros, Carlos Alcaraz s\u2019est montr\u00e9 plut\u00f4t nostal\u00adgique. S\u2019il se rappelle avoir affront\u00e9 le Fran\u00e7ais lors de sa premi\u00e8re finale ATP en 2021, l\u2019Espagnol d\u00e9tient surtout le souvenir d\u2019un immense joueur, avec qui il a grandi, et qui a laiss\u00e9 un bel h\u00e9ri\u00adtage au tennis.<\/p>\n<p><strong>\u00ab\u202fJ\u2019ai disput\u00e9 ma premi\u00e8re finale ATP contre lui en 2021, \u00e0 Umag (Croatie). C\u2019est un joueur avec qui j\u2019ai grandi, un grand joueur. J\u2019\u00e9prouve un grand respect quand je le croise dans le vestiaire ou dans les all\u00e9es du tournoi. C\u2019est g\u00e9nial de le voir, il se pour\u00adrait que ce soit son dernier match ici \u00e0 Roland Garros, et je pense qu\u2019il l\u2019a d\u00e9j\u00e0 dit, proba\u00adble\u00adment il y a quelques tour\u00adnois. Je ne sais pas si ce sera son dernier match (face \u00e0 Sinner ce jeudi au 2e tour, ndlr), mais il a vrai\u00adment bien d\u00e9fendu le tennis. Il est sur le circuit depuis plus de 20 ans main\u00adte\u00adnant, c\u2019est quelque chose de fou. Il a jou\u00e9 de grands matchs, et je le r\u00e9p\u00e8te, j\u2019ai grandi en le regar\u00addant jouer. J\u2019ai donc \u00e9t\u00e9 ravi de l\u2019af\u00adfronter pour ma premi\u00e8re finale ATP, et il est \u00e9vident qu\u2019il a \u00e9t\u00e9 une personne formi\u00addable quand je l\u2019ai vu. J\u2019appr\u00e9cie donc tout ce qu\u2019il a fait pour\u00a0nous.\u202f\u00bb<\/strong><\/p>\n<p class=\"post-published-date\" style=\"color: silver; font-size: 75%; text-align: left;\">Publi\u00e9 le mercredi 28 mai 2025 \u00e0 19:51<\/p>\n","protected":false},"excerpt":{"rendered":"Interrog\u00e9 en conf\u00e9\u00adrence de presse sur la fin de carri\u00e8re de Richard Gasquet \u00e0 Roland\u2010Garros, Carlos Alcaraz s\u2019est&hellip;\n","protected":false},"author":2,"featured_media":135055,"comment_status":"","ping_status":"","sticky":false,"template":"","format":"standard","meta":{"footnotes":""},"categories":[9],"tags":[1744,1011,27,1753,2127,60],"class_list":{"0":"post-135054","1":"post","2":"type-post","3":"status-publish","4":"format-standard","5":"has-post-thumbnail","7":"category-sports","8":"tag-alcaraz","9":"tag-fr","10":"tag-france","11":"tag-gasquet","12":"tag-sinner","13":"tag-sports"},"share_on_mastodon":{"url":"","error":""},"_links":{"self":[{"href":"https:\/\/www.europesays.com\/fr\/wp-json\/wp\/v2\/posts\/135054","targetHints":{"allow":["GET"]}}],"collection":[{"href":"https:\/\/www.europesays.com\/fr\/wp-json\/wp\/v2\/posts"}],"about":[{"href":"https:\/\/www.europesays.com\/fr\/wp-json\/wp\/v2\/types\/post"}],"author":[{"embeddable":true,"href":"https:\/\/www.europesays.com\/fr\/wp-json\/wp\/v2\/users\/2"}],"replies":[{"embeddable":true,"href":"https:\/\/www.europesays.com\/fr\/wp-json\/wp\/v2\/comments?post=135054"}],"version-history":[{"count":0,"href":"https:\/\/www.europesays.com\/fr\/wp-json\/wp\/v2\/posts\/135054\/revisions"}],"wp:featuredmedia":[{"embeddable":true,"href":"https:\/\/www.europesays.com\/fr\/wp-json\/wp\/v2\/media\/135055"}],"wp:attachment":[{"href":"https:\/\/www.europesays.com\/fr\/wp-json\/wp\/v2\/media?parent=135054"}],"wp:term":[{"taxonomy":"category","embeddable":true,"href":"https:\/\/www.europesays.com\/fr\/wp-json\/wp\/v2\/categories?post=135054"},{"taxonomy":"post_tag","embeddable":true,"href":"https:\/\/www.europesays.com\/fr\/wp-json\/wp\/v2\/tags?post=135054"}],"curies":[{"name":"wp","href":"https:\/\/api.w.org\/{rel}","templated":true}]}}