{"id":135067,"date":"2025-05-28T19:30:23","date_gmt":"2025-05-28T19:30:23","guid":{"rendered":"https:\/\/www.europesays.com\/fr\/135067\/"},"modified":"2025-05-28T19:30:23","modified_gmt":"2025-05-28T19:30:23","slug":"un-homme-arrete-avec-sept-pochons-de-cocaine-dans-ses-sous-vetements","status":"publish","type":"post","link":"https:\/\/www.europesays.com\/fr\/135067\/","title":{"rendered":"un homme arr\u00eat\u00e9 avec sept pochons de coca\u00efne dans ses sous-v\u00eatements"},"content":{"rendered":"<p>Depuis plusieurs mois d\u00e9sormais, les forces de police ont fait du d\u00e9mant\u00e8lement des points de deal du d\u00e9partement une v\u00e9ritable priorit\u00e9. Des sites ont \u00e9t\u00e9 ferm\u00e9s place du Mail \u00e0 Firminy mais aussi \u00e0 Saint-Etienne dans les quartiers de Montreynaud, de La Cotonne et rue Antoine-Durafour. D\u2019autres affaiblis comme \u00e0 La Romi\u00e8re au Chambon-Feugerolles.<\/p>\n<p>Mais comme l\u2019a promis le directeur interd\u00e9partemental de la police nationale, Yves Cellier, \u00ab\u00a0le harc\u00e8lement des narcotrafiquants va se poursuivre. <a href=\"https:\/\/www.leprogres.fr\/encadres\/2025\/03\/27\/l-objectif-de-la-police-fermer-tous-les-points-de-deal-dans-la-loire\" target=\"_blank\" rel=\"nofollow noopener\">L\u2019objectif est de fermer tous les points de deal dans la Loire<\/a> \u00a0\u00bb.<\/p>\n<p>  Un individu connu des services de police<\/p>\n<p>Et la preuve, c\u2019est la surveillance entreprise le lundi 26\u00a0mai en fin d\u2019apr\u00e8s-midi par un \u00e9quipage de la Brigade sp\u00e9cialis\u00e9e de terrain, place de la Barge dans le quartier de Layat \u00e0 Firminy. Les fonctionnaires ont pu rep\u00e9rer plusieurs transactions illicites au pied des immeubles.<\/p>\n<p>Ce discret dispositif a permis l\u2019interpellation d\u2019un jeune homme de 19 ans, habitant \u00e0 Saint-Etienne. Connu des services de police pour des faits de m\u00eame nature, ce dernier a \u00e9t\u00e9 interpell\u00e9 en train de fumer un joint de cannabis. Mais les policiers ont \u00e9galement retrouv\u00e9 sur lui 170\u00a0euros en liquide et sept pochons de coca\u00efne dissimul\u00e9s dans ses sous-v\u00eatements.<\/p>\n<p>Plac\u00e9 en garde \u00e0 vue, il a \u00e9t\u00e9 pr\u00e9sent\u00e9 au tribunal correctionnel de Saint-Etienne dans le cadre d&rsquo;une comparution imm\u00e9diate ce mercredi 28 mai. Danial Iliev a \u00e9t\u00e9 condamn\u00e9 \u00e0 12 mois de prison ferme, dont 6 mois de r\u00e9vocation d&rsquo;un sursis probatoire avec mandat de d\u00e9p\u00f4t. De plus, il a interdiction de para\u00eetre \u00e0 Firminy pendant 2 ans. L\u2019argent a \u00e9t\u00e9 saisi et les produits stup\u00e9fiants seront d\u00e9truits.<\/p>\n<p class=\"note\">Conform\u00e9ment \u00e0 notre charte (disponible sur <a href=\"https:\/\/www.leprogres.fr\/societe\/2023\/02\/09\/faits-divers-et-justice-notre-charte-editoriale\" target=\"_blank\" rel=\"nofollow noopener\">www.leprogres.fr<\/a>), nous mentionnons l\u2019identit\u00e9 des personnes condamn\u00e9es \u00e0 partir d\u2019un an de prison ferme avec mandat de d\u00e9p\u00f4t, ou de deux ans de prison (ferme ou avec sursis).<\/p>\n","protected":false},"excerpt":{"rendered":"Depuis plusieurs mois d\u00e9sormais, les forces de police ont fait du d\u00e9mant\u00e8lement des points de deal du d\u00e9partement&hellip;\n","protected":false},"author":2,"featured_media":135068,"comment_status":"","ping_status":"","sticky":false,"template":"","format":"standard","meta":{"footnotes":""},"categories":[9653],"tags":[1111,11,2430,271,272,7539,1777,674,274,10282,10283,1011,27,3367,12,25,4001],"class_list":{"0":"post-135067","1":"post","2":"type-post","3":"status-publish","4":"format-standard","5":"has-post-thumbnail","7":"category-saint-etienne","8":"tag-actu","9":"tag-actualites","10":"tag-auvergne-rhone-alpes","11":"tag-crime","12":"tag-delit-et-contravention","13":"tag-edition-loire-sud","14":"tag-eu","15":"tag-europe","16":"tag-faits-divers-justice","17":"tag-firminy","18":"tag-firminy-ville","19":"tag-fr","20":"tag-france","21":"tag-loire","22":"tag-news","23":"tag-republique-francaise","24":"tag-saint-etienne"},"share_on_mastodon":{"url":"https:\/\/pubeurope.com\/@fr\/114587121962096589","error":""},"_links":{"self":[{"href":"https:\/\/www.europesays.com\/fr\/wp-json\/wp\/v2\/posts\/135067","targetHints":{"allow":["GET"]}}],"collection":[{"href":"https:\/\/www.europesays.com\/fr\/wp-json\/wp\/v2\/posts"}],"about":[{"href":"https:\/\/www.europesays.com\/fr\/wp-json\/wp\/v2\/types\/post"}],"author":[{"embeddable":true,"href":"https:\/\/www.europesays.com\/fr\/wp-json\/wp\/v2\/users\/2"}],"replies":[{"embeddable":true,"href":"https:\/\/www.europesays.com\/fr\/wp-json\/wp\/v2\/comments?post=135067"}],"version-history":[{"count":0,"href":"https:\/\/www.europesays.com\/fr\/wp-json\/wp\/v2\/posts\/135067\/revisions"}],"wp:featuredmedia":[{"embeddable":true,"href":"https:\/\/www.europesays.com\/fr\/wp-json\/wp\/v2\/media\/135068"}],"wp:attachment":[{"href":"https:\/\/www.europesays.com\/fr\/wp-json\/wp\/v2\/media?parent=135067"}],"wp:term":[{"taxonomy":"category","embeddable":true,"href":"https:\/\/www.europesays.com\/fr\/wp-json\/wp\/v2\/categories?post=135067"},{"taxonomy":"post_tag","embeddable":true,"href":"https:\/\/www.europesays.com\/fr\/wp-json\/wp\/v2\/tags?post=135067"}],"curies":[{"name":"wp","href":"https:\/\/api.w.org\/{rel}","templated":true}]}}