{"id":135069,"date":"2025-05-28T19:31:16","date_gmt":"2025-05-28T19:31:16","guid":{"rendered":"https:\/\/www.europesays.com\/fr\/135069\/"},"modified":"2025-05-28T19:31:16","modified_gmt":"2025-05-28T19:31:16","slug":"saint-etienne-j-eux-spectacle-snack-danae-planes-organise-la-journee-du-garagna-au-musee-dart-et-dindustrie","status":"publish","type":"post","link":"https:\/\/www.europesays.com\/fr\/135069\/","title":{"rendered":"Saint-\u00c9tienne. J eux, spectacle, snack\u2026 Dana\u00e9 Planes organise la Journ\u00e9e du Garagna au Mus\u00e9e d\u2019art et d\u2019industrie"},"content":{"rendered":"<p>Membre de la tr\u00e8s active association AGM, les Agitateurs de musique, pilot\u00e9e par des \u00e9tudiants en musicologie, Dana\u00e9 Planes a, comme ses amis, men\u00e9 son propre projet de l\u2019id\u00e9e \u00e0 sa r\u00e9alisation. La Journ\u00e9e du Garagna se d\u00e9roule ce dimanche 1er \u00a0juin, au Mus\u00e9e d\u2019art et d\u2019industrie. \u00ab\u00a0Mon souhait \u00e9tait d\u2019organiser un projet accessible \u00e0 tous dans un milieu patrimonial. L\u2019id\u00e9e est de r\u00e9investir un lieu sous une forme diff\u00e9rente.\u00a0\u00bb<\/p>\n<p>Ancienne stagiaire pendant six mois au&#8230;<\/p>\n","protected":false},"excerpt":{"rendered":"Membre de la tr\u00e8s active association AGM, les Agitateurs de musique, pilot\u00e9e par des \u00e9tudiants en musicologie, Dana\u00e9&hellip;\n","protected":false},"author":2,"featured_media":135070,"comment_status":"","ping_status":"","sticky":false,"template":"","format":"standard","meta":{"footnotes":""},"categories":[9653],"tags":[1111,11,2430,1687,7539,1777,674,1011,27,12,2661,25,4001,7538],"class_list":{"0":"post-135069","1":"post","2":"type-post","3":"status-publish","4":"format-standard","5":"has-post-thumbnail","7":"category-saint-etienne","8":"tag-actu","9":"tag-actualites","10":"tag-auvergne-rhone-alpes","11":"tag-culture-loisirs","12":"tag-edition-loire-sud","13":"tag-eu","14":"tag-europe","15":"tag-fr","16":"tag-france","17":"tag-news","18":"tag-patrimoine-culturel","19":"tag-republique-francaise","20":"tag-saint-etienne","21":"tag-saint-etienne-ville"},"share_on_mastodon":{"url":"https:\/\/pubeurope.com\/@fr\/114587126439411582","error":""},"_links":{"self":[{"href":"https:\/\/www.europesays.com\/fr\/wp-json\/wp\/v2\/posts\/135069","targetHints":{"allow":["GET"]}}],"collection":[{"href":"https:\/\/www.europesays.com\/fr\/wp-json\/wp\/v2\/posts"}],"about":[{"href":"https:\/\/www.europesays.com\/fr\/wp-json\/wp\/v2\/types\/post"}],"author":[{"embeddable":true,"href":"https:\/\/www.europesays.com\/fr\/wp-json\/wp\/v2\/users\/2"}],"replies":[{"embeddable":true,"href":"https:\/\/www.europesays.com\/fr\/wp-json\/wp\/v2\/comments?post=135069"}],"version-history":[{"count":0,"href":"https:\/\/www.europesays.com\/fr\/wp-json\/wp\/v2\/posts\/135069\/revisions"}],"wp:featuredmedia":[{"embeddable":true,"href":"https:\/\/www.europesays.com\/fr\/wp-json\/wp\/v2\/media\/135070"}],"wp:attachment":[{"href":"https:\/\/www.europesays.com\/fr\/wp-json\/wp\/v2\/media?parent=135069"}],"wp:term":[{"taxonomy":"category","embeddable":true,"href":"https:\/\/www.europesays.com\/fr\/wp-json\/wp\/v2\/categories?post=135069"},{"taxonomy":"post_tag","embeddable":true,"href":"https:\/\/www.europesays.com\/fr\/wp-json\/wp\/v2\/tags?post=135069"}],"curies":[{"name":"wp","href":"https:\/\/api.w.org\/{rel}","templated":true}]}}