{"id":135076,"date":"2025-05-28T19:35:09","date_gmt":"2025-05-28T19:35:09","guid":{"rendered":"https:\/\/www.europesays.com\/fr\/135076\/"},"modified":"2025-05-28T19:35:09","modified_gmt":"2025-05-28T19:35:09","slug":"definitivement-condamne-hubert-falco-a-encore-un-combat-a-mener","status":"publish","type":"post","link":"https:\/\/www.europesays.com\/fr\/135076\/","title":{"rendered":"D\u00e9finitivement condamn\u00e9, Hubert Falco a encore un combat \u00e0 mener"},"content":{"rendered":"\n<p>Condamn\u00e9 en appel \u00e0 dix-huit mois de prison avec sursis, 30 000 euros d\u2019amende et surtout \u00e0 cinq d\u2019in\u00e9ligibilit\u00e9, notamment pour les repas pris au Conseil D\u00e9partemental alors qu\u2019il n\u2019en \u00e9tait plus pr\u00e9sident, la peine a \u00e9t\u00e9 confirm\u00e9e par la cour de Cassation qui a rejet\u00e9 mercredi, le pourvoi d\u2019Hubert Falco.<\/p>\n<p>Plus personne ne se risquait ces deux derniers mois \u00e0 un quelconque pronostic parmi les proches, tant les d\u00e9sillusions ont \u00e9t\u00e9 cruelles pour eux avec le rendu des pr\u00e9c\u00e9dents recours auxquels ils ont cru jusqu\u2019au bout. Aussi, m\u00eame si le coup est tr\u00e8s rude \u00e0 encaisser de voir leur mentor d\u00e9finitivement condamn\u00e9 et donc in\u00e9ligible, ils ne sont probablement pas m\u00e9contents non plus de voir le supplice de l\u2019interminable attente s\u2019achever. Ils disent \u00e0 pr\u00e9sent contre mauvaise fortune bon gr\u00e9 vouloir regarder droit devant. Tous comptant bien s\u00fbr l\u2019aura de l\u2019ancien patron de la droite varoise \u2013 celle qui a refus\u00e9 les compromissions id\u00e9ologiques de LR \u2013 pour d\u00e9signer la personne qui aura la lourde charge de mener dans leur camp la bataille contre l\u2019extr\u00eame droite. Et qui pourra s\u2019appuyer sur l\u2019h\u00e9ritage de celui qui a su reprendre la ville au FN en 2001 et la reconstruire.<\/p>\n<p>Et c\u2019est vrai que sa voix va compter. On y imagine mal en tout cas l\u2019ex-capitaine se laver les mains de la destin\u00e9e de son \u00e9quipe et de sa ville. Alors m\u00eame sonn\u00e9, il ne tardera vraisemblablement pas \u00e0 livrer son analyse quant aux enjeux et \u00e0 ses responsabilit\u00e9s. Avant m\u00eame d\u2019attendre son positionnement sur le(a) meilleur(e) candidat(e) pour affronter 2026, on peut parier sur son soutien \u00e0 la maire sortante Jos\u00e9e Massi (SE), son ancienne 1\u00e8re adjointe rest\u00e9e fid\u00e8le et qui assume pleinement sa fonction depuis mai\u00a02023. Ce qui sans faire de politique-fiction pourrait nous conduire \u00e0 un combat de femmes en 2026 pour le fauteuil de maire du Port du Levant, si l\u2019on \u00e9carte bien s\u00fbr de l\u2019\u00e9quation le s\u00e9nateur LR Michel Bonnus qui a pour l\u2019heure choisi comme axe de communication le soutien ind\u00e9fectible au tr\u00e8s r\u00e9actionnaire pr\u00e9sident LR Bruno Retailleau. Ce qui para\u00eet pour le moins d\u00e9routant lorsqu\u2019on pr\u00e9tend vouloir rassembler les Toulonnais.<\/p>\n<p> Une attitude r\u00e9publicaine\n              <\/p>\n<p>Des femmes donc. Avec d\u2019un c\u00f4t\u00e9 parmi les mod\u00e9r\u00e9es, la t\u00eate de liste de la gauche et des \u00e9cologistes Magali Brunel (PS) et la maire sortante Jos\u00e9e Massi (SE) qui n\u2019a pas encore dit si elle acceptait d\u2019y aller. Et de l\u2019autre la RN Laure Lavalette, c\u2019est-\u00e0-dire celle qui a milit\u00e9 longtemps contre l\u2019avortement. Et dont l\u2019ancien attach\u00e9 parlementaire a \u00e9t\u00e9 \u00e9pingl\u00e9 pour des propos homophobes, antis\u00e9mites et racistes : l\u2019encombrant Nicolas Koutseff. Personnage dont elle a bien \u00e9t\u00e9 oblig\u00e9e de se d\u00e9barrasser, mais qui graviterait, para\u00eet-il, encore dans son cercle pour pr\u00e9parer les municipales. Des gens donc toujours aussi peu fr\u00e9quentables. Les m\u00eames que ceux qui de 1995 \u00e0 2001 se sont employ\u00e9s \u00e0 sinistrer \u00e9conomiquement Toulon et \u00e0 essayer de d\u00e9truire son tissu associatif. \u00ab\u00a0Nous nous refusons [&#8230;] \u00e0 accabler l\u2019homme qui a eu des attitudes r\u00e9publicaines et a tent\u00e9 d\u2019am\u00e9liorer la ville apr\u00e8s des gestions calamiteuses pendant 40\u00a0ans\u00a0\u00bb, a d\u00e9clar\u00e9 tr\u00e8s sobrement dans un communiqu\u00e9 le groupe d\u2019opposition Toulon en Commun. M\u00eame s\u2019il en profite, c\u2019est de bonne guerre, pour pointer que cette am\u00e9lioration a cependant \u00e9t\u00e9 \u00ab\u00a0limit\u00e9e par ses choix politiques, \u00e9conomiques&#8230;\u00a0\u00bb<\/p>\n<p>\u00ab\u00a0Je pense \u00e0 lui et je lui renouvelle toute mon affection, ainsi que celle de notre majorit\u00e9 municipale\u00a0\u00bb, d\u00e9clare la maire de Toulon Jos\u00e9e Massi, \u00ab\u00a0convaincue qu\u2019il a \u00e9galement le soutien d\u2019une grande partie de la population toulonnaise, qui l\u2019a \u00e9lu maire 4 fois, dont 3 fois d\u00e8s le 1er\u00a0tour\u00a0\u00bb. Et de poursuivre : \u00ab\u00a0Malgr\u00e9 notre peine, son bilan nous oblige.\u00a0\u00bb<\/p>\n<p>Une r\u00e9union va prochainement se tenir en sa pr\u00e9sence, annonce-t-elle, \u00ab\u00a0pour pr\u00e9parer ensemble l\u2019avenir de Toulon\u00a0\u00bb. Car, m\u00eame si, comme le dit son avocat Me Thierry Fradet, \u00ab\u00a0au-del\u00e0 de la justice et de la politique, il y a l\u2019homme qui est atteint\u00a0\u00bb, on sait le personnage de taille \u00e0 se relever guid\u00e9 par l\u2019esprit de responsabilit\u00e9 et l\u2019int\u00e9r\u00eat g\u00e9n\u00e9ral. Et de repartir \u00e0 la bagarre.<\/p>\n","protected":false},"excerpt":{"rendered":"Condamn\u00e9 en appel \u00e0 dix-huit mois de prison avec sursis, 30 000 euros d\u2019amende et surtout \u00e0 cinq&hellip;\n","protected":false},"author":2,"featured_media":135077,"comment_status":"","ping_status":"","sticky":false,"template":"","format":"standard","meta":{"footnotes":""},"categories":[9619],"tags":[1111,11,1777,674,1011,27,3434,12,882,25,2310],"class_list":{"0":"post-135076","1":"post","2":"type-post","3":"status-publish","4":"format-standard","5":"has-post-thumbnail","7":"category-toulon","8":"tag-actu","9":"tag-actualites","10":"tag-eu","11":"tag-europe","12":"tag-fr","13":"tag-france","14":"tag-municipales-2026","15":"tag-news","16":"tag-provence-alpes-cote-dazur","17":"tag-republique-francaise","18":"tag-toulon"},"share_on_mastodon":{"url":"https:\/\/pubeurope.com\/@fr\/114587141589919028","error":""},"_links":{"self":[{"href":"https:\/\/www.europesays.com\/fr\/wp-json\/wp\/v2\/posts\/135076","targetHints":{"allow":["GET"]}}],"collection":[{"href":"https:\/\/www.europesays.com\/fr\/wp-json\/wp\/v2\/posts"}],"about":[{"href":"https:\/\/www.europesays.com\/fr\/wp-json\/wp\/v2\/types\/post"}],"author":[{"embeddable":true,"href":"https:\/\/www.europesays.com\/fr\/wp-json\/wp\/v2\/users\/2"}],"replies":[{"embeddable":true,"href":"https:\/\/www.europesays.com\/fr\/wp-json\/wp\/v2\/comments?post=135076"}],"version-history":[{"count":0,"href":"https:\/\/www.europesays.com\/fr\/wp-json\/wp\/v2\/posts\/135076\/revisions"}],"wp:featuredmedia":[{"embeddable":true,"href":"https:\/\/www.europesays.com\/fr\/wp-json\/wp\/v2\/media\/135077"}],"wp:attachment":[{"href":"https:\/\/www.europesays.com\/fr\/wp-json\/wp\/v2\/media?parent=135076"}],"wp:term":[{"taxonomy":"category","embeddable":true,"href":"https:\/\/www.europesays.com\/fr\/wp-json\/wp\/v2\/categories?post=135076"},{"taxonomy":"post_tag","embeddable":true,"href":"https:\/\/www.europesays.com\/fr\/wp-json\/wp\/v2\/tags?post=135076"}],"curies":[{"name":"wp","href":"https:\/\/api.w.org\/{rel}","templated":true}]}}