{"id":135082,"date":"2025-05-28T19:38:11","date_gmt":"2025-05-28T19:38:11","guid":{"rendered":"https:\/\/www.europesays.com\/fr\/135082\/"},"modified":"2025-05-28T19:38:11","modified_gmt":"2025-05-28T19:38:11","slug":"en-quete-dune-foire-a-tout-pour-lascension-voici-le-programme-en-seine-maritime-ce-jeudi","status":"publish","type":"post","link":"https:\/\/www.europesays.com\/fr\/135082\/","title":{"rendered":"En qu\u00eate d&rsquo;une foire \u00e0 tout pour l&rsquo;Ascension ? Voici le programme en Seine-Maritime ce jeudi"},"content":{"rendered":"<p>            Par<br \/>\n        <strong><br \/>\n            <a href=\"https:\/\/actu.fr\/auteur\/julien-bouteiller\" title=\"Consulter tous les articles de Julien Bouteiller\" rel=\"nofollow noopener\" target=\"_blank\">Julien Bouteiller<\/a><br \/>\n        <\/strong><\/p>\n<p>        Publi\u00e9 le<\/p>\n<p>            28 mai 2025 \u00e0 20h04        <\/p>\n<p><strong>Ce jeudi 29\u00a0mai 2025, c\u2019est f\u00e9ri\u00e9\u2009!<\/strong> La bonne occasion pour aller chiner de bonnes affaires\u2009? Pour vous y aider, on vous a concoct\u00e9 <strong>le programme des foires \u00e0 tout pr\u00e9vues en Seine-Maritime<\/strong> pour l\u2019Ascension.<\/p>\n<p>Les foires \u00e0 tout et vide-greniers en Seine-Maritime du jeudi 29\u00a0mai 2025<\/p>\n<ul class=\" wall-content\">\n<li><strong>Bolbec\u2009: <\/strong>de 8h \u00e0 18h, place Charles-de-Gaulle. Environ 100\u00a0exposants.<\/li>\n<li><strong>Bosc-\u00c9deline\u2009: <\/strong>de 7h \u00e0 19h, salle polyvalente. Moins de 50\u00a0participants.<\/li>\n<li><strong>Blainville-Crevon\u2009: <\/strong>de 9h \u00e0 18h30, hameau de Gruchy. Moins de 50\u00a0participants.<\/li>\n<li><strong>Brachy\u2009: <\/strong>de 7h30 \u00e0 17h30, rue du Val d\u2019Ausson. Entre 100 et 200\u00a0participants. Entr\u00e9e \u00e0 1\u00a0euro.<\/li>\n<li><strong>Buchy\u2009: <\/strong>vide-greniers, vente artisanale et foire aux plantes, de 8h30 \u00e0 18h, \u00e9cole Ren\u00e9-Delahaye. Entre 50 et 100\u00a0exposants.<\/li>\n<li><strong>Gancourt-Saint-\u00c9tienne\u2009: <\/strong>de 8h \u00e0 18h, place Castagn\u00e9. Environ 50\u00a0exposants.<\/li>\n<li><strong>H\u00e9ricourt-en-Caux\u2009: <\/strong>de 7h \u00e0 17h, stade municipal. Entre 50 et 100\u00a0exposants.<\/li>\n<li><strong>Le Mesnil-R\u00e9aume\u2009: <\/strong>de 6h \u00e0 18h, stade municipal. Entre 50 et 100\u00a0exposants.<\/li>\n<li><strong>Limpiville\u2009: <\/strong>de 7h \u00e0 18h, salle des f\u00eates. Entre 50 et 100\u00a0exposants.<\/li>\n<li><strong>Londini\u00e8res\u2009: <\/strong>de 4h30 \u00e0 18h, centre-ville. Entre 200 et 300\u00a0exposants.<\/li>\n<li><strong>Montigny\u2009: <\/strong>de 7h \u00e0 18h, place de l\u2019\u00c9glise. Entre 50 et 100\u00a0exposants.<\/li>\n<\/ul>\n<ul class=\" wall-content\">\n<li><strong>Oissel\u2009: <\/strong>de 9h \u00e0 18h, rue Masson. Entre 100 et 200\u00a0exposants.<\/li>\n<li><strong>Ourville-en-Caux\u2009: <\/strong>de 7h \u00e0 20h, stade municipal. Entre 100 et 200\u00a0exposants. Entr\u00e9e \u00e0 1\u00a0euro.<\/li>\n<li><strong>Pavilly\u2009: <\/strong>de 6h \u00e0 17h, parking Agora. Entre 50 et 100\u00a0exposants.<\/li>\n<li><strong>Rouvray-Catillon\u2009: <\/strong>de 8h \u00e0 18h, salle des f\u00eates. Environ 30\u00a0participants.<\/li>\n<li><strong>Royville\u2009: <\/strong>de 7h \u00e0 17h30, stade de foot. Entre 50 et 100\u00a0exposants.<\/li>\n<li><strong>Saint-Laurent-de-Br\u00e8vedent\u2009: <\/strong>puces des jardiniers et bricoleurs, de 8h \u00e0 18h, parc du ch\u00e2teau. Moins de 50\u00a0participants. Entr\u00e9e \u00e0 1\u00a0euro.<\/li>\n<li><strong>Sausseuzemare-en-Caux\u2009: <\/strong>de 7h \u00e0 18h, route d\u2019Auberville. Environ 100\u00a0exposants. Entr\u00e9e \u00e0 1\u00a0euro.<\/li>\n<li><strong>Senneville-sur-F\u00e9camp\u2009: <\/strong>de 7h30 \u00e0 17h30, route du Val d\u2019Ausson. Entre 100 et 200\u00a0participants. Entr\u00e9e \u00e0 1\u00a0euro.<\/li>\n<li><strong>Sierville\u2009: <\/strong>de 8h \u00e0 18h, route de Cl\u00e8res. Entre 100 et 200\u00a0exposants.<\/li>\n<\/ul>\n<p>Vous souhaitez annoncer un \u00e9v\u00e9nement festif ou associatif, une initiative locale\u2009? Rendez-vous sur notre plateforme <a href=\"https:\/\/www.infolocale.fr\/decouvrir\/actu\/\" rel=\"nofollow noopener\" target=\"_blank\">Infolocale<\/a>.<\/p>\n<p class=\" wall-content\">Suivez toute l\u2019actualit\u00e9 de vos villes et m\u00e9dias favoris en vous inscrivant \u00e0 <a href=\"https:\/\/moncompte.actu.fr\" title=\"D\u00e9couvez Mon Actu\" rel=\"nofollow noopener\" data-trk=\"{&quot;cta&quot;:{&quot;action&quot;:&quot;https:\\\/\\\/moncompte.actu.fr&quot;,&quot;category&quot;:&quot;mon compte&quot;,&quot;from&quot;:&quot;article footer&quot;,&quot;name&quot;:&quot;Mon actu&quot;,&quot;type&quot;:&quot;cta&quot;}}\" target=\"_blank\">Mon Actu<\/a>.<\/p>\n","protected":false},"excerpt":{"rendered":"Par Julien Bouteiller Publi\u00e9 le 28 mai 2025 \u00e0 20h04 Ce jeudi 29\u00a0mai 2025, c\u2019est f\u00e9ri\u00e9\u2009! La bonne&hellip;\n","protected":false},"author":2,"featured_media":135083,"comment_status":"","ping_status":"","sticky":false,"template":"","format":"standard","meta":{"footnotes":""},"categories":[9587],"tags":[1111,11,6961,1777,674,10087,1011,27,1652,12,5161,25,9590,3365],"class_list":{"0":"post-135082","1":"post","2":"type-post","3":"status-publish","4":"format-standard","5":"has-post-thumbnail","7":"category-rouen","8":"tag-actu","9":"tag-actualites","10":"tag-brocante","11":"tag-eu","12":"tag-europe","13":"tag-foires-a-tout","14":"tag-fr","15":"tag-france","16":"tag-loisirs-culture","17":"tag-news","18":"tag-normandie","19":"tag-republique-francaise","20":"tag-rouen","21":"tag-vide-greniers"},"share_on_mastodon":{"url":"https:\/\/pubeurope.com\/@fr\/114587153785612239","error":""},"_links":{"self":[{"href":"https:\/\/www.europesays.com\/fr\/wp-json\/wp\/v2\/posts\/135082","targetHints":{"allow":["GET"]}}],"collection":[{"href":"https:\/\/www.europesays.com\/fr\/wp-json\/wp\/v2\/posts"}],"about":[{"href":"https:\/\/www.europesays.com\/fr\/wp-json\/wp\/v2\/types\/post"}],"author":[{"embeddable":true,"href":"https:\/\/www.europesays.com\/fr\/wp-json\/wp\/v2\/users\/2"}],"replies":[{"embeddable":true,"href":"https:\/\/www.europesays.com\/fr\/wp-json\/wp\/v2\/comments?post=135082"}],"version-history":[{"count":0,"href":"https:\/\/www.europesays.com\/fr\/wp-json\/wp\/v2\/posts\/135082\/revisions"}],"wp:featuredmedia":[{"embeddable":true,"href":"https:\/\/www.europesays.com\/fr\/wp-json\/wp\/v2\/media\/135083"}],"wp:attachment":[{"href":"https:\/\/www.europesays.com\/fr\/wp-json\/wp\/v2\/media?parent=135082"}],"wp:term":[{"taxonomy":"category","embeddable":true,"href":"https:\/\/www.europesays.com\/fr\/wp-json\/wp\/v2\/categories?post=135082"},{"taxonomy":"post_tag","embeddable":true,"href":"https:\/\/www.europesays.com\/fr\/wp-json\/wp\/v2\/tags?post=135082"}],"curies":[{"name":"wp","href":"https:\/\/api.w.org\/{rel}","templated":true}]}}