{"id":135084,"date":"2025-05-28T19:39:14","date_gmt":"2025-05-28T19:39:14","guid":{"rendered":"https:\/\/www.europesays.com\/fr\/135084\/"},"modified":"2025-05-28T19:39:14","modified_gmt":"2025-05-28T19:39:14","slug":"voici-les-soirees-du-pont-de-lascension","status":"publish","type":"post","link":"https:\/\/www.europesays.com\/fr\/135084\/","title":{"rendered":"voici les soir\u00e9es du pont de l&rsquo;Ascension"},"content":{"rendered":"<p>            Par<br \/>\n        <strong><br \/>\n            <a href=\"https:\/\/actu.fr\/auteur\/julien-bouteiller\" title=\"Consulter tous les articles de Julien Bouteiller\" target=\"_blank\" rel=\"noopener\">Julien Bouteiller<\/a><br \/>\n        <\/strong><\/p>\n<p>        Publi\u00e9 le<\/p>\n<p>            28 mai 2025 \u00e0 18h16        <\/p>\n<p>C\u2019est un weekend prolong\u00e9 qui s\u2019annonce pour les chanceux qui font<strong> le pont de l\u2019Ascension<\/strong>. Vous voulez en profiter pour faire la f\u00eate\u2009? Nos amis de <a href=\"https:\/\/www.instagram.com\/baroscope.rouen\/\" target=\"_blank\" rel=\"noopener\">Bar\u2019Oscope<\/a> nous livrent comme chaque semaine <strong>leur s\u00e9lection de soir\u00e9es \u00e0 Rouen<\/strong>, du 29\u00a0mai au 1er\u00a0juin 2025.<\/p>\n<p class=\" wall-content\"><a href=\"https:\/\/www.instagram.com\/p\/DD42Okhy_YW\/embed\" title=\"Ouvrir le lien sur Instagram\" target=\"_blank\" rel=\"noopener\">Visualiser le contenu sur Instagram<\/a><\/p>\n<p>La Bar\u2019garre<\/p>\n<p class=\" wall-content\">Pour f\u00eater ses 500 abonn\u00e9s, Bar\u2019Oscope organise un \u00e9v\u00e9nement boxe \u00e0 l\u2019\u00c9glise Brasserie Saint-Nicaise, jeudi 29\u00a0mai, \u00e0 16h. Ce sera aussi visible en live sur le compte Instagram de Bar\u2019Oscope.<\/p>\n<p>Projet X<\/p>\n<p class=\" wall-content\">Le 29\u00a0mai toujours, le Boho organise une soir\u00e9e Projet X avec un invit\u00e9 myst\u00e8re venu de la t\u00e9l\u00e9r\u00e9alit\u00e9. Comptez 10\u00a0euros l\u2019entr\u00e9e +\u00a0le vestiaire. Et \u00e7a d\u00e9marre \u00e0 23h.<\/p>\n<p>Limitless Boat Party<\/p>\n<p class=\" wall-content\">Vendredi 30\u00a0mai, rendez-vous sur le Bodega \u00e0 Rouen. Au programme\u2009: DJ, bar, groupe live (tenue correcte exig\u00e9e). Tarifs\u2009: 12\u00a0euros <a href=\"https:\/\/shotgun.live\/fr\/events\/limitless-party\" target=\"_blank\" rel=\"noopener\">en pr\u00e9vente<\/a> +\u00a0conso, 15\u00a0euros sur place +\u00a0conso, Table VIP (5\u00a0personnes) +\u00a01 bouteille, c\u2019est 100\u00a0euros. D\u00e9but des festivit\u00e9s \u00e0 20h.<\/p>\n<p>Make Some Noise<\/p>\n<p class=\" wall-content\">Samedi 31\u00a0mai, le So accueille le DJ Dixon Hill. Entr\u00e9e \u00e0 18,99\u00a0euros +\u00a0le vestiaire. \u00c7a d\u00e9marre \u00e0 23h et <a href=\"https:\/\/shotgun.live\/fr\/events\/make-some-noise-x-dixon-hill\" target=\"_blank\" rel=\"noopener\">vous pouvez r\u00e9server vos places ici<\/a>.<\/p>\n<p>Choc des gladiateurs<\/p>\n<p class=\" wall-content\">Dimanche 1er\u00a0juin, le Novick\u2019s Stadium organise un gala de muay tha\u00ef. 12 combats sont pr\u00e9vus. \u00c7a commence d\u00e8s 15h et il faut compter 15\u00a0euros l\u2019entr\u00e9e (25\u00a0euros pour une table VIP).<\/p>\n<p>Suivez l\u2019actualit\u00e9 de Rouen <a href=\"https:\/\/www.whatsapp.com\/channel\/0029VaKfnf99hXF2ddApFB1D\" target=\"_blank\" rel=\"noopener\">sur notre cha\u00eene WhatsApp<\/a> et <a href=\"https:\/\/www.tiktok.com\/@76actu.fr?lang=fr\" target=\"_blank\" rel=\"noopener\">sur notre compte TikTok<\/a><\/p>\n<p class=\" wall-content\">Suivez toute l\u2019actualit\u00e9 de vos villes et m\u00e9dias favoris en vous inscrivant \u00e0 <a href=\"https:\/\/moncompte.actu.fr\" title=\"D\u00e9couvez Mon Actu\" rel=\"nofollow noopener\" data-trk=\"{&quot;cta&quot;:{&quot;action&quot;:&quot;https:\\\/\\\/moncompte.actu.fr&quot;,&quot;category&quot;:&quot;mon compte&quot;,&quot;from&quot;:&quot;article footer&quot;,&quot;name&quot;:&quot;Mon actu&quot;,&quot;type&quot;:&quot;cta&quot;}}\" target=\"_blank\">Mon Actu<\/a>.<\/p>\n<p>                    <script async src=\"\/\/www.instagram.com\/embed.js\"><\/script><script async src=\"\/\/www.tiktok.com\/embed.js\"><\/script><\/p>\n","protected":false},"excerpt":{"rendered":"Par Julien Bouteiller Publi\u00e9 le 28 mai 2025 \u00e0 18h16 C\u2019est un weekend prolong\u00e9 qui s\u2019annonce pour les&hellip;\n","protected":false},"author":2,"featured_media":135085,"comment_status":"","ping_status":"","sticky":false,"template":"","format":"standard","meta":{"footnotes":""},"categories":[9587],"tags":[1111,11,9086,9782,1777,674,1011,27,1652,12,5161,25,9590],"class_list":{"0":"post-135084","1":"post","2":"type-post","3":"status-publish","4":"format-standard","5":"has-post-thumbnail","7":"category-rouen","8":"tag-actu","9":"tag-actualites","10":"tag-bon-plan-a-rouen","11":"tag-dans-les-bars","12":"tag-eu","13":"tag-europe","14":"tag-fr","15":"tag-france","16":"tag-loisirs-culture","17":"tag-news","18":"tag-normandie","19":"tag-republique-francaise","20":"tag-rouen"},"share_on_mastodon":{"url":"https:\/\/pubeurope.com\/@fr\/114587157383763645","error":""},"_links":{"self":[{"href":"https:\/\/www.europesays.com\/fr\/wp-json\/wp\/v2\/posts\/135084","targetHints":{"allow":["GET"]}}],"collection":[{"href":"https:\/\/www.europesays.com\/fr\/wp-json\/wp\/v2\/posts"}],"about":[{"href":"https:\/\/www.europesays.com\/fr\/wp-json\/wp\/v2\/types\/post"}],"author":[{"embeddable":true,"href":"https:\/\/www.europesays.com\/fr\/wp-json\/wp\/v2\/users\/2"}],"replies":[{"embeddable":true,"href":"https:\/\/www.europesays.com\/fr\/wp-json\/wp\/v2\/comments?post=135084"}],"version-history":[{"count":0,"href":"https:\/\/www.europesays.com\/fr\/wp-json\/wp\/v2\/posts\/135084\/revisions"}],"wp:featuredmedia":[{"embeddable":true,"href":"https:\/\/www.europesays.com\/fr\/wp-json\/wp\/v2\/media\/135085"}],"wp:attachment":[{"href":"https:\/\/www.europesays.com\/fr\/wp-json\/wp\/v2\/media?parent=135084"}],"wp:term":[{"taxonomy":"category","embeddable":true,"href":"https:\/\/www.europesays.com\/fr\/wp-json\/wp\/v2\/categories?post=135084"},{"taxonomy":"post_tag","embeddable":true,"href":"https:\/\/www.europesays.com\/fr\/wp-json\/wp\/v2\/tags?post=135084"}],"curies":[{"name":"wp","href":"https:\/\/api.w.org\/{rel}","templated":true}]}}