{"id":13509,"date":"2025-04-09T20:39:09","date_gmt":"2025-04-09T20:39:09","guid":{"rendered":"https:\/\/www.europesays.com\/fr\/13509\/"},"modified":"2025-04-09T20:39:09","modified_gmt":"2025-04-09T20:39:09","slug":"blesses-recherches-extinction-ce-quon-sait-de-lexplosion-et-de-lincendie-a-etretat","status":"publish","type":"post","link":"https:\/\/www.europesays.com\/fr\/13509\/","title":{"rendered":"Bless\u00e9s, recherches, extinction&#8230; Ce qu&rsquo;on sait de l&rsquo;explosion et de l&rsquo;incendie \u00e0 \u00c9tretat"},"content":{"rendered":"<p>            Par<br \/>\n        <strong><br \/>\n            <a href=\"https:\/\/actu.fr\/auteur\/julien-bouteiller\" title=\"Consulter tous les articles de Julien Bouteiller\" rel=\"nofollow noopener\" target=\"_blank\">Julien Bouteiller<\/a><br \/>\n        <\/strong><\/p>\n<p>        Publi\u00e9 le<\/p>\n<p>            8 avr. 2025 \u00e0 17h37        <\/p>\n<p><strong>Explosion, incendie\u2026<\/strong> Ce mardi 8 avril 2025, la tr\u00e8s touristique commune <a href=\"https:\/\/actu.fr\/normandie\/etretat_76254\" rel=\"nofollow noopener\" target=\"_blank\">d\u2019\u00c9tretat (Seine-Maritime)<\/a> a \u00e9t\u00e9 <a href=\"https:\/\/actu.fr\/normandie\/etretat_76254\/explosion-et-violent-incendie-au-coeur-d-etretat-ce-que-l-on-sait-de-l-intervention-en-cours_62481241.html\" rel=\"nofollow noopener\" target=\"_blank\">secou\u00e9e par un \u00e9v\u00e9nement d\u2019ampleur<\/a>, qui a mobilis\u00e9 de nombreux moyens de secours. <strong>Bless\u00e9s, recherches sous les d\u00e9combres, impact\u2026<\/strong> On fait le point en fin de journ\u00e9e sur le sinistre <a href=\"https:\/\/actu.fr\/normandie\/etretat_76254\/et-si-c-etait-arrive-en-pleine-saison-apres-l-explosion-a-etretat-le-maire-emu_62483542.html\" rel=\"nofollow noopener\" target=\"_blank\">qui a fortement \u00e9mu le maire<\/a>.<\/p>\n<p>Que s\u2019est-il pass\u00e9 \u00e0 \u00c9tretat ce mardi ?<\/p>\n<p class=\" wall-content\">Vers 11 heures ce mardi matin, une explosion est survenue <strong>au niveau d\u2019une maison de la rue Notre-Dame<\/strong>, dans le c\u0153ur de la cit\u00e9 littorale. Selon le maire Andr\u00e9 Baillard, \u00ab\u00a0un ouvrier [pourrait] avoir touch\u00e9 une conduite de gaz\u00a0\u00bb sur un chantier en per\u00e7ant le mur, provoquant l\u2019explosion.<\/p>\n<p class=\" wall-content\"><strong>Un incendie s\u2019est ensuite d\u00e9clench\u00e9<\/strong>, se propageant aux deux habitations contigues et la maison s\u2019est effondr\u00e9e. Au plus fort de l\u2019intervention, <strong>une centaine de pompiers<\/strong> <strong>et une trentaine de gendarmes<\/strong> \u00e9taient mobilis\u00e9es pour ma\u00eetriser le sinistre.<\/p>\n<p>Y a-t-il des bless\u00e9s dans l\u2019explosion ?<\/p>\n<p class=\" wall-content\">\u00c0 l\u2019heure o\u00f9 nous \u00e9crivons ces lignes, le bilan des secours fait \u00e9tat de cinq victimes directement impliqu\u00e9es, dont la propri\u00e9taire de la maison <strong>l\u00e9g\u00e8rement br\u00fbl\u00e9e<\/strong> et transport\u00e9e \u00e0 l\u2019h\u00f4pital de F\u00e9camp, ainsi que l\u2019ouvrier qui travaillait sur le chantier.<\/p>\n<p class=\" wall-content\">Toutefois, les sapeurs-pompiers n\u2019\u00e9cartaient pas la possibilit\u00e9 qu\u2019une ou des victimes se trouvent sous les d\u00e9combres. U<strong>ne voiture a notamment \u00e9t\u00e9 ensevelie<\/strong> par la chute du pan de mur. \u00ab\u00a0Il se trouve qu\u2019il y a beaucoup de g\u00eetes qui n\u2019\u00e9taient pas occup\u00e9s autour de la maison\u00a0\u00bb, pr\u00e9cise la sous-pr\u00e9f\u00e8te Elsa P\u00e9pin.\u00a0<\/p>\n<p>Une victime sous les d\u00e9combres ?<\/p>\n<p class=\" wall-content\">Selon le dernier bilan de la pr\u00e9fecture, \u00e0 la mi-journ\u00e9e, <strong>aucune personne n\u2019avait \u00e9t\u00e9 d\u00e9clar\u00e9e disparue<\/strong>.<\/p>\n<p class=\" wall-content\">L\u2019extinction du feu a demand\u00e9 du temps. Les recherches ont pu d\u00e9marrer en fin d\u2019apr\u00e8s-midi, vers 16h, l\u2019incendie \u00e9tait ma\u00eetris\u00e9 et il ne restait que des foyers r\u00e9siduels.<\/p>\n<p class=\" wall-content\"><strong>Des reconnaissances ont pu \u00eatre effectu\u00e9es<\/strong> par l\u2019\u00e9quipe cynophile. \u00ab\u00a0Ces op\u00e9rations ont permis de s\u2019assurer qu\u2019il n\u2019y avait <strong>pas d\u2019autres victimes<\/strong> sous les d\u00e9combres\u00a0\u00bb, indique la pr\u00e9fecture dans son dernier communiqu\u00e9.\u00a0<\/p>\n<p class=\" wall-content\">L\u2019op\u00e9ration de d\u00e9blai qui d\u00e9bute va \u00eatre compliqu\u00e9e par le risque d\u2019effondrement.\u00a0<\/p>\n<p>Quel impact ?<\/p>\n<p class=\" wall-content\">Une \u00e9vacuation et une reconnaissance dans les b\u00e2timents alentours s\u2019est av\u00e9r\u00e9e n\u00e9cessaire. <strong>114 foyers ont ainsi \u00e9taient vid\u00e9s<\/strong> de leurs habitants. Un gymnase a \u00e9t\u00e9 ouvert pour les accueillir.<\/p>\n<p class=\" wall-content\">Environ 460 foyers sont encore<strong> coup\u00e9s de gaz et d\u2019\u00e9lectricit\u00e9<\/strong>, ainsi que de nombreux commerces dans le centre-ville du village tr\u00e8s touristique. Le gaz sera r\u00e9tabli seulement dans quelques jours.\u00a0<\/p>\n<p>Et apr\u00e8s ?<\/p>\n<p class=\" wall-content\"><strong>Une enqu\u00eate a \u00e9t\u00e9 ouverte<\/strong> par le parquet du Havre, \u00ab\u00a0pour blessures involontaires\u00a0\u00bb afin de d\u00e9terminer les circonstances pr\u00e9cises de l\u2019accident.\u00a0<\/p>\n<p class=\" wall-content\">Gendarmes, pompiers, personnels municipaux, GRDF, la protection civile et de nombreuses personnes restent mobilis\u00e9es.<\/p>\n<p>Suivez l\u2019actualit\u00e9 du Havre sur<a href=\"https:\/\/www.whatsapp.com\/channel\/0029VaFqJYE8aKvLBwVrEe0o\" rel=\"nofollow noopener\" target=\"_blank\"> notre cha\u00eene WhatsApp<\/a> et sur <a href=\"https:\/\/www.tiktok.com\/@76actu.fr?lang=fr\" rel=\"nofollow noopener\" target=\"_blank\">notre compte TikTok<\/a><\/p>\n<p class=\" wall-content\">Suivez toute l\u2019actualit\u00e9 de vos villes et m\u00e9dias favoris en vous inscrivant \u00e0 <a href=\"https:\/\/moncompte.actu.fr\" title=\"D\u00e9couvez Mon Actu\" rel=\"nofollow noopener\" data-trk=\"{&quot;cta&quot;:{&quot;action&quot;:&quot;https:\\\/\\\/moncompte.actu.fr&quot;,&quot;category&quot;:&quot;mon compte&quot;,&quot;from&quot;:&quot;article footer&quot;,&quot;name&quot;:&quot;Mon actu&quot;,&quot;type&quot;:&quot;cta&quot;}}\" target=\"_blank\">Mon Actu<\/a>.<\/p>\n<p>                    <script async src=\"\/\/www.tiktok.com\/embed.js\"><\/script><\/p>\n","protected":false},"excerpt":{"rendered":"Par Julien Bouteiller Publi\u00e9 le 8 avr. 2025 \u00e0 17h37 Explosion, incendie\u2026 Ce mardi 8 avril 2025, la&hellip;\n","protected":false},"author":2,"featured_media":13510,"comment_status":"","ping_status":"","sticky":false,"template":"","format":"standard","meta":{"footnotes":""},"categories":[4],"tags":[11,118,1011,27,1310,12,1311,25,602],"class_list":{"0":"post-13509","1":"post","2":"type-post","3":"status-publish","4":"format-standard","5":"has-post-thumbnail","7":"category-france","8":"tag-actualites","9":"tag-faits-divers","10":"tag-fr","11":"tag-france","12":"tag-incendie","13":"tag-news","14":"tag-pompiers","15":"tag-republique-francaise","16":"tag-tourisme"},"share_on_mastodon":{"url":"https:\/\/pubeurope.com\/@fr\/114309940086019817","error":""},"_links":{"self":[{"href":"https:\/\/www.europesays.com\/fr\/wp-json\/wp\/v2\/posts\/13509","targetHints":{"allow":["GET"]}}],"collection":[{"href":"https:\/\/www.europesays.com\/fr\/wp-json\/wp\/v2\/posts"}],"about":[{"href":"https:\/\/www.europesays.com\/fr\/wp-json\/wp\/v2\/types\/post"}],"author":[{"embeddable":true,"href":"https:\/\/www.europesays.com\/fr\/wp-json\/wp\/v2\/users\/2"}],"replies":[{"embeddable":true,"href":"https:\/\/www.europesays.com\/fr\/wp-json\/wp\/v2\/comments?post=13509"}],"version-history":[{"count":0,"href":"https:\/\/www.europesays.com\/fr\/wp-json\/wp\/v2\/posts\/13509\/revisions"}],"wp:featuredmedia":[{"embeddable":true,"href":"https:\/\/www.europesays.com\/fr\/wp-json\/wp\/v2\/media\/13510"}],"wp:attachment":[{"href":"https:\/\/www.europesays.com\/fr\/wp-json\/wp\/v2\/media?parent=13509"}],"wp:term":[{"taxonomy":"category","embeddable":true,"href":"https:\/\/www.europesays.com\/fr\/wp-json\/wp\/v2\/categories?post=13509"},{"taxonomy":"post_tag","embeddable":true,"href":"https:\/\/www.europesays.com\/fr\/wp-json\/wp\/v2\/tags?post=13509"}],"curies":[{"name":"wp","href":"https:\/\/api.w.org\/{rel}","templated":true}]}}