{"id":135091,"date":"2025-05-28T19:43:14","date_gmt":"2025-05-28T19:43:14","guid":{"rendered":"https:\/\/www.europesays.com\/fr\/135091\/"},"modified":"2025-05-28T19:43:14","modified_gmt":"2025-05-28T19:43:14","slug":"le-chene-emblematique-de-la-dalle-du-gros-chene-a-maurepas-va-etre-deracine","status":"publish","type":"post","link":"https:\/\/www.europesays.com\/fr\/135091\/","title":{"rendered":"le ch\u00eane embl\u00e9matique de la dalle du Gros-Ch\u00eane \u00e0 Maurepas va \u00eatre d\u00e9racin\u00e9"},"content":{"rendered":"<p>            Par<br \/>\n        <strong><br \/>\n            <a href=\"https:\/\/actu.fr\/auteur\/lou-batteux\" title=\"Consulter tous les articles de Lou Batteux\" target=\"_blank\" rel=\"noopener\">Lou Batteux<\/a><br \/>\n        <\/strong><\/p>\n<p>        Publi\u00e9 le<\/p>\n<p>            28 mai 2025 \u00e0 19h20        <\/p>\n<p>Les <a href=\"https:\/\/actu.fr\/bretagne\/rennes_35238\/en-images-le-quartier-maurepas-completement-transforme-en-2027-voici-a-quoi-il-ressemblera_62638413.html\" target=\"_blank\" rel=\"noopener\">travaux sur la dalle du Gros-Ch\u00eane, dans le quartier de Maurepas, \u00e0 Rennes<\/a>, ont d\u00e9marr\u00e9 en <strong>2024<\/strong> avec le d\u00e9placement de la pharmacie sur l\u2019avenue Patton. Cette redynamisation du secteur, souhait\u00e9e par la Ville de Rennes, implique <strong>une d\u00e9molition et une restructuration compl\u00e8te de la dalle<\/strong>. Mais alors, que va-t-il se passer pour <strong>le ch\u00eane qui se trouve en plein milieu<\/strong> de celle-ci\u2009?<\/p>\n<p class=\" wall-content\">Plant\u00e9 dans les <strong>ann\u00e9es 1990<\/strong>, au moment de l\u2019inauguration du centre commercial, l\u2019unique gros ch\u00eane embl\u00e9matique de cette place du m\u00eame nom <strong>va devoir \u00eatre retir\u00e9<\/strong>.<\/p>\n<p>\u00ab\u2009Il n\u2019y avait pas d\u2019autres solutions possibles\u2009\u00bb<\/p>\n<p class=\" wall-content\">Julien Bailleul, ma\u00eetre d\u2019\u0153uvre et chef de projet au sein de l\u2019agence d\u2019am\u00e9nagement Territoires Rennes, explique que le ch\u00eane ne peut pas \u00eatre conserv\u00e9.<\/p>\n<p class=\" wall-content\">En effet, la dalle, qui va \u00eatre d\u00e9truite, sera remplac\u00e9e par <strong>une zone en pente<\/strong>, pour des raisons d\u2019accessibilit\u00e9. <strong>Le remblayage de celle-ci sera donc r\u00e9alis\u00e9 au niveau du tronc de l\u2019arbre et de ses racines<\/strong>, ce qui risquerait de le d\u00e9t\u00e9riorer.<\/p>\n<p class=\" wall-content\">Bien qu\u2019il ait \u00e9t\u00e9 envisag\u00e9 de <strong>d\u00e9placer le ch\u00eane<\/strong>, \u00ab\u2009ce proc\u00e9d\u00e9 est tr\u00e8s co\u00fbteux et <strong>il y a peu de chances que l\u2019arbre survive<\/strong>\u2009\u00bb, indique Julien Bailleul.<\/p>\n<p>30 arbres en remplacement<\/p>\n<p class=\" wall-content\">Ce dernier indique qu\u2019<strong>une trentaine d\u2019autres arbres vont \u00eatre replant\u00e9s<\/strong> dans le secteur, dont une majorit\u00e9 de <strong>jeunes ch\u00eanes\u2009:<\/strong> \u00ab\u2009sinon, on ne pourrait plus l\u2019appeler la place du Gros-Ch\u00eane\u2009\u00bb.<\/p>\n<p class=\" wall-content\">Lors de l\u2019<strong>\u00e9v\u00e8nement festif Place \u00e0 facettes<\/strong>, qui a eu lieu sur la dalle du Gros-Ch\u00eane en novembre\u00a02024, avant le d\u00e9but des travaux, <strong>de jeunes pousses ont \u00e9t\u00e9 recueillies par des enfants<\/strong> du quartier au pied du ch\u00eane. Elles ont ensuite \u00e9t\u00e9 <strong>mises en p\u00e9pini\u00e8re<\/strong>, au sein de la direction des jardins et de la biodiversit\u00e9 de Rennes, pour garantir leur croissance.<\/p>\n<p>Des d\u00e9bris naturels r\u00e9utilis\u00e9s<\/p>\n<p>Le gros tronc de ce ch\u00eane va \u00eatre r\u00e9cup\u00e9r\u00e9 pour fabriquer du mobilier urbain. Ce proc\u00e9d\u00e9 de r\u00e9utilisation a d\u00e9j\u00e0 \u00e9t\u00e9 effectu\u00e9 aux Gayeulles, o\u00f9 un ancien arbre mourant sert aujourd\u2019hui au sein d\u2019une aire de jeux inclusive.<\/p>\n<p>\u00ab\u2009Un dommage collat\u00e9ral\u2009\u00bb<\/p>\n<p class=\" wall-content\"><strong>\u00ab\u2009C\u2019est une totale aberration\u2009\u00bb,<\/strong> s\u2019indigne Pascal Branchu, pr\u00e9sident de l\u2019association <strong>La Nature en Ville<\/strong> qui milite pour la protection de la nature et la pr\u00e9servation de la biodiversit\u00e9 \u00e0 Rennes.<\/p>\n<p class=\" wall-content\">Le militant, qui n\u2019a \u00ab\u2009pas \u00e9t\u00e9 consult\u00e9 ni m\u00eame pr\u00e9venu\u2009\u00bb du projet, explique que <strong>ce ch\u00eane en pleine terre est pourtant en tr\u00e8s bonne sant\u00e9 :<\/strong> \u00ab\u00a0C\u2019est le seul vestige v\u00e9g\u00e9tal dans le coin.\u00a0\u00bb Qui plus est, \u00ab\u00a0<strong>cet arbre est bon pour l\u2019\u00e9cologie<\/strong>, car il capte les particules de CO2 dans le secteur et repr\u00e9sente \u00ab\u2009un climatiseur sur pied naturel\u00a0\u00bb, abonde Pascal.<\/p>\n<p class=\" wall-content\">Mais par-dessus tout, le pr\u00e9sident de l\u2019association souligne que le ch\u00eane abrite <strong>un nid de merles<\/strong> et qu\u2019<strong>en pleine p\u00e9riode de nidification<\/strong>, comme c\u2019est le cas en \u00e9t\u00e9,<strong> il est interdit d\u2019abattre les arbres concern\u00e9s,<\/strong> selon l\u2019Union internationale pour la conservation de la nature (IUCN).<\/p>\n<p>\u00ab\u2009Une h\u00e9r\u00e9sie\u2009\u00bb pour les militants \u00e9cologiques rennais<\/p>\n<p class=\" wall-content\">Pascal Branchu d\u00e9nonce \u00ab\u2009l\u2019engagement municipal de la Ville de Rennes\u2009\u00bb consistant \u00e0 <strong>planter plus de 30\u2009000 arbres durant le mandat<\/strong> de Nathalie App\u00e9r\u00e9. En effet, il explique que <strong>les jeunes arbres replant\u00e9s n\u2019\u00e9quivalent pas \u00e0 ceux plus \u00e2g\u00e9s qui sont enlev\u00e9s<\/strong>.<\/p>\n<p class=\" wall-content\">Cette situation, il y a d\u00e9j\u00e0 \u00e9t\u00e9 \u00ab\u00a0confront\u00e9 dans le quartier du Bois-Perrin\u00a0\u00bb, o\u00f9 <strong>plusieurs ch\u00eanes bicentenaires ont \u00e9t\u00e9 coup\u00e9s<\/strong> pour faire place \u00e0 des habitations.<\/p>\n<p class=\" wall-content\">Pour Pascal Branchu, les ma\u00eetres d\u2019\u0153uvre auraient d\u00fb <strong>\u00ab\u2009adapter leur plan au vivant d\u00e9j\u00e0 pr\u00e9sent sur place\u2009\u00bb<\/strong>.<\/p>\n<p class=\" wall-content\">Suivez toute l\u2019actualit\u00e9 de vos villes et m\u00e9dias favoris en vous inscrivant \u00e0 <a href=\"https:\/\/moncompte.actu.fr\" title=\"D\u00e9couvez Mon Actu\" rel=\"nofollow noopener\" data-trk=\"{&quot;cta&quot;:{&quot;action&quot;:&quot;https:\\\/\\\/moncompte.actu.fr&quot;,&quot;category&quot;:&quot;mon compte&quot;,&quot;from&quot;:&quot;article footer&quot;,&quot;name&quot;:&quot;Mon actu&quot;,&quot;type&quot;:&quot;cta&quot;}}\" target=\"_blank\">Mon Actu<\/a>.<\/p>\n<ul class=\"ac-article-tag wall-content\">\n<li><a href=\"https:\/\/actu.fr\/tag\/environnement\" data-trk=\"{&quot;cta&quot;:{&quot;action&quot;:&quot;Environnement&quot;,&quot;category&quot;:&quot;tag&quot;,&quot;from&quot;:&quot;article footer&quot;,&quot;name&quot;:&quot;Environnement&quot;,&quot;type&quot;:&quot;cta&quot;}}\" target=\"_blank\" rel=\"noopener\">#Environnement<\/a><\/li>\n<li><a href=\"https:\/\/actu.fr\/tag\/renovation-urbaine\" data-trk=\"{&quot;cta&quot;:{&quot;action&quot;:&quot;R\\u00e9novation urbaine&quot;,&quot;category&quot;:&quot;tag&quot;,&quot;from&quot;:&quot;article footer&quot;,&quot;name&quot;:&quot;R\\u00e9novation urbaine&quot;,&quot;type&quot;:&quot;cta&quot;}}\" target=\"_blank\" rel=\"noopener\">#R\u00e9novation urbaine<\/a><\/li>\n<\/ul>\n","protected":false},"excerpt":{"rendered":"Par Lou Batteux Publi\u00e9 le 28 mai 2025 \u00e0 19h20 Les travaux sur la dalle du Gros-Ch\u00eane, dans&hellip;\n","protected":false},"author":2,"featured_media":135092,"comment_status":"","ping_status":"","sticky":false,"template":"","format":"standard","meta":{"footnotes":""},"categories":[2821],"tags":[1111,11,829,436,1777,674,1011,27,12,584,5765,25,104],"class_list":{"0":"post-135091","1":"post","2":"type-post","3":"status-publish","4":"format-standard","5":"has-post-thumbnail","7":"category-rennes","8":"tag-actu","9":"tag-actualites","10":"tag-bretagne","11":"tag-environnement","12":"tag-eu","13":"tag-europe","14":"tag-fr","15":"tag-france","16":"tag-news","17":"tag-rennes","18":"tag-renovation-urbaine","19":"tag-republique-francaise","20":"tag-societe"},"share_on_mastodon":{"url":"https:\/\/pubeurope.com\/@fr\/114587173181654056","error":""},"_links":{"self":[{"href":"https:\/\/www.europesays.com\/fr\/wp-json\/wp\/v2\/posts\/135091","targetHints":{"allow":["GET"]}}],"collection":[{"href":"https:\/\/www.europesays.com\/fr\/wp-json\/wp\/v2\/posts"}],"about":[{"href":"https:\/\/www.europesays.com\/fr\/wp-json\/wp\/v2\/types\/post"}],"author":[{"embeddable":true,"href":"https:\/\/www.europesays.com\/fr\/wp-json\/wp\/v2\/users\/2"}],"replies":[{"embeddable":true,"href":"https:\/\/www.europesays.com\/fr\/wp-json\/wp\/v2\/comments?post=135091"}],"version-history":[{"count":0,"href":"https:\/\/www.europesays.com\/fr\/wp-json\/wp\/v2\/posts\/135091\/revisions"}],"wp:featuredmedia":[{"embeddable":true,"href":"https:\/\/www.europesays.com\/fr\/wp-json\/wp\/v2\/media\/135092"}],"wp:attachment":[{"href":"https:\/\/www.europesays.com\/fr\/wp-json\/wp\/v2\/media?parent=135091"}],"wp:term":[{"taxonomy":"category","embeddable":true,"href":"https:\/\/www.europesays.com\/fr\/wp-json\/wp\/v2\/categories?post=135091"},{"taxonomy":"post_tag","embeddable":true,"href":"https:\/\/www.europesays.com\/fr\/wp-json\/wp\/v2\/tags?post=135091"}],"curies":[{"name":"wp","href":"https:\/\/api.w.org\/{rel}","templated":true}]}}