{"id":135099,"date":"2025-05-28T19:47:12","date_gmt":"2025-05-28T19:47:12","guid":{"rendered":"https:\/\/www.europesays.com\/fr\/135099\/"},"modified":"2025-05-28T19:47:12","modified_gmt":"2025-05-28T19:47:12","slug":"le-parquet-de-nice-demande-un-proces-pour-viol-contre-wissam-ben-yedder-france","status":"publish","type":"post","link":"https:\/\/www.europesays.com\/fr\/135099\/","title":{"rendered":"Le parquet de Nice demande un proc\u00e8s pour viol contre Wissam Ben Yedder &#8211; France"},"content":{"rendered":"<p>Ce mercredi, le parquet de Nice<strong> a r\u00e9clam\u00e9 un proc\u00e8s pour viol contre Wissam Ben Yedder,<\/strong> <a target=\"_blank\" href=\"https:\/\/www.lequipe.fr\/Football\/Actualites\/Le-parquet-reclame-un-proces-pour-viol-contre-wissam-ben-yedder\/1565645\" rel=\"nofollow noopener\">selon les informations de<\/a> L\u2019\u00c9quipe.\u00a0Comme son fr\u00e8re Sabri, <a target=\"_blank\" href=\"https:\/\/www.sofoot.com\/breves\/wissam-ben-yedder-a-signe-un-contrat-dans-un-club-iranien\" rel=\"nofollow noopener\">le footballeur qui a sign\u00e9 en Iran en avril<\/a> avait \u00e9t\u00e9 mis en examen pour viol lors de l\u2019\u00e9t\u00e9 2023 apr\u00e8s une plainte d\u00e9pos\u00e9e par deux femmes. Une plaignante avait d\u00e9clar\u00e9 que l\u2019ancien joueur de Toulouse avait abus\u00e9 d\u2019elle, dans un Airbnb lou\u00e9 par l\u2019ancien Mon\u00e9gasque. L\u2019enqu\u00eate avait cependant \u00e9t\u00e9 cl\u00f4tur\u00e9e en mars apr\u00e8s plus d\u2019un an et demi d\u2019investigation.<\/p>\n<p>Le dossier dans les mains du juge d\u2019instruction<\/p>\n<p>Le parquet de Nice <strong>attend \u00e0 pr\u00e9sent la d\u00e9cision du juge d\u2019instruction<\/strong> qui d\u00e9cidera ou pas de renvoyer l\u2019ancien buteur de l\u2019\u00e9quipe de France devant les assises. Ce n\u2019est pas la premi\u00e8re fois que le Fran\u00e7ais est confront\u00e9 \u00e0 la justice. En octobre dernier, le joueur avait d\u00e9j\u00e0 \u00e9t\u00e9 condamn\u00e9 \u00e0 deux ans de prison avec sursis pour agression sexuelle. Il y a une semaine, <a target=\"_blank\" href=\"https:\/\/www.sofoot.com\/breves\/huit-mois-de-prison-avec-sursis-requis-contre-wissam-ben-yedder-accuse-de-violences-psychologiques\" rel=\"nofollow noopener\">il avait \u00e9galement \u00e9cop\u00e9 de huit mois de prison avec sursis pour violences psychologiques<\/a> \u00e0 l\u2019encontre de son ex-compagne.<\/p>\n<p>\t\t\t\t\t\t\t\t\t\t<a class=\"lien-connexe\" href=\"https:\/\/www.sofoot.com\/breves\/qui-sont-les-29-premiers-clubs-qualifies-pour-la-ligue-des-champions\" rel=\"nofollow noopener\" target=\"_blank\">Qui sont les 29 premiers qualifi\u00e9s pour la prochaine Ligue des champions\u202f?<\/a>\t\t\t\t\t<\/p>\n","protected":false},"excerpt":{"rendered":"Ce mercredi, le parquet de Nice a r\u00e9clam\u00e9 un proc\u00e8s pour viol contre Wissam Ben Yedder, selon les&hellip;\n","protected":false},"author":2,"featured_media":135100,"comment_status":"","ping_status":"","sticky":false,"template":"","format":"standard","meta":{"footnotes":""},"categories":[2819],"tags":[1111,47,11,61,69,65,64,1777,674,63,1011,27,68,66,12,62,2401,70,882,25,67],"class_list":{"0":"post-135099","1":"post","2":"type-post","3":"status-publish","4":"format-standard","5":"has-post-thumbnail","7":"category-nice","8":"tag-actu","9":"tag-actualite","10":"tag-actualites","11":"tag-actus-football","12":"tag-bundesliga","13":"tag-championnats-europeens","14":"tag-equipe-de-france","15":"tag-eu","16":"tag-europe","17":"tag-football","18":"tag-fr","19":"tag-france","20":"tag-ligua","21":"tag-ligue-1","22":"tag-news","23":"tag-news-foot","24":"tag-nice","25":"tag-premier-league","26":"tag-provence-alpes-cote-dazur","27":"tag-republique-francaise","28":"tag-serie-a"},"share_on_mastodon":{"url":"https:\/\/pubeurope.com\/@fr\/114587189075727685","error":""},"_links":{"self":[{"href":"https:\/\/www.europesays.com\/fr\/wp-json\/wp\/v2\/posts\/135099","targetHints":{"allow":["GET"]}}],"collection":[{"href":"https:\/\/www.europesays.com\/fr\/wp-json\/wp\/v2\/posts"}],"about":[{"href":"https:\/\/www.europesays.com\/fr\/wp-json\/wp\/v2\/types\/post"}],"author":[{"embeddable":true,"href":"https:\/\/www.europesays.com\/fr\/wp-json\/wp\/v2\/users\/2"}],"replies":[{"embeddable":true,"href":"https:\/\/www.europesays.com\/fr\/wp-json\/wp\/v2\/comments?post=135099"}],"version-history":[{"count":0,"href":"https:\/\/www.europesays.com\/fr\/wp-json\/wp\/v2\/posts\/135099\/revisions"}],"wp:featuredmedia":[{"embeddable":true,"href":"https:\/\/www.europesays.com\/fr\/wp-json\/wp\/v2\/media\/135100"}],"wp:attachment":[{"href":"https:\/\/www.europesays.com\/fr\/wp-json\/wp\/v2\/media?parent=135099"}],"wp:term":[{"taxonomy":"category","embeddable":true,"href":"https:\/\/www.europesays.com\/fr\/wp-json\/wp\/v2\/categories?post=135099"},{"taxonomy":"post_tag","embeddable":true,"href":"https:\/\/www.europesays.com\/fr\/wp-json\/wp\/v2\/tags?post=135099"}],"curies":[{"name":"wp","href":"https:\/\/api.w.org\/{rel}","templated":true}]}}