{"id":135101,"date":"2025-05-28T19:48:21","date_gmt":"2025-05-28T19:48:21","guid":{"rendered":"https:\/\/www.europesays.com\/fr\/135101\/"},"modified":"2025-05-28T19:48:21","modified_gmt":"2025-05-28T19:48:21","slug":"quiz-tourisme-et-sorties-connaissez-vous-ces-sites-en-loire-atlantique","status":"publish","type":"post","link":"https:\/\/www.europesays.com\/fr\/135101\/","title":{"rendered":"QUIZ. Tourisme et sorties\u00a0: connaissez-vous ces sites en Loire-Atlantique\u00a0?"},"content":{"rendered":"<p>C\u2019est le moment de sonder vos connaissances de la Loire-Atlantique. Et si vous ne connaissez pas grand-chose tant mieux. Ce quiz va vous donner quelques adresses pour vous distraire ce long week-end de l\u2019Ascension, peu importe la m\u00e9t\u00e9o. Alors pas de panique\u00a0: si vous r\u00e9pondez faux \u00e0 une ou toutes les questions, vous gagnerez une ou des id\u00e9es que, peut-\u00eatre vous n\u2019auriez, pas eues.<\/p>\n<p><a href=\"https:\/\/nantes.maville.com\/actu\/actudet_-meteo.-quel-temps-fera-t-il-en-ce-pont-de-l-ascension-en-loire-atlantique-_8-6827270_actu.Htm\" target=\"_blank\" rel=\"nofollow noopener\"> <strong>LIRE AUSSI.<\/strong>\u00a0M\u00e9t\u00e9o. Quelle sera la journ\u00e9e la plus chaude du week-end de l\u2019Ascension en Loire-Atlantique\u00a0?<\/a><\/p>\n<p>Notre quiz\u00a0:<\/p>\n<p><a href=\"https:\/\/nantes.maville.com\/actu\/actudet_-carte.-pont-de-l-ascension-circulation-difficile-ce-mercredi-sur-les-routes-de-loire-atlantique-_8-6827158_actu.Htm\" target=\"_blank\" rel=\"nofollow noopener\"> <strong>LIRE AUSSI. <\/strong>Pont de l\u2019Ascension. Circulation difficile et journ\u00e9e noire\u00a0: \u00e0 quoi s\u2019attendre en Loire-Atlantique\u00a0?<\/a><\/p>\n<p>Contacts des sites cit\u00e9s\u00a0:<\/p>\n<p>?? SENSAS Nantes\u00a0: <a href=\"https:\/\/nantes.sensas.top\/reservation\/\" target=\"_blank\" rel=\"nofollow noopener\">Vivez une exp\u00e9rience sensorielle unique \u00e0 Nantes<\/a>.<\/p>\n<p>?? Lac de Grand Lieu\u00a0: <a href=\"https:\/\/www.maisondulacdegrandlieu.org\/\" target=\"_blank\" rel=\"nofollow noopener\">La Maison du lac de Grand-Lieu<\/a>.<\/p>\n<p>?? AIRFLY\u00a0: <a href=\"https:\/\/lesporting.com\/activites\/airfly\/\" target=\"_blank\" rel=\"nofollow noopener\">Le Sporting de Nantes<\/a>.<\/p>\n<p>?? Comit\u00e9 r\u00e9gional de tourisme \u00e9questre Pays de la Loire\u00a0: <a href=\"https:\/\/crte-paysdelaloire.com\/\" target=\"_blank\" rel=\"nofollow noopener\">Le cheval naturellement<\/a>.<\/p>\n<p>?? La Baule, Presqu\u2019\u00eele de Gu\u00e9rande tourisme\u00a0: <a href=\"https:\/\/www.labaule-guerande.com\/visite-parc-des-dryades-la-baule.html\" target=\"_blank\" rel=\"nofollow noopener\">Parc des Dryades<\/a>.<\/p>\n<p>?? Saint-Philbert-de-Grand-Lieu\u00a0: <a href=\"https:\/\/www.abbatialedeas.fr\/\" target=\"_blank\" rel=\"nofollow noopener\">Site de l\u2019abbatiale-D\u00e9as<\/a>.<\/p>\n<p>?? Tourisme Erdre Canal For\u00eat\u00a0: <a href=\"https:\/\/www.erdrecanalforet.fr\/fr\/\" target=\"_blank\" rel=\"nofollow noopener\">Canal de Nantes \u00e0 Brest \u00e0 v\u00e9lo<\/a>.<\/p>\n<p>?? Prison Island\u00a0: <a href=\"https:\/\/prisonisland-nantes.fr\/\" target=\"_blank\" rel=\"nofollow noopener\">24\u00a0\u00e9preuves en \u00e9quipe, relevez le challenge<\/a>.<\/p>\n<p>?? Le ch\u00e2teau des ducs de Bretagne\u00a0: <a href=\"https:\/\/www.chateaunantes.fr\/\" target=\"_blank\" rel=\"nofollow noopener\">Le mus\u00e9e d\u2019histoire de Nantes<\/a>.<\/p>\n<p>?? Bonus. Explorez <a href=\"https:\/\/www.lesmachines-nantes.fr\/\" target=\"_blank\" rel=\"nofollow noopener\">Les Machines de l\u2019\u00eele<\/a> \u00e0 Nantes, un lieu qui offre une perspective diff\u00e9rente sur l\u2019art industriel et le r\u00e9cit r\u00e9gional.<\/p>\n<p>\u00a0<\/p>\n","protected":false},"excerpt":{"rendered":"C\u2019est le moment de sonder vos connaissances de la Loire-Atlantique. Et si vous ne connaissez pas grand-chose tant&hellip;\n","protected":false},"author":2,"featured_media":135102,"comment_status":"","ping_status":"","sticky":false,"template":"","format":"standard","meta":{"footnotes":""},"categories":[2818],"tags":[1111,11,26094,1777,674,1011,27,3047,766,12,2636,7767,25,13899,1669,602],"class_list":{"0":"post-135101","1":"post","2":"type-post","3":"status-publish","4":"format-standard","5":"has-post-thumbnail","7":"category-nantes","8":"tag-actu","9":"tag-actualites","10":"tag-connaissez-vous","11":"tag-eu","12":"tag-europe","13":"tag-fr","14":"tag-france","15":"tag-loire-atlantique","16":"tag-nantes","17":"tag-news","18":"tag-pays-de-la-loire","19":"tag-quiz","20":"tag-republique-francaise","21":"tag-sites","22":"tag-sorties","23":"tag-tourisme"},"share_on_mastodon":{"url":"https:\/\/pubeurope.com\/@fr\/114587192740372346","error":""},"_links":{"self":[{"href":"https:\/\/www.europesays.com\/fr\/wp-json\/wp\/v2\/posts\/135101","targetHints":{"allow":["GET"]}}],"collection":[{"href":"https:\/\/www.europesays.com\/fr\/wp-json\/wp\/v2\/posts"}],"about":[{"href":"https:\/\/www.europesays.com\/fr\/wp-json\/wp\/v2\/types\/post"}],"author":[{"embeddable":true,"href":"https:\/\/www.europesays.com\/fr\/wp-json\/wp\/v2\/users\/2"}],"replies":[{"embeddable":true,"href":"https:\/\/www.europesays.com\/fr\/wp-json\/wp\/v2\/comments?post=135101"}],"version-history":[{"count":0,"href":"https:\/\/www.europesays.com\/fr\/wp-json\/wp\/v2\/posts\/135101\/revisions"}],"wp:featuredmedia":[{"embeddable":true,"href":"https:\/\/www.europesays.com\/fr\/wp-json\/wp\/v2\/media\/135102"}],"wp:attachment":[{"href":"https:\/\/www.europesays.com\/fr\/wp-json\/wp\/v2\/media?parent=135101"}],"wp:term":[{"taxonomy":"category","embeddable":true,"href":"https:\/\/www.europesays.com\/fr\/wp-json\/wp\/v2\/categories?post=135101"},{"taxonomy":"post_tag","embeddable":true,"href":"https:\/\/www.europesays.com\/fr\/wp-json\/wp\/v2\/tags?post=135101"}],"curies":[{"name":"wp","href":"https:\/\/api.w.org\/{rel}","templated":true}]}}