{"id":135113,"date":"2025-05-28T19:54:10","date_gmt":"2025-05-28T19:54:10","guid":{"rendered":"https:\/\/www.europesays.com\/fr\/135113\/"},"modified":"2025-05-28T19:54:10","modified_gmt":"2025-05-28T19:54:10","slug":"mercredi-04-juin-2025-concert-inedit-et-gratuit-de-ridsa-a-westfield-euralille","status":"publish","type":"post","link":"https:\/\/www.europesays.com\/fr\/135113\/","title":{"rendered":"Mercredi 04 juin 2025, concert in\u00e9dit et gratuit de RIDSA \u00e0 Westfield Euralille"},"content":{"rendered":"<p style=\"text-align: justify;\">Le <strong>mercredi 04 juin 2025,<\/strong> <strong>\u00e0 partir de 14h30, Westfield Euralille<\/strong> aura le plaisir d\u2019accueillir <strong>Ridsa<\/strong> pour un <strong>\u00e9v\u00e9nement musical in\u00e9dit, <\/strong>\u00e0 l\u2019occasion de la <strong>sortie de son nouvel album :<\/strong> <strong>Verano.<\/strong><strong> Un concert gratuit, <\/strong>aux <strong>places limit\u00e9es <\/strong>se tiendra <strong>au c\u0153ur du centre,<\/strong> offrant au public l<strong>\u2019opportunit\u00e9 d\u2019assister \u00e0 une performance live exclusive.<\/strong> Pendant<strong> pr\u00e8s d\u2019une heure, l\u2019artiste interpr\u00e9tera ses nouveaux titres<\/strong> aux <strong>sonorit\u00e9s estivales,<\/strong> ainsi que les <strong>morceaux embl\u00e9matiques qui ont marqu\u00e9 sa carri\u00e8re.<\/strong><\/p>\n<p style=\"text-align: justify;\"><strong>\u00c0 l\u2019issue du concert,<\/strong> une<strong> s\u00e9ance de d\u00e9dicaces<\/strong> sera organis\u00e9e de <strong>15h30 \u00e0 16h30, r\u00e9serv\u00e9e aux 200 premiers membres pr\u00e9alablement inscrits via une plateforme d\u00e9di\u00e9e.<\/strong><\/p>\n<p style=\"text-align: justify;\"><strong>L\u2019inscription est gratuite<\/strong> et <strong>accessible aux membres du programme de fid\u00e9lit\u00e9 Westfield Club.<\/strong><\/p>\n<p style=\"text-align: justify;\"><strong>\u00c0 quelques jours du lancement de sa tourn\u00e9e nationale<\/strong> <strong>Verano Tour,<\/strong> cette date \u00e0 <strong>Westfield Euralille <\/strong>s\u2019annonce comme<strong> un rendez-vous incontournable pour les fans <\/strong>comme pour <strong>les visiteurs du centre.<\/strong><\/p>\n<p><strong>Infos pratiques<\/strong><br \/><strong><img loading=\"lazy\" decoding=\"async\" class=\"size-full wp-image-45 lazyloaded tie-appear\" src=\"https:\/\/www.europesays.com\/fr\/wp-content\/uploads\/2025\/04\/arrow.png\" alt=\"\" width=\"9\" height=\"9\" data-lazy-src=\"https:\/\/www.europesays.com\/fr\/wp-content\/uploads\/2025\/04\/arrow.png\"\/><\/strong> <strong>Westfield Euralille<\/strong><br \/>100, avenue Willy Brandt \u2013 Lille<\/p>\n<p><strong><img loading=\"lazy\" decoding=\"async\" class=\"size-full wp-image-45 lazyloaded tie-appear\" src=\"https:\/\/www.europesays.com\/fr\/wp-content\/uploads\/2025\/04\/arrow.png\" alt=\"\" width=\"9\" height=\"9\" data-lazy-src=\"https:\/\/www.europesays.com\/fr\/wp-content\/uploads\/2025\/04\/arrow.png\"\/> Jour : <\/strong>mercredi 04 juin 2025 de 14h30 \u00e0 15h30<\/p>\n<p><strong><img loading=\"lazy\" decoding=\"async\" class=\"size-full wp-image-45 lazyloaded tie-appear\" src=\"https:\/\/www.europesays.com\/fr\/wp-content\/uploads\/2025\/04\/arrow.png\" alt=\"\" width=\"9\" height=\"9\" data-lazy-src=\"https:\/\/www.europesays.com\/fr\/wp-content\/uploads\/2025\/04\/arrow.png\"\/> S\u00e9ance de d\u00e9dicace : <\/strong>15h30 \u00e0 16h30 pour les 200 premiers inscrits<\/p>\n<p><strong><b><img loading=\"lazy\" decoding=\"async\" width=\"9\" height=\"9\" data-lazy-src=\"https:\/\/www.europesays.com\/fr\/wp-content\/uploads\/2025\/04\/1743937991_452_arrow.png\" class=\"size-full wp-image-45 lazyloaded tie-appear\" src=\"https:\/\/www.europesays.com\/fr\/wp-content\/uploads\/2025\/04\/1743937991_452_arrow.png\" alt=\"\"\/><\/b><\/strong> <strong>Inscription gratuite &gt;&gt;&gt;<\/strong> <a href=\"https:\/\/experience.westfield.com\/music-tour-lpd-2gf7?_gl=1*1my4tly*_gcl_au*MTk3MDA1MzMyOC4xNzQxNzA1MDY5*_ga*MTIzNjA2MDU3Ni4xNzQxNzA1MDcy*_ga_NKCGS15MTF*czE3NDcwNTc3MjUkbzkkZzEkdDE3NDcwNTg2MjAkajAkbDAkaDE3NzE5MTM5MzY.*_fplc*dFZDWCUyQmZXeXdtMXY2UklBWDhyY3pldkdLMTNFb1p2dFZ0WDVITSUyQm0zaEdGajlieFlXRllwN1VFZDFvZ3daN2gzNGxxWXlJNnNPJTJCOFJMQnRKclNLS0lock5MRzQ2ekV2VVYwTG1HckdtWHFtTjY0ZVpQaUpPRGw1WVR0RnlnJTNEJTNE&amp;c=8287\" target=\"_blank\" rel=\"noreferrer noopener nofollow\">cliquez-ici !!!<\/a><\/p>\n<p class=\"has-text-align-right\">Source &amp; image : DR \u2013 \u00a9 Westfield Euralille<\/p>\n","protected":false},"excerpt":{"rendered":"Le mercredi 04 juin 2025, \u00e0 partir de 14h30, Westfield Euralille aura le plaisir d\u2019accueillir Ridsa pour un&hellip;\n","protected":false},"author":2,"featured_media":135114,"comment_status":"","ping_status":"","sticky":false,"template":"","format":"standard","meta":{"footnotes":""},"categories":[2815],"tags":[26095,1111,11,1697,1777,674,1011,27,326,811,1307,12,25,26096,26097,24206],"class_list":{"0":"post-135113","1":"post","2":"type-post","3":"status-publish","4":"format-standard","5":"has-post-thumbnail","7":"category-lille","8":"tag-04-juin-2025","9":"tag-actu","10":"tag-actualites","11":"tag-concert","12":"tag-eu","13":"tag-europe","14":"tag-fr","15":"tag-france","16":"tag-gratuit","17":"tag-hauts-de-france","18":"tag-lille","19":"tag-news","20":"tag-republique-francaise","21":"tag-ridsa","22":"tag-verano","23":"tag-westfield-euralille"},"share_on_mastodon":{"url":"https:\/\/pubeurope.com\/@fr\/114587216548225294","error":""},"_links":{"self":[{"href":"https:\/\/www.europesays.com\/fr\/wp-json\/wp\/v2\/posts\/135113","targetHints":{"allow":["GET"]}}],"collection":[{"href":"https:\/\/www.europesays.com\/fr\/wp-json\/wp\/v2\/posts"}],"about":[{"href":"https:\/\/www.europesays.com\/fr\/wp-json\/wp\/v2\/types\/post"}],"author":[{"embeddable":true,"href":"https:\/\/www.europesays.com\/fr\/wp-json\/wp\/v2\/users\/2"}],"replies":[{"embeddable":true,"href":"https:\/\/www.europesays.com\/fr\/wp-json\/wp\/v2\/comments?post=135113"}],"version-history":[{"count":0,"href":"https:\/\/www.europesays.com\/fr\/wp-json\/wp\/v2\/posts\/135113\/revisions"}],"wp:featuredmedia":[{"embeddable":true,"href":"https:\/\/www.europesays.com\/fr\/wp-json\/wp\/v2\/media\/135114"}],"wp:attachment":[{"href":"https:\/\/www.europesays.com\/fr\/wp-json\/wp\/v2\/media?parent=135113"}],"wp:term":[{"taxonomy":"category","embeddable":true,"href":"https:\/\/www.europesays.com\/fr\/wp-json\/wp\/v2\/categories?post=135113"},{"taxonomy":"post_tag","embeddable":true,"href":"https:\/\/www.europesays.com\/fr\/wp-json\/wp\/v2\/tags?post=135113"}],"curies":[{"name":"wp","href":"https:\/\/api.w.org\/{rel}","templated":true}]}}